{"id":66014,"date":"2018-06-14T15:02:52","date_gmt":"2018-06-14T14:02:52","guid":{"rendered":"http:\/\/2horizontes.com\/?p=66014"},"modified":"2018-06-14T15:02:52","modified_gmt":"2018-06-14T14:02:52","slug":"conmemoraran-natalicio-de-juan-bosch-en-comisionado-de-cultura","status":"publish","type":"post","link":"https:\/\/2horizontes.com\/?p=66014","title":{"rendered":"Conmemorar\u00e1n natalicio de Juan Bosch en Comisionado de Cultura"},"content":{"rendered":"<p>NUEVA YORK- La Fundaci\u00f3n Juan Bosch de Nueva York realizar\u00e1 un acto especial de conmemoraci\u00f3n por el 109a aniversario del natalicio del escritor y pol\u00edtico dominicano Profesor Juan Bosch, en el Comisionado Dominicano de Cultura en los Estados Unidos, entidad del Ministerio de Cultura de la Rep\u00fablica Dominicana.<\/p>\n<p>El evento es gratis, y se realizar\u00e1 el domingo, 24 de junio, a partir de las 4:00 p.m., en la sala de teatro Rafael Villalona del Comisionado, localizada en el 541 West de la calle 145, en Manhattan.<\/p>\n<p>La Fundaci\u00f3n Juan Bosch de Nueva York fue fundada en el a\u00f1o 2006, es presidida por<a href=\"http:\/\/almomento.net\/wp-content\/uploads\/2018\/06\/2aq.jpg\"><img loading=\"lazy\" decoding=\"async\" class=\"size-medium wp-image-422081 alignright\" src=\"http:\/\/almomento.net\/wp-content\/uploads\/2018\/06\/2aq-232x300.jpg\" sizes=\"auto, (max-width: 232px) 100vw, 232px\" srcset=\"http:\/\/almomento.net\/wp-content\/uploads\/2018\/06\/2aq-232x300.jpg 232w, http:\/\/almomento.net\/wp-content\/uploads\/2018\/06\/2aq-73x95.jpg 73w, http:\/\/almomento.net\/wp-content\/uploads\/2018\/06\/2aq-193x250.jpg 193w, http:\/\/almomento.net\/wp-content\/uploads\/2018\/06\/2aq.jpg 766w\" alt=\"\" width=\"232\" height=\"300\" \/><\/a>\u00a0Miguelina Concepci\u00f3n, quien adem\u00e1s es subcomisionada de Cultura, y tiene la misi\u00f3n de \u201cpreservar y divulgar el legado hist\u00f3rico que constituyen tanto la obra como la vida ejemplar del Profesor Juan Bosch, contribuyendo al mismo tiempo con el desarrollo de la cultura, los valores y las ideas democr\u00e1ticas y liberadoras, al servicio de la naci\u00f3n dominicana y de los pueblos de Am\u00e9rica\u201d.<\/p>\n<p>En el acto de conmemoraci\u00f3n se realizar\u00e1 un concierto con la orquesta de c\u00e1mara del Comisionado Dominicano de Cultura, bajo la direcci\u00f3n del maestro Miguel Andr\u00e9s Tejada. Adem\u00e1s, la participaci\u00f3n especial del arpista Jos\u00e9 Luis Rodr\u00edguez y el tenor \u00c1ngel Feliciano, y el debut de la cantante Tesoro Estrella.<\/p>\n<p>La Lic. Miguelina Concepci\u00f3n invit\u00f3 al p\u00fablico en general al evento, y revel\u00f3 que durante el mismo se realizar\u00e1 la entrega de becas a estudiantes de Hostos Community College.<\/p>\n<p>Para informaci\u00f3n, llamar al 212-234-8149, escribir a:\u00a0<a target=\"_blank\">musica@codocul.com<\/a>, o visite nuestro sitio web:\u00a0www.codocul.com. S\u00edganos en Twitter: @codocul1 \/ Facebook:\u00a0www.facebook.com\/comisionado. cultura\/, \/ Instagram:\u00a0www.instagram.com\/codocul\/<\/p>\n","protected":false},"excerpt":{"rendered":"<p>NUEVA YORK- La Fundaci\u00f3n Juan Bosch de Nueva York realizar\u00e1 un acto especial de conmemoraci\u00f3n por el 109a aniversario del natalicio del escritor y pol\u00edtico dominicano Profesor Juan Bosch, en el Comisionado Dominicano de Cultura en los Estados Unidos, entidad del Ministerio de Cultura de la Rep\u00fablica Dominicana. El evento es gratis, y se realizar\u00e1 [&hellip;]<\/p>\n","protected":false},"author":4,"featured_media":66015,"comment_status":"open","ping_status":"open","sticky":false,"template":"","format":"standard","meta":{"footnotes":""},"categories":[62,43,83],"tags":[],"class_list":["post-66014","post","type-post","status-publish","format-standard","has-post-thumbnail","hentry","category-cultura","category-politica","category-reportajes"],"_links":{"self":[{"href":"https:\/\/2horizontes.com\/index.php?rest_route=\/wp\/v2\/posts\/66014","targetHints":{"allow":["GET"]}}],"collection":[{"href":"https:\/\/2horizontes.com\/index.php?rest_route=\/wp\/v2\/posts"}],"about":[{"href":"https:\/\/2horizontes.com\/index.php?rest_route=\/wp\/v2\/types\/post"}],"author":[{"embeddable":true,"href":"https:\/\/2horizontes.com\/index.php?rest_route=\/wp\/v2\/users\/4"}],"replies":[{"embeddable":true,"href":"https:\/\/2horizontes.com\/index.php?rest_route=%2Fwp%2Fv2%2Fcomments&post=66014"}],"version-history":[{"count":1,"href":"https:\/\/2horizontes.com\/index.php?rest_route=\/wp\/v2\/posts\/66014\/revisions"}],"predecessor-version":[{"id":66016,"href":"https:\/\/2horizontes.com\/index.php?rest_route=\/wp\/v2\/posts\/66014\/revisions\/66016"}],"wp:featuredmedia":[{"embeddable":true,"href":"https:\/\/2horizontes.com\/index.php?rest_route=\/wp\/v2\/media\/66015"}],"wp:attachment":[{"href":"https:\/\/2horizontes.com\/index.php?rest_route=%2Fwp%2Fv2%2Fmedia&parent=66014"}],"wp:term":[{"taxonomy":"category","embeddable":true,"href":"https:\/\/2horizontes.com\/index.php?rest_route=%2Fwp%2Fv2%2Fcategories&post=66014"},{"taxonomy":"post_tag","embeddable":true,"href":"https:\/\/2horizontes.com\/index.php?rest_route=%2Fwp%2Fv2%2Ftags&post=66014"}],"curies":[{"name":"wp","href":"https:\/\/api.w.org\/{rel}","templated":true}]}}