{"id":66005,"date":"2018-06-14T14:44:49","date_gmt":"2018-06-14T13:44:49","guid":{"rendered":"http:\/\/2horizontes.com\/?p=66005"},"modified":"2018-06-14T14:44:49","modified_gmt":"2018-06-14T13:44:49","slug":"el-festival-de-malaga-abre-un-escaparate-al-cine-dominicano","status":"publish","type":"post","link":"https:\/\/2horizontes.com\/?p=66005","title":{"rendered":"El Festival de M\u00e1laga abre un escaparate al cine dominicano"},"content":{"rendered":"<p class=\"DETALLE_N_titulo \">MALAGA, Espa\u00f1a<span id=\"ctl14_lblMostra\">\u00a0(EFE).- El Festival de M\u00e1laga (sur de Espa\u00f1a) abre desde un escaparate al cine centroamericano y dominicano con la muestra \u201cUna regi\u00f3n de pel\u00edculas\u201d, en la que se proyectar\u00e1n hasta el jueves siete producciones de los Estados miembros del Sistema de Integraci\u00f3n Centroamericana (SICA).<br \/>\n<\/span><\/p>\n<div id=\"texto\" class=\"texto_txt\">\n<div class=\"DETALLE_N_texto \">\n<p><span id=\"ctl14_lblMostra\">El embajador de la Rep\u00fablica Dominicana en Espa\u00f1a y presidente temporal de la SICA, Olivo Rodr\u00edguez Huertas, mostr\u00f3 su satisfacci\u00f3n por el hecho de que un festival \u201ccon un prestigio como el que tiene el de M\u00e1laga\u201d haya accedido a acoger esta muestra.<\/span><\/p>\n<p>Ello permitir\u00e1 a los espectadores \u201capreciar la calidad de las producciones que se realizan en estos pa\u00edses en los que, a pesar de haber llegado un poco tarde, la cinematograf\u00eda en personal y recursos log\u00edsticos va siendo una importante fuente\u201d, a\u00f1adi\u00f3.<\/p>\n<p>Seg\u00fan el embajador, \u201cm\u00e1s all\u00e1 de los aspectos tradicionales de la relaci\u00f3n en materia econ\u00f3mica y de pol\u00edticas sociales\u201d, su pa\u00eds quer\u00eda incluir durante su presidencia de seis meses de la SICA lo relativo a la cultura y la difusi\u00f3n del cine como \u201caspecto vital en el di\u00e1logo constructivo que se da entre Espa\u00f1a y Latinoam\u00e9rica\u201d.<\/p>\n<p>Por su parte, el embajador de Honduras en Espa\u00f1a, Norman Garc\u00eda Paz, record\u00f3 que el Festival de M\u00e1laga se dedic\u00f3 inicialmente al cine espa\u00f1ol y se ha ampliado al cine en espa\u00f1ol, algo que \u201cno es m\u00e1s que un efecto de la globalizaci\u00f3n, que todo el mundo cree que s\u00f3lo tiene que ver con temas pol\u00edticos y econ\u00f3micos\u201d.<\/p>\n<p>Las proyecciones comenzar\u00e1n esta tarde con \u201cTodos bailaban\u201d, de Jurek Jablonick, que fue el primer cortometraje hondure\u00f1o en participar en la selecci\u00f3n oficial del Short Film Corner del Festival de Cannes y sigue la vida de Fernando, un alumno de \u00faltimo a\u00f1o en un colegio de Honduras y bailar\u00edn profesional de ballet que se convierte en objeto de pesadas bromas y de abuso f\u00edsico y mental.<\/p>\n<p>Tambi\u00e9n hoy se podr\u00e1 ver \u201cSamb\u00e1\u201d, de la Rep\u00fablica Dominicana, dirigido por Laura Amelia Guzm\u00e1n e Israel C\u00e1rdenas, que particip\u00f3 en el Festival de Tribeca y en el Bafici de Buenos Aires y narra una historia de supervivencia centrada en el boxeo.<\/p>\n<p>Ma\u00f1ana ser\u00e1 el turno del documental \u201c1, 2, 3 a bailar\u201d, del nicarag\u00fcense Jos\u00e9 Wheelock, que ofrece un retrato de Nicaragua a trav\u00e9s del movimiento corporal que se manifiesta en tres expresiones de baile.<\/p>\n<p>La jornada de ma\u00f1ana se completa con \u201cPaname: el fantasma del gran franc\u00e9s\u201d, de Daniel Zapateiro, documental paname\u00f1o centrado en la aventura del diplom\u00e1tico franc\u00e9s Ferdinand de Lesseps para abrir una zanja a trav\u00e9s de Panam\u00e1 que uniera los oc\u00e9anos Atl\u00e1ntico y Pac\u00edfico.<\/p>\n<p>El jueves se mostrar\u00e1 la guatemalteca \u201cSeptiembre, un llanto en silencio\u201d, de Kenneth M\u00fcller, un drama basado en hechos reales sobre un padre y su hija que emprenden un viaje marcado por la supervivencia durante una de las \u00e9pocas m\u00e1s dif\u00edciles del conflicto armado interno del pa\u00eds.<\/p>\n<p>A continuaci\u00f3n, se podr\u00e1 ver la pel\u00edcula salvadore\u00f1a \u201cUno, la historia de un gol\u201d, de Gerardo Muyshondt y Carlos Moreno, que da cuenta de la epopeya de El Salvador durante la segunda clasificaci\u00f3n de su historia para una Copa del Mundo, la de Espa\u00f1a 1982, desde las eliminatorias hasta los tres partidos que disput\u00f3 en aquel Mundial.<\/p>\n<p>El ciclo se completar\u00e1 con la costarricense \u201cA ojos cerrados\u201d, de Hern\u00e1n Jim\u00e9nez, un drama familiar sobre la vejez y la amistad centrado en la uni\u00f3n entre un abuelo y su nieta tras la desaparici\u00f3n de la abuela.<\/p>\n<\/div>\n<\/div>\n","protected":false},"excerpt":{"rendered":"<p>MALAGA, Espa\u00f1a\u00a0(EFE).- El Festival de M\u00e1laga (sur de Espa\u00f1a) abre desde un escaparate al cine centroamericano y dominicano con la muestra \u201cUna regi\u00f3n de pel\u00edculas\u201d, en la que se proyectar\u00e1n hasta el jueves siete producciones de los Estados miembros del Sistema de Integraci\u00f3n Centroamericana (SICA). El embajador de la Rep\u00fablica Dominicana en Espa\u00f1a y presidente [&hellip;]<\/p>\n","protected":false},"author":4,"featured_media":66006,"comment_status":"open","ping_status":"open","sticky":false,"template":"","format":"standard","meta":{"footnotes":""},"categories":[62,46],"tags":[],"class_list":["post-66005","post","type-post","status-publish","format-standard","has-post-thumbnail","hentry","category-cultura","category-dominicanos-en-madrid"],"_links":{"self":[{"href":"https:\/\/2horizontes.com\/index.php?rest_route=\/wp\/v2\/posts\/66005","targetHints":{"allow":["GET"]}}],"collection":[{"href":"https:\/\/2horizontes.com\/index.php?rest_route=\/wp\/v2\/posts"}],"about":[{"href":"https:\/\/2horizontes.com\/index.php?rest_route=\/wp\/v2\/types\/post"}],"author":[{"embeddable":true,"href":"https:\/\/2horizontes.com\/index.php?rest_route=\/wp\/v2\/users\/4"}],"replies":[{"embeddable":true,"href":"https:\/\/2horizontes.com\/index.php?rest_route=%2Fwp%2Fv2%2Fcomments&post=66005"}],"version-history":[{"count":1,"href":"https:\/\/2horizontes.com\/index.php?rest_route=\/wp\/v2\/posts\/66005\/revisions"}],"predecessor-version":[{"id":66007,"href":"https:\/\/2horizontes.com\/index.php?rest_route=\/wp\/v2\/posts\/66005\/revisions\/66007"}],"wp:featuredmedia":[{"embeddable":true,"href":"https:\/\/2horizontes.com\/index.php?rest_route=\/wp\/v2\/media\/66006"}],"wp:attachment":[{"href":"https:\/\/2horizontes.com\/index.php?rest_route=%2Fwp%2Fv2%2Fmedia&parent=66005"}],"wp:term":[{"taxonomy":"category","embeddable":true,"href":"https:\/\/2horizontes.com\/index.php?rest_route=%2Fwp%2Fv2%2Fcategories&post=66005"},{"taxonomy":"post_tag","embeddable":true,"href":"https:\/\/2horizontes.com\/index.php?rest_route=%2Fwp%2Fv2%2Ftags&post=66005"}],"curies":[{"name":"wp","href":"https:\/\/api.w.org\/{rel}","templated":true}]}}