{"id":65999,"date":"2018-06-14T14:40:12","date_gmt":"2018-06-14T13:40:12","guid":{"rendered":"http:\/\/2horizontes.com\/?p=65999"},"modified":"2018-06-14T14:40:12","modified_gmt":"2018-06-14T13:40:12","slug":"el-prm-juramentara-el-jueves-a-su-nuevo-presidente-y-secretaria-general","status":"publish","type":"post","link":"https:\/\/2horizontes.com\/?p=65999","title":{"rendered":"El PRM juramentar\u00e1 el jueves a su nuevo presidente y secretaria general"},"content":{"rendered":"<p><span id=\"ctl14_lblMostra\">Santo Domingo, 13 jun .- El Partido Revolucionario Moderno (PRM) anunci\u00f3 hoy que el pr\u00f3ximo jueves juramentar\u00e1 al senador Jos\u00e9 Ignacio Paliza como su nuevo presidente y a la excandidata a la vicepresidencia del pa\u00eds Carolina Mej\u00eda como su secretaria general.<\/span><\/p>\n<p>As\u00ed se decidi\u00f3 en la sesi\u00f3n de la comisi\u00f3n pol\u00edtica del partido celebrada hoy, como requisito estatutario para la convocatoria de su convenci\u00f3n extraordinaria de delegados del jueves.<\/p>\n<p>La reuni\u00f3n fue encabezada por el saliente secretario general del PRM, Jes\u00fas V\u00e1squez, y en la misma se present\u00f3 el informe de gesti\u00f3n financiera del a\u00f1o, el cual ha sido presentado a la Junta Central Electoral (JCE), de acuerdo con un comunicado de este partido.<\/p>\n<p>V\u00e1squez afirm\u00f3 que dejan a las nuevas autoridades la suma de 50 millones de pesos en la cuenta de la organizaci\u00f3n.<\/p>\n<p>Al acto asisti\u00f3 m\u00e1s de 70 % de la matr\u00edcula de la comisi\u00f3n pol\u00edtica del PRM, entre ellos el expresidente Hip\u00f3lito Mej\u00eda, la exvicepresidenta Milagros Ortiz Bosch, Roberto Furcal, Cesar Cede\u00f1o, Orlando Jorge Mera, Eligio Jaques y los diputados encabezados por vocero Alfredo Pacheco.<\/p>\n<p>Paliza y Carolina Mej\u00eda, hija del expresidente Mej\u00eda, ganaron las elecciones internas celebradas por el partido en marzo pasado y sustituyen a los exsenadores Andr\u00e9s Bautista y Jes\u00fas V\u00e1squez, respectivamente.EFE<\/p>\n","protected":false},"excerpt":{"rendered":"<p>Santo Domingo, 13 jun .- El Partido Revolucionario Moderno (PRM) anunci\u00f3 hoy que el pr\u00f3ximo jueves juramentar\u00e1 al senador Jos\u00e9 Ignacio Paliza como su nuevo presidente y a la excandidata a la vicepresidencia del pa\u00eds Carolina Mej\u00eda como su secretaria general. As\u00ed se decidi\u00f3 en la sesi\u00f3n de la comisi\u00f3n pol\u00edtica del partido celebrada hoy, [&hellip;]<\/p>\n","protected":false},"author":4,"featured_media":66000,"comment_status":"open","ping_status":"open","sticky":false,"template":"","format":"standard","meta":{"footnotes":""},"categories":[43,44],"tags":[],"class_list":["post-65999","post","type-post","status-publish","format-standard","has-post-thumbnail","hentry","category-politica","category-republica-dominicana"],"_links":{"self":[{"href":"https:\/\/2horizontes.com\/index.php?rest_route=\/wp\/v2\/posts\/65999","targetHints":{"allow":["GET"]}}],"collection":[{"href":"https:\/\/2horizontes.com\/index.php?rest_route=\/wp\/v2\/posts"}],"about":[{"href":"https:\/\/2horizontes.com\/index.php?rest_route=\/wp\/v2\/types\/post"}],"author":[{"embeddable":true,"href":"https:\/\/2horizontes.com\/index.php?rest_route=\/wp\/v2\/users\/4"}],"replies":[{"embeddable":true,"href":"https:\/\/2horizontes.com\/index.php?rest_route=%2Fwp%2Fv2%2Fcomments&post=65999"}],"version-history":[{"count":1,"href":"https:\/\/2horizontes.com\/index.php?rest_route=\/wp\/v2\/posts\/65999\/revisions"}],"predecessor-version":[{"id":66001,"href":"https:\/\/2horizontes.com\/index.php?rest_route=\/wp\/v2\/posts\/65999\/revisions\/66001"}],"wp:featuredmedia":[{"embeddable":true,"href":"https:\/\/2horizontes.com\/index.php?rest_route=\/wp\/v2\/media\/66000"}],"wp:attachment":[{"href":"https:\/\/2horizontes.com\/index.php?rest_route=%2Fwp%2Fv2%2Fmedia&parent=65999"}],"wp:term":[{"taxonomy":"category","embeddable":true,"href":"https:\/\/2horizontes.com\/index.php?rest_route=%2Fwp%2Fv2%2Fcategories&post=65999"},{"taxonomy":"post_tag","embeddable":true,"href":"https:\/\/2horizontes.com\/index.php?rest_route=%2Fwp%2Fv2%2Ftags&post=65999"}],"curies":[{"name":"wp","href":"https:\/\/api.w.org\/{rel}","templated":true}]}}