{"id":65974,"date":"2018-06-14T13:36:03","date_gmt":"2018-06-14T12:36:03","guid":{"rendered":"http:\/\/2horizontes.com\/?p=65974"},"modified":"2018-06-14T13:37:34","modified_gmt":"2018-06-14T12:37:34","slug":"embajadora-laura-faxas-presenta-cartas-credenciales-en-finlandia","status":"publish","type":"post","link":"https:\/\/2horizontes.com\/?p=65974","title":{"rendered":"Embajadora Laura Faxas presenta Cartas Credenciales en Finlandia"},"content":{"rendered":"<p><em>Helsinki, Finlandia. &#8211;\u00a0<\/em>La\u00a0embajadora de\u00a0la\u00a0Rep\u00fablica Dominicana\u00a0ante\u00a0el Reino Unido de Suecia Laura Faxas,\u00a0present\u00f3\u00a0las\u00a0Cartas Credenciales\u00a0como embajadora concurrente\u00a0al\u00a0presidente de la Rep\u00fablica de Finlandia Sauli Niinist\u00f6, en una ceremonia\u00a0celebrada en\u00a0el\u00a0palacio\u00a0presidencial.<\/p>\n<p>Durante el encuentro, la embajadora\u00a0Faxas\u00a0le expres\u00f3 a\u00a0Niinist\u00f6\u00a0el gran inter\u00e9s del gobierno dominicano\u00a0de fortalecer\u00a0las relaciones con la Rep\u00fablica de Finlandia, a trav\u00e9s de un marco global en el que\u00a0se\u00a0fortalezcan las relaciones comerciales\u00a0bilaterales\u00a0y\u00a0se d\u00e9 prioridad a la educaci\u00f3n,\u00a0a la\u00a0econom\u00eda\u00a0verde\u00a0y\u00a0a\u00a0las energ\u00edas renovables\u00a0como ejes centrales de la agenda\u00a0de\u00a0ambos pa\u00edses, a la vez que le transmiti\u00f3 los saludos del presidente Danilo Medina.<\/p>\n<p>Faxas\u00a0le manifest\u00f3 el rol que juega la Rep\u00fablica Dominicana en toda la regi\u00f3n por su\u00a0ubicaci\u00f3n\u00a0geogr\u00e1fica\u00a0estrat\u00e9gica, su entorno\u00a0favorable a la\u00a0inversi\u00f3n extranjera directa, su estabilidad social, pol\u00edtica y econ\u00f3mica y la mano de obra competitiva;\u00a0e invit\u00f3\u00a0a convertir a su pa\u00eds en un socio privilegiado.<\/p>\n<p>El mandatario Niinist\u00f6\u00a0envi\u00f3\u00a0tambi\u00e9n sus saludos al presidente Danilo Medina y precis\u00f3 el gran inter\u00e9s de su pa\u00eds en consolidar las relaciones con el pa\u00eds caribe\u00f1o, a la vez que\u00a0resalt\u00f3 el papel que\u00a0viene jugando la Rep\u00fablica Dominicana en las mediaciones de los conflictos de la regi\u00f3n en los \u00faltimos a\u00f1os.<\/p>\n<p>Previo\u00a0a la presentaci\u00f3n de sus Cartas Credenciales, la\u00a0embajadora Faxas agot\u00f3 una agenda de trabajo con instituciones finlandesas relacionadas con la educaci\u00f3n, el medio ambiente, innovaci\u00f3n, nuevas tecnolog\u00edas y la producci\u00f3n de energ\u00eda renovable, con las que precis\u00f3 la firma de un acuerdo marco de cooperaci\u00f3n\u00a0para que instituciones de\u00a0las \u00e1reas de\u00a0educaci\u00f3n y energ\u00edas\u00a0renovables\u00a0inviertan en Rep\u00fablica Dominicana.<\/p>\n<p>Con anterioridad, la embajadora particip\u00f3 adem\u00e1s de dos reuniones con representantes del Ministerio de Relaciones Exteriores finland\u00e9s, con la participaci\u00f3n de Jukka Pietik\u00e4inen, embajador de Finlandia en la Rep\u00fablica Dominicana y El Caribe; Ari M\u00e4ki, director Unidad de Am\u00e9rica Latina y el Caribe; Anu Korppi, l\u00edder del Equipo para M\u00e9xico, Am\u00e9rica Latina y el Caribe; y Anne Leinonen, asistente; tambi\u00e9n Valent\u00edn Ciriaco Vargas, segundo secretario de la embajada dominicana.<\/p>\n","protected":false},"excerpt":{"rendered":"<p>Helsinki, Finlandia. &#8211;\u00a0La\u00a0embajadora de\u00a0la\u00a0Rep\u00fablica Dominicana\u00a0ante\u00a0el Reino Unido de Suecia Laura Faxas,\u00a0present\u00f3\u00a0las\u00a0Cartas Credenciales\u00a0como embajadora concurrente\u00a0al\u00a0presidente de la Rep\u00fablica de Finlandia Sauli Niinist\u00f6, en una ceremonia\u00a0celebrada en\u00a0el\u00a0palacio\u00a0presidencial. Durante el encuentro, la embajadora\u00a0Faxas\u00a0le expres\u00f3 a\u00a0Niinist\u00f6\u00a0el gran inter\u00e9s del gobierno dominicano\u00a0de fortalecer\u00a0las relaciones con la Rep\u00fablica de Finlandia, a trav\u00e9s de un marco global en el que\u00a0se\u00a0fortalezcan las relaciones [&hellip;]<\/p>\n","protected":false},"author":4,"featured_media":65975,"comment_status":"open","ping_status":"open","sticky":false,"template":"","format":"standard","meta":{"footnotes":""},"categories":[86,43,83,44],"tags":[],"class_list":["post-65974","post","type-post","status-publish","format-standard","has-post-thumbnail","hentry","category-europa","category-politica","category-reportajes","category-republica-dominicana"],"_links":{"self":[{"href":"https:\/\/2horizontes.com\/index.php?rest_route=\/wp\/v2\/posts\/65974","targetHints":{"allow":["GET"]}}],"collection":[{"href":"https:\/\/2horizontes.com\/index.php?rest_route=\/wp\/v2\/posts"}],"about":[{"href":"https:\/\/2horizontes.com\/index.php?rest_route=\/wp\/v2\/types\/post"}],"author":[{"embeddable":true,"href":"https:\/\/2horizontes.com\/index.php?rest_route=\/wp\/v2\/users\/4"}],"replies":[{"embeddable":true,"href":"https:\/\/2horizontes.com\/index.php?rest_route=%2Fwp%2Fv2%2Fcomments&post=65974"}],"version-history":[{"count":2,"href":"https:\/\/2horizontes.com\/index.php?rest_route=\/wp\/v2\/posts\/65974\/revisions"}],"predecessor-version":[{"id":65977,"href":"https:\/\/2horizontes.com\/index.php?rest_route=\/wp\/v2\/posts\/65974\/revisions\/65977"}],"wp:featuredmedia":[{"embeddable":true,"href":"https:\/\/2horizontes.com\/index.php?rest_route=\/wp\/v2\/media\/65975"}],"wp:attachment":[{"href":"https:\/\/2horizontes.com\/index.php?rest_route=%2Fwp%2Fv2%2Fmedia&parent=65974"}],"wp:term":[{"taxonomy":"category","embeddable":true,"href":"https:\/\/2horizontes.com\/index.php?rest_route=%2Fwp%2Fv2%2Fcategories&post=65974"},{"taxonomy":"post_tag","embeddable":true,"href":"https:\/\/2horizontes.com\/index.php?rest_route=%2Fwp%2Fv2%2Ftags&post=65974"}],"curies":[{"name":"wp","href":"https:\/\/api.w.org\/{rel}","templated":true}]}}