{"id":65971,"date":"2018-06-13T15:42:05","date_gmt":"2018-06-13T14:42:05","guid":{"rendered":"http:\/\/2horizontes.com\/?p=65971"},"modified":"2018-06-13T15:42:05","modified_gmt":"2018-06-13T14:42:05","slug":"nos-obligaban-a-meternos-desnudos-a-la-piscina-para-tocarnos-los-impactantes-relatos-sobre-la-red-de-abusos-y-encubrimiento-con-la-que-vinculan-a-obispos-y-sacerdotes-en-chile","status":"publish","type":"post","link":"https:\/\/2horizontes.com\/?p=65971","title":{"rendered":"\u00abNos obligaban a meternos desnudos a la piscina para tocarnos\u00bb: los impactantes relatos sobre la red de abusos y encubrimiento con la que vinculan a obispos y sacerdotes en Chile"},"content":{"rendered":"<p class=\"story-body__introduction\">Puertas afuera, disciplina militar; puertas adentro, acusaciones de, al menos, hacer la vista gorda a abusos sexuales. Gonzalo Duarte es uno de los tres obispos chilenos, junto a Juan Barros y Cristi\u00e1n Caro, cuyas renuncias fueron aceptadas por el papa Francisco, en medio del terremoto que ha remecido a la instituci\u00f3n en Chile y en el mundo.<\/p>\n<p>La Iglesia chilena asegura que su salida fue aceptada \u00abpor motivos de edad\u00bb. Sin embargo, BBC Mundo estuvo en Chile y convers\u00f3 con quienes acusan al obispo de la tercera di\u00f3cesis m\u00e1s importante de Chile de encubrir abusos y desestimar sus denuncias.<\/p>\n<p>Tambi\u00e9n presentamos la versi\u00f3n del obispo ante las acusaciones.<\/p>\n<p><strong>Estos son\u00a0<\/strong><strong>los<\/strong><strong>\u00a0testimonios<\/strong><\/p>\n<ul class=\"story-body__unordered-list\">\n<li class=\"story-body__list-item\">El papa Francisco acepta la renuncia de Juan Barros y otros dos obispos de Chile tras esc\u00e1ndalo de abusos sexuales de menores<\/li>\n<\/ul>\n<h2 class=\"story-body__sub-heading\">MAURICIO PULGAR<\/h2>\n<p>Mauricio Pulgar no hab\u00eda cumplido la mayor\u00eda de edad cuando sinti\u00f3 que ten\u00eda vocaci\u00f3n sacerdotal. Hab\u00eda sido ac\u00f3lito y participaba en la pastoral de su parroquia en una peque\u00f1a ciudad cercana a Valpara\u00edso. Cuando lo invitaron a una jornada durante el verano de 1993, no lo pens\u00f3 dos veces.<\/p>\n<div id=\"comp-pattern-library\" class=\"distinct-component-group container-parrot\"><\/div>\n<p>Seg\u00fan su testimonio, hab\u00eda dos sacerdotes con el grupo de j\u00f3venes y uno se tuvo que ir. Esa noche, el padre M, quien qued\u00f3 a cargo, les dijo que ten\u00edan que ba\u00f1arse en la piscina, desnudos.<\/p>\n<p>\u00abCon otro compa\u00f1ero nos negamos, pero nos dijo que si no lo hac\u00edamos era porque nosotros ten\u00edamos problemas sexuales. Frente a eso y\u00a0<strong>con 17 a\u00f1os<\/strong>\u00a0uno dice: \u00b4Bueno, ser\u00e1\u00b4\u00bb. Y se meti\u00f3 a la piscina.<\/p>\n<div id=\"ns_datapic_iglesia1\" class=\"idt__mundo ns_datapic_quote ns_datapic_quote--iglesia1 newsspec_infographic_template\">\n<div class=\"ns_outer_wrapper ns_outer_wrapper__align-bottom\">\n<div class=\"ns_inner_wrapper\">\n<p class=\"ns_quote ns_quote__size--small\">El padre M comenz\u00f3 a pasar entre nosotros. Nos tocaba y nos dec\u00eda que esto era s\u00faper bueno porque ayudaba a la confianza, al autoestima\u00bb .<\/p>\n<div class=\"ns_author ns_\">Mauricio Pulgar<\/div>\n<\/div>\n<div class=\"ns_outer_wrapper_img_src\"><\/div>\n<\/div>\n<\/div>\n<p>\u00abEl padre M\u00a0<strong>comenz\u00f3 a pasar entre nosotros. Nos tocaba y nos dec\u00eda que esto era s\u00faper bueno porque ayudaba a la confianza, a<\/strong><strong>\u00a0la<\/strong><strong>\u00a0autoestima.\u00a0<\/strong>Fue bien traum\u00e1tico\u00bb.<\/p>\n<p>BBC Mundo tuvo acceso a una declaraci\u00f3n jurada de otro de los asistentes, quien confirma la versi\u00f3n de Pulgar. \u00abNos pareci\u00f3 raro, pero luego nos convenci\u00f3 de que era algo &#8216;choro&#8217; (entretenido)\u00bb.<\/p>\n<p>\u00ab\u00c9ramos muy j\u00f3venes y no ve\u00edamos maldad o dobles intenciones, menos viniendo de un cura\u00bb, contin\u00faa la declaraci\u00f3n.<\/p>\n<figure class=\"media-landscape has-caption full-width\"><span class=\"image-and-copyright-container\"><span class=\"off-screen\">Derechos de autor de la imagen<\/span><span class=\"story-image-copyright\">RAWPIXEL<\/span><\/span><figcaption class=\"media-caption\"><span class=\"off-screen\">Image caption<\/span><span class=\"media-caption__text\">\u00abEn la piscina, el padre M comenz\u00f3 a pasar entre nosotros. Nos tocaba y nos dec\u00eda que esto era s\u00faper bueno porque ayudaba a la confianza, a la autoestima. Fue bien traum\u00e1tico\u00bb.<\/span><\/figcaption><\/figure>\n<p>Dos meses despu\u00e9s, Pulgar ingres\u00f3 al seminario de Valpara\u00edso, pero muchos de los comportamientos de los formadores le hac\u00edan ruido.<\/p>\n<p>\u00abSi uno no se dejaba dar besos en la cara era porque uno ten\u00eda problemas. Hab\u00eda que vestirse como el padre M quer\u00eda y empezaron a alejarme de mi madre\u00bb.<\/p>\n<p>Seg\u00fan el entonces seminarista, hab\u00eda comentarios completamente fuera de lugar, como los que hac\u00eda el entonces profesor de liturgia, hoy uno de los obispos a los que el Papa le acept\u00f3 la renuncia, Gonzalo Duarte.<\/p>\n<p>\u00abSe obsesionaba con hablar de temas sexuales que no ten\u00edan nada que ver con liturgia. Un d\u00eda, por ejemplo, empez\u00f3 a\u00a0<strong>decir que si uno ten\u00eda una erecci\u00f3n y no sab\u00eda qu\u00e9 hacer o si uno se masturbaba mucho, ten\u00eda que hablar con \u00e9l, porque \u00e9l era la persona adecuada\u2026 \u00a1el profesor de liturgia!<\/strong>\u00ab.<\/p>\n<p>A medida que pasaba el tiempo, Mauricio fue quedando incomunicado. S\u00f3lo le permit\u00edan ver a su madre en una sala con una pared de vidrio, desde la que los formadores pod\u00edan controlar lo que hablaba.<\/p>\n<p>\u00abMis pap\u00e1s eran divorciados y mi mam\u00e1 se volvi\u00f3 a casar, as\u00ed que para estos sacerdotes era un ser inferior. Adem\u00e1s insist\u00edan en que las cosas del seminario no deb\u00edan hablarse afuera\u00bb.<\/p>\n<p>\u00abTe meten la idea de que si t\u00fa le haces da\u00f1o a la Iglesia eres pr\u00e1cticamente el anticristo. La obediencia y la sumisi\u00f3n es parte importante de la formaci\u00f3n. En ese momento uno cree que es as\u00ed, que el problema es uno\u00bb.<\/p>\n<figure class=\"media-landscape has-caption full-width\"><span class=\"image-and-copyright-container\"><img loading=\"lazy\" decoding=\"async\" class=\"responsive-image__img js-image-replace\" src=\"https:\/\/ichef.bbci.co.uk\/news\/624\/cpsprodpb\/13676\/production\/_101987497_mauriciocut.jpg\" alt=\"Mauricio Pulgar con familiares.\" width=\"976\" height=\"549\" data-highest-encountered-width=\"624\" \/><span class=\"off-screen\">Derechos de autor de la imagen<\/span><span class=\"story-image-copyright\">MAURICIO PULGAR<\/span><\/span><figcaption class=\"media-caption\"><span class=\"off-screen\">Image caption<\/span><span class=\"media-caption__text\">Mauricio Pulgar (a la derecha) dice que le prohibieron ver a su familia y que consideraban a su madre \u00abun ser inferior\u00bb por haberse separado de su padre.<\/span><\/figcaption><\/figure>\n<p>Pulgar le dice a BBC Mundo que comenz\u00f3 a tener crisis de angustia a partir de los maltratos y humillaciones, adem\u00e1s del acoso homosexual.<\/p>\n<p>\u00ab(Los formadores) te abrazaban, te tomaban por la espalda, se llevaban a compa\u00f1eros a las piezas. Si uno no quer\u00eda ir o rechazabas los cari\u00f1os en el cuello, se enojaban. Un d\u00eda me chori\u00e9 (enoj\u00e9) y como hab\u00eda estudiado karate le dobl\u00e9 el brazo a uno y le dije que no me molestara m\u00e1s. Ah\u00ed me catalogaron de violento, me mandaron al psic\u00f3logo y el trato se volvi\u00f3 insoportable\u00bb.<\/p>\n<div id=\"bbc-news-vj-iframe-content-placeholder\"><\/div>\n<div id=\"ns_datapic_iglesia1\" class=\"idt__mundo ns_datapic_quote ns_datapic_quote--iglesia1 newsspec_infographic_template\">\n<div class=\"ns_outer_wrapper ns_outer_wrapper__align-bottom\">\n<div class=\"ns_inner_wrapper\">\n<div class=\"ns_quote_mark\"><\/div>\n<p class=\"ns_quote ns_quote__size--small\">Un d\u00eda me chori\u00e9 (enoj\u00e9) y como hab\u00eda estudiado karate le dobl\u00e9 el brazo a un sacerdote y le dije que no me molestara m\u00e1s. De ah\u00ed el trato se volvi\u00f3 insoportable\u00bb.<\/p>\n<div class=\"ns_author ns_\">Mauricio Pulgar<\/div>\n<\/div>\n<div class=\"ns_outer_wrapper_img_src\"><\/div>\n<\/div>\n<\/div>\n<p>\u00abDije que no aguantaba m\u00e1s y que me iba, pero me dijeron que no hab\u00eda permiso y que iban a llamar al obispo. Entonces otro sacerdote que conoc\u00eda me invit\u00f3 a ayudarlo en su parroquia, fue mi forma de salir del seminario\u00bb.<\/p>\n<h2 class=\"story-body__crosshead\">\u00abMe despert\u00e9 al o\u00edr un jadeo\u00bb<\/h2>\n<p>Seg\u00fan el testimonio de Pulgar, mientras \u00e9l estaba en el seminario hubo un sacerdote al que manten\u00edan encerrado, el padre H. Nunca supo la raz\u00f3n, pero los formadores le prohibieron juntarse con \u00e9l.<\/p>\n<p>Pulgar lo conoc\u00eda de la parroquia que frecuentaba cuando adolescente, as\u00ed que llam\u00f3 a los padres del sacerdote, quienes lo sacaron y se lo llevaron a otra di\u00f3cesis, a 120 kil\u00f3metros, donde retom\u00f3 sus labores sacerdotales.<\/p>\n<p>La parroquia del padre H quedaba en una ciudad cercana a la parroquia donde trabajaba Mauricio, as\u00ed que comenz\u00f3 a ayudarlo algunos d\u00edas.<\/p>\n<p>Pero, nuevamente, algo no andaba bien.<\/p>\n<div id=\"bbc-news-vj-iframe-content-placeholder\"><\/div>\n<div id=\"ns_datapic_iglesia3\" class=\"idt__mundo ns_datapic_quote ns_datapic_quote--iglesia3 newsspec_infographic_template\">\n<div class=\"ns_outer_wrapper ns_outer_wrapper__align-bottom\">\n<div class=\"ns_inner_wrapper\">\n<div class=\"ns_quote_mark\"><\/div>\n<p class=\"ns_quote ns_quote__size--small\">Me pregunt\u00f3 por qu\u00e9 no dejaba que me &#8216;iniciara&#8217; y yo nunca entend\u00ed, pens\u00e9 que estaba bromeando. \u00c9l dec\u00eda que todos \u00e9ramos homosexuales y hab\u00eda que probar\u00bb.<\/p>\n<div class=\"ns_author ns_\">Mauricio Pulgar<\/div>\n<\/div>\n<div class=\"ns_outer_wrapper_img_src\"><\/div>\n<\/div>\n<\/div>\n<p>\u00abMe pregunt\u00f3 por qu\u00e9 no dejaba que me &#8216;iniciara&#8217; y la verdad yo nunca entend\u00ed, siempre pens\u00e9 que estaba bromeando. \u00c9l era muy sarc\u00e1stico y dec\u00eda que la heterosexualidad no exist\u00eda, que todos \u00e9ramos homosexuales y hab\u00eda que probar.<\/p>\n<p>\u00abYo s\u00e9 que (el padre H) tuvo problemas serios de homosexualidad en San Felipe (su nueva di\u00f3cesis). Aqu\u00ed, no s\u00e9\u00bb, le confirma el obispo Gonzalo Duarte a BBC Mundo.<\/p>\n<p>Pulgar contin\u00faa: \u00abUn d\u00eda me pidi\u00f3 que me quedara en la parroquia durante la noche. No me pareci\u00f3 bien porque la otra pieza estaba ocupada por otro sacerdote, pero me dijo: &#8216;Yo pongo un colch\u00f3n al lado de mi cama&#8217;. Le dije que prefer\u00eda dormir en el living; me dio un s\u00e1ndwich y una bebida, pero me empec\u00e9 a sentir mal y me dijo que me recostara en la cama. De ah\u00ed<strong>\u00a0yo me desvanec\u00ed y s\u00f3lo me despert\u00e9 al o\u00edr un jadeo.\u00a0<\/strong>Me estaba abusando. Yo trat\u00e9 de mover los brazos y las piernas y no pude. Logr\u00e9 mover una mano, pero me la tom\u00f3, junto con la otra y\u2026\u00bb. Su voz se quiebra.<\/p>\n<p>\u00abMe dijo: &#8216;Qu\u00e9date tranquilo que aqu\u00ed no ha pasado nada&#8217;. Abri\u00f3 un caj\u00f3n lleno de plata y me dijo que ahora era de su c\u00edrculo. Le dije que no quer\u00eda ser de ning\u00fan c\u00edrculo y me fui.<\/p>\n<p>BBC Mundo tuvo acceso a audios donde el padre H reconoce que ultraj\u00f3 a Mauricio. Los audios no pudieron ser verificados ya que BBC Mundo intent\u00f3 comunicarse reiteradamente al padre H, sin obtener respuesta.<\/p>\n<ul class=\"story-body__unordered-list\">\n<li class=\"story-body__list-item\">5 claves para entender el caso de abusos sexuales que hizo renunciar a la jerarqu\u00eda cat\u00f3lica chilena<\/li>\n<li class=\"story-body__list-item\">\u00abPedir perd\u00f3n no es suficiente. Lo que queremos es que el Papa act\u00fae\u00bb: la voz de los que critican a Francisco por su manejo de los casos de abuso sexual de la Iglesia en Chile<\/li>\n<\/ul>\n<p>Despu\u00e9s de un tiempo, Mauricio le cont\u00f3 a otro sacerdote lo que hab\u00eda pasado y le pidi\u00f3 que alguien se hiciera responsable. Sin embargo, seg\u00fan asegura, lo \u00fanico que consigui\u00f3 es que Gonzalo Duarte, entonces reci\u00e9n nombrado obispo castrense, interviniera para que no lo dejaran terminar sus estudios de teolog\u00eda.<\/p>\n<p>Pasaron muchos a\u00f1os antes de que Mauricio pudiera hablar del tema o incluso recordar, pero en 2013 y luego de saber que hab\u00eda habido una queja can\u00f3nica formal por abusos en el mismo seminario, decidi\u00f3 presentar una querella ante la justicia ordinaria y una denuncia ante las autoridades eclesi\u00e1sticas.<\/p>\n<p>La justicia ordinaria sobresey\u00f3 la causa ya que no se pudo verificar el hecho dado que los potenciales delitos estaban prescritos.<\/p>\n<p>De la justicia can\u00f3nica Mauricio nunca m\u00e1s oy\u00f3.<\/p>\n<p>\u00abEn el caso de Mauricio Pulgar hubo una indagaci\u00f3n can\u00f3nica. Pero no hab\u00eda delito\u00bb, asegura Duarte. El renunciado obispo le explica a BBC Mundo que ser homosexual activo \u00abno es delito\u00bb sino un \u00abgrave pecado\u00bb, mientras sea con mayores. \u00abPara un pecado no hace falta una investigaci\u00f3n\u00bb.<\/p>\n<h2 class=\"story-body__sub-heading\">MARCELO SOTO<\/h2>\n<figure class=\"media-landscape has-caption full-width\"><span class=\"image-and-copyright-container\"><img loading=\"lazy\" decoding=\"async\" class=\"responsive-image__img js-image-replace\" src=\"https:\/\/ichef.bbci.co.uk\/news\/624\/cpsprodpb\/18496\/production\/_101987499_sotocut.jpg\" alt=\"Marcelo Soto\" width=\"976\" height=\"549\" data-highest-encountered-width=\"624\" \/><span class=\"off-screen\">Derechos de autor de la imagen<\/span><span class=\"story-image-copyright\">MAURICIO SOTO<\/span><\/span><figcaption class=\"media-caption\"><span class=\"off-screen\">Image caption<\/span><span class=\"media-caption__text\">Marcelo Soto es una de las v\u00edctimas que denunci\u00f3 al padre H. \u00abSe me tir\u00f3 encima a tocarme los genitales e intent\u00f3 hacerme sexo oral\u00bb, le dice a BBC Mundo.<\/span><\/figcaption><\/figure>\n<p>Mauricio Pulgar no fue el primero que acus\u00f3 al padre H de abuso.<\/p>\n<p>Seis a\u00f1os antes, en 1992, Marcelo Soto, tambi\u00e9n seminarista, hab\u00eda pasado por una situaci\u00f3n similar cuando trabajaba en la misma parroquia en la que Pulgar era ac\u00f3lito, pero entonces no se conoc\u00edan.<\/p>\n<p>\u00abDespu\u00e9s de ayudar en la misa, H me dijo que fu\u00e9ramos a descansar, a comer chocolates. Me pidi\u00f3 que tomara una pel\u00edcula de su dormitorio para verla. Cuando la saco me doy cuenta de que era una pel\u00edcula porno gay\u00bb.<\/p>\n<p>\u00ab\u00c9l justo vuelve y cuando yo le pregunto\u00a0<strong>\u00e9l se me tira encima a tocarme los genitales e intenta hacerme sexo oral\u00bb.<\/strong><\/p>\n<p>Seg\u00fan su testimonio, Soto sali\u00f3 corriendo de all\u00ed y lo report\u00f3 a sus superiores: al p\u00e1rroco, al obispo auxiliar de la di\u00f3cesis y al vicario general, quien adem\u00e1s era su director espiritual: Gonzalo Duarte.<\/p>\n<div id=\"bbc-news-vj-iframe-content-placeholder\"><\/div>\n<div id=\"ns_datapic_iglesia7\" class=\"idt__mundo ns_datapic_quote ns_datapic_quote--iglesia7 newsspec_infographic_template\">\n<div class=\"ns_outer_wrapper ns_outer_wrapper__align-bottom\">\n<div class=\"ns_inner_wrapper\">\n<div class=\"ns_quote_mark\"><\/div>\n<p class=\"ns_quote ns_quote__size--small\">Me pidi\u00f3 que tomara una pel\u00edcula de su dormitorio para verla,pero era porno gay (&#8230;) cuando le pregunto, se me tira encima, me toca los genitales e intenta hacerme sexo oral\u00bb.<\/p>\n<div class=\"ns_author ns_\">Marcelo Soto<\/div>\n<\/div>\n<div class=\"ns_outer_wrapper_img_src\"><\/div>\n<\/div>\n<\/div>\n<p>\u00abYo pens\u00e9 que me iban a apoyar, pero en cambio me preguntaron qu\u00e9 hab\u00eda hecho yo para que hiciera algo as\u00ed, como si lo hubiera provocado\u00bb.<\/p>\n<p>\u00abGonzalo Duarte me recomend\u00f3<strong>\u00a0quedarme callado porque &#8216;en la Iglesia el hilo se corta por lo m\u00e1s delgado'\u00bb.<\/strong><\/p>\n<p>Consultado por BBC Mundo, Duarte dice no acordarse de Marcelo Soto ni del episodio relatado. \u00abPasan tantos j\u00f3venes por el seminario&#8230;\u00bb. Tampoco recuerda ninguna investigaci\u00f3n o causa can\u00f3nica sobre el tema.<\/p>\n<p>\u00abDada la gravedad de los hechos descritos y las autoridades presentes es inconcebible que no se procediera a levantar acta y dejar constancia\u00bb, le explica a BBC Mundo el sacerdote y doctor en derecho can\u00f3nico, Francisco Astaburuaga.<\/p>\n<p>\u00abSi ellos hubieran tomado en serio la denuncia que yo hice, a Mauricio no le habr\u00eda pasado lo que le pas\u00f3\u00bb, dice Marcelo.<\/p>\n<h2 class=\"story-body__sub-heading\">SEBASTI\u00c1N DEL R\u00cdO<\/h2>\n<figure class=\"media-landscape has-caption full-width\"><span class=\"image-and-copyright-container\"><img loading=\"lazy\" decoding=\"async\" class=\"responsive-image__img js-image-replace\" src=\"https:\/\/ichef.bbci.co.uk\/news\/624\/cpsprodpb\/0242\/production\/_101987500_sebastiancut.jpg\" alt=\"Sebasti\u00e1n del R\u00edo\" width=\"976\" height=\"549\" data-highest-encountered-width=\"624\" \/><span class=\"off-screen\">Derechos de autor de la imagen<\/span><span class=\"story-image-copyright\">SEBASTI\u00c1N DEL R\u00cdO<\/span><\/span><figcaption class=\"media-caption\"><span class=\"off-screen\">Image caption<\/span><span class=\"media-caption__text\">\u00abA m\u00ed me cost\u00f3 mucho darme cuenta de que hab\u00eda un problema de acoso, yo en mi ingenuidad pens\u00e9 que este era un tema para formar el car\u00e1cter de un futuro pastor\u00bb, le dice Sebasti\u00e1n del R\u00edo a BBC Mundo.<\/span><\/figcaption><\/figure>\n<p>Tras un accidente que lo dej\u00f3 en coma a los 12 a\u00f1os, Sebasti\u00e1n del R\u00edo se convenci\u00f3 de que ten\u00eda vocaci\u00f3n sacerdotal. Lo convers\u00f3 con el asesor espiritual de su colegio, el obispo Gonzalo Duarte y finalmente decidi\u00f3 ingresar al seminario en 1999. El rector era el padre M, el mismo que Mauricio Pulgar acusa del episodio de la piscina.<\/p>\n<p>Sebasti\u00e1n le cuenta a BBC Mundo que el rector comenz\u00f3 a obsesionarse con \u00e9l. \u00abEra torturante. \u00bfSabes qu\u00e9 es estar en misa y sentir que no te quita la vista de encima? Se me iba a meter a la pieza a hablar puras tonteras. Tuve que\u00a0<strong>empezar a dejar la puerta abierta cuando entraba, porque me daba miedo<\/strong>\u00ab.<\/p>\n<p>\u00abA m\u00ed me cost\u00f3 mucho darme cuenta de que hab\u00eda un problema de acoso, yo en mi ingenuidad pens\u00e9 que este era un tema para formar el car\u00e1cter de un futuro pastor\u00bb.<\/p>\n<p>Cuando no aguant\u00f3 m\u00e1s, decidi\u00f3 hablar con el obispo a cargo del seminario, quien le dijo que el padre M ten\u00eda \u00abproblemas afectivos\u00bb.<\/p>\n<p><strong>\u00ab<\/strong><strong>L<\/strong><strong>e pregunt\u00e9 a qu\u00e9 se refer\u00eda con &#8216;problemas afectivos&#8217;. Me dijo: &#8216;M tiene conductas homosexuales que esta vez han reca\u00eddo en ti<\/strong>\u00a0y te exijo que lo enfrentes'\u00bb.<\/p>\n<p>Enviado a encarar a su supuesto victimario, Del R\u00edo nunca imagin\u00f3 su reacci\u00f3n.<\/p>\n<p>\u00abPens\u00e9 que lo iba a negar todo, que me iba a pegar una patada, pero se puso a llorar como una Magdalena. Me dice que nunca quiso hacerme da\u00f1o, pero que esperaba que fuera m\u00e1s cari\u00f1oso con \u00e9l. En el fondo, que quer\u00eda estar conmigo\u00bb.<\/p>\n<p>Ante la negativa del exseminarista, el trato cambi\u00f3. \u00abMe hizo la vida a cuadritos\u00bb.<\/p>\n<figure class=\"media-landscape no-caption full-width\"><span class=\"image-and-copyright-container\"><img loading=\"lazy\" decoding=\"async\" class=\"responsive-image__img js-image-replace\" src=\"https:\/\/ichef.bbci.co.uk\/news\/624\/cpsprodpb\/DA46\/production\/_101987855_gettyimages-600686708.jpg\" alt=\"Solideo que usan los obispos\" width=\"976\" height=\"549\" data-highest-encountered-width=\"624\" \/><span class=\"off-screen\">Derechos de autor de la imagen<\/span><span class=\"story-image-copyright\">BEEANDBEE<\/span><\/span><\/figure>\n<h2 class=\"story-body__crosshead\">Masaje en la espalda al obispo<\/h2>\n<p>El padre M fue finalmente trasladado. \u00abRespir\u00e9 tranquilo\u00bb, cuenta Del R\u00edo. Pero no por mucho tiempo.<\/p>\n<p>Tras egresar del seminario y esperando fecha para su ordenaci\u00f3n sacerdotal, Sebasti\u00e1n dice que Duarte lo nombr\u00f3 su secretario. \u00abMe trataba p\u00e9simo. El maltrato, el abuso, la prepotencia\u2026 lo pas\u00e9 MUY mal en ese tiempo\u00bb.<\/p>\n<p>\u00abNo era mi secretario. Cuando sali\u00f3 del seminario qued\u00f3 sin destinaci\u00f3n y lo llev\u00e9 conmigo para que no anduviera dando vueltas. Porque estar de vacaciones un mes, pero no tres\u00bb, aclara Duarte.<\/p>\n<p>Sebasti\u00e1n finalmente fue destinado a una parroquia. Un d\u00eda el obispo lo llam\u00f3 a su departamento para hablar sobre su ordenaci\u00f3n. \u00abMientras convers\u00e1bamos, Gonzalo Duarte se mete al ba\u00f1o, me dice &#8216;acomp\u00e1\u00f1ame&#8217; y se desnuda el dorso\u00bb, asegura Sebasti\u00e1n.<\/p>\n<p>\u00abMe pasa un tubo de crema y me dice: hazme masaje en la espalda porque estoy con tanto dolor\u2026 Yo lo quedo mirando y le digo que por favor no se entere nadie porque no corresponde\u00bb.<\/p>\n<p>\u00abEso es una canallada\u00bb, arremete Duarte sobre el relato del exseminarista. \u00abFue el d\u00eda de la celebraci\u00f3n anual de los sacerdotes y en la catedral tenemos una ceremonia muy larga\u00bb.<\/p>\n<p>Duarte dice que el obispo auxiliar le pidi\u00f3 recibir a Del R\u00edo porque \u00abestaba llorando\u00bb.<\/p>\n<figure class=\"media-landscape has-caption full-width\"><span class=\"image-and-copyright-container\"><img loading=\"lazy\" decoding=\"async\" class=\"responsive-image__img js-image-replace\" src=\"https:\/\/ichef.bbci.co.uk\/news\/624\/cpsprodpb\/17686\/production\/_101987859_gettyimages-965246318.jpg\" alt=\"Sacerdote lav\u00e1ndose las manos en una misa.\" width=\"976\" height=\"549\" data-highest-encountered-width=\"624\" \/><span class=\"off-screen\">Derechos de autor de la imagen<\/span><span class=\"story-image-copyright\">GETTY IMAGES<\/span><\/span><figcaption class=\"media-caption\"><span class=\"off-screen\">Image caption<\/span><span class=\"media-caption__text\">Los testimonios aseguran que los abusos sexuales, de conciencia y de poder son un comportamiento constante y aceptado dentro de la di\u00f3cesis de Valpara\u00edso.<\/span><\/figcaption><\/figure>\n<p>\u00abYo no quer\u00eda recibirlo, pero le dije: &#8216;Ven, acomp\u00e1\u00f1ame a mi casa&#8217;. Entonces hice esto (se saca la camisa y se pone de espaldas al equipo de BBC Mundo) y le dije:\u00a0<strong>&#8216;\u00c9chame esta pomada aqu\u00ed y yo te escucho&#8217;<\/strong>. Eso fue todo. \u00a1Es una canallada! Y no uso otra palabra porque t\u00fa eres periodista y yo soy sacerdote\u00bb.<\/p>\n<div id=\"bbc-news-vj-iframe-content-placeholder\"><\/div>\n<div id=\"ns_datapic_iglesia4\" class=\"idt__mundo ns_datapic_quote ns_datapic_quote--iglesia4 newsspec_infographic_template\">\n<div class=\"ns_outer_wrapper ns_outer_wrapper__align-bottom\">\n<div class=\"ns_inner_wrapper\">\n<div class=\"ns_quote_mark\"><\/div>\n<p class=\"ns_quote ns_quote__size--medium\">Le dije: &#8216;\u00c9chame esta pomada aqu\u00ed y yo te escucho&#8217;. Eso fue todo. \u00a1Es una canallada!\u00bb.<\/p>\n<div class=\"ns_author ns_\">Gonzalo Duarte<\/div>\n<\/div>\n<div class=\"ns_outer_wrapper_img_src\"><\/div>\n<\/div>\n<\/div>\n<p>Tiempo despu\u00e9s y luego de que Del R\u00edo se quejara del acoso vivido en el seminario con el padre M, el obispo Duarte lo llam\u00f3 nuevamente a reuni\u00f3n.<\/p>\n<p>\u00abMe dijo: &#8216;He decidido no ordenarte sacerdote por considerarte copuchento (chismoso), hablador y metete (entrometido)&#8217;.<\/p>\n<p>\u00abCopuchento porque hice p\u00fablicas las orientaciones sexuales de un sacerdote, hablador porque habl\u00e9 del tema y metete porque qu\u00e9 te tienes que meter t\u00fa en estos temas\u00bb.<\/p>\n<p>Duarte confirma la frase, pero asegura que fue en otro contexto. \u00ab\u00c9l era un problema serio y el p\u00e1rroco a su cargo me pidi\u00f3 que por favor lo sacara\u00bb.<\/p>\n<p>\u00abEste ni\u00f1o ten\u00eda muchas quejas de mucha gente. Finalmente yo le ped\u00ed que se retirara porque no debi\u00f3 haber entrado\u00bb, confirma Duarte.<\/p>\n<p>En 2010 Sebasti\u00e1n present\u00f3 una\u00a0<strong>denuncia ante el nuncio apost\u00f3lico y la Santa Sede contra el padre M y el obispo Duarte. Nunca obtuvo respuesta.<\/strong><\/p>\n<p>Duarte asegura que nunca hubo una denuncia formal. Sin embargo cuando BBC Mundo le muestra el documento de la denuncia al que tuvo acceso dice: \u00abA m\u00ed eso nunca me lleg\u00f3\u00bb.<\/p>\n<h2 class=\"story-body__sub-heading\">MARCELA SU\u00c1REZ<\/h2>\n<p>Por a\u00f1os, Marcela Su\u00e1rez no pudo volver a pisar una iglesia. Hab\u00eda sido catequista y practicante hasta que un episodio de abuso la alej\u00f3 definitivamente de la Iglesia. O al menos de su c\u00fapula.<\/p>\n<p>En 2002, Marcela era directora de un hogar de menores en Valpara\u00edso. \u00abEran los menores m\u00e1s vulnerables, los que nadie quiere, en situaci\u00f3n de abandono\u00bb, le dice a BBC Mundo.<\/p>\n<p>Al hogar iba un sacerdote, Eduardo Olivares, quien era muy cercano a los ni\u00f1os.\u00a0<strong>\u00abLos fines de semana los sacaba y a nadie le parec\u00eda raro. Eran ni\u00f1os que nadie visitaba y si no se quedaban encerrados en el hogar\u00bb.<\/strong><\/p>\n<figure class=\"media-landscape has-caption full-width\"><span class=\"image-and-copyright-container\"><img loading=\"lazy\" decoding=\"async\" class=\"responsive-image__img js-image-replace\" src=\"https:\/\/ichef.bbci.co.uk\/news\/624\/cpsprodpb\/12866\/production\/_101987857_gettyimages-961493160.jpg\" alt=\"Ni\u00f1o con la cara tapada sentado en una escalera\" width=\"976\" height=\"549\" data-highest-encountered-width=\"624\" \/><span class=\"off-screen\">Derechos de autor de la imagen<\/span><span class=\"story-image-copyright\">GETTY IMAGES<\/span><\/span><figcaption class=\"media-caption\"><span class=\"off-screen\">Image caption<\/span><span class=\"media-caption__text\">La directora de un hogar de menores donde ni\u00f1os fueron abusados por un sacerdote denuncia que se intent\u00f3 encubrir el asunto para no llevarlo a la justicia.<\/span><\/figcaption><\/figure>\n<p>Pero un d\u00eda, en misa, un comentario llam\u00f3 la atenci\u00f3n de la asistente social. \u00abEn la pr\u00e9dica el padre dice:\u00a0<strong>&#8216;<\/strong><strong>Dios te quiere a ti<\/strong><strong>&#8216;<\/strong><strong>\u00a0y uno de los ni\u00f1os le responde: &#8216;Como a los que t\u00fa te comiste'\u00bb.<\/strong>\u00a0Eso encendi\u00f3 la alarma. Otro de los ni\u00f1os hab\u00eda sido acusado por el sacerdote de robo y al ser llamado por la directora rompi\u00f3 en llanto. \u00abMe contest\u00f3: &#8216;Eso no es nada comparado con lo que me hizo \u00e9l a m\u00ed'\u00bb.<\/p>\n<p>Las profesionales se dieron cuenta de que una decena de ni\u00f1os hab\u00eda sido abusada sexualmente por Olivares. El mayor ten\u00eda unos 15 y el menor, 8. \u00abLo enfrentamos pensando que iba a negar todo, pero lo \u00fanico que atin\u00f3 a decir fue: &#8216;Uyyyy, cuando se entere el obispo'\u00bb.<\/p>\n<p>Y el obispo se enter\u00f3. Marcela puso en conocimiento al director de la instituci\u00f3n.\u00a0<strong>\u00abUsted sabe que los ni\u00f1os son mentirosos\u00bb<\/strong>, fue su respuesta, pero ante la insistencia de la directora, llam\u00f3 a Duarte.<\/p>\n<p>\u00abLo recuerdo perfecto, porque era el d\u00eda de mi cumplea\u00f1os. El obispo lleg\u00f3 a hablar conmigo. \u00c9l es muy h\u00e1bil y me dijo: &#8216;Marcela, t\u00fa sabes que hay gente que le quiere hacer da\u00f1o a la Iglesia&#8217;, en tono amenazante. Yo le contest\u00e9 que no cre\u00eda que defendiendo a los ni\u00f1os que est\u00e1n bajo nuestro cuidado estaba da\u00f1ando a la Iglesia, al contrario\u00bb.<\/p>\n<p>Las profesionales no transaron y dijeron que o denunciaban ellos -como m\u00e1ximas autoridades a cargo- o iban ellas.<\/p>\n<div id=\"bbc-news-vj-iframe-content-placeholder\"><\/div>\n<div id=\"ns_datapic_iglesia2\" class=\"idt__mundo ns_datapic_quote ns_datapic_quote--iglesia2 newsspec_infographic_template\">\n<div class=\"ns_outer_wrapper ns_outer_wrapper__align-bottom\">\n<div class=\"ns_inner_wrapper\">\n<div class=\"ns_quote_mark\"><\/div>\n<p class=\"ns_quote ns_quote__size--small\">Part\u00edamos con los ni\u00f1os en la ma\u00f1ana y volv\u00edamos en la noche, en la camioneta de la polic\u00eda, que se apiadaba de nosotros y nos transportaba\u00bb.<\/p>\n<div class=\"ns_author ns_\">Marcela Su\u00e1rez<\/div>\n<\/div>\n<div class=\"ns_outer_wrapper_img_src\"><\/div>\n<\/div>\n<\/div>\n<p>Duarte, nuevamente, tiene otra versi\u00f3n: \u00abA ese muchacho yo lo llev\u00e9 al tribunal civil y despu\u00e9s al eclesi\u00e1stico\u00bb.<\/p>\n<p>Sin embargo,\u00a0<strong>el obispo puso al mejor abogado penalista de la regi\u00f3n a defender<\/strong><strong>\u00a0a Olivares<\/strong><strong>.\u00a0<\/strong><strong>Para<\/strong><strong>\u00a0los ni\u00f1os, ninguno.<\/strong><\/p>\n<p>\u00abNosotras fuimos las que tuvimos que llevarlos a los ex\u00e1menes para determinar los delitos. Nosotras los acompa\u00f1amos a declarar, part\u00edamos con ellos en la ma\u00f1ana y volv\u00edamos en la noche, en la camioneta de la polic\u00eda, que se apiadaba de nosotros y transportaba a los ni\u00f1os\u00bb.<\/p>\n<p>Finalmente Olivares fue encontrado culpable de abuso sexual y estupro. Sin embargo, no cumpli\u00f3 su condena en la c\u00e1rcel, sino en libertad vigilada.<\/p>\n<p>Tampoco fue suspendido de sus funciones hasta a\u00f1os despu\u00e9s. De hecho, Marcela lo vio en 2004 liderando un funeral y Sebasti\u00e1n del R\u00edo asegura que ten\u00eda que encerrarse con llave cuando Olivares ven\u00eda a oficiar misa en la parroquia donde estuvo destinado en 2007. Adem\u00e1s, Su\u00e1rez asegura que era muy cercano al padre M, con quien varias veces asisti\u00f3 al hogar.<\/p>\n<p>Un a\u00f1o despu\u00e9s de la denuncia y tras cinco a\u00f1os como directora,\u00a0<strong>Marcela Su\u00e1rez fue despedida. La explicaci\u00f3n fue que \u00abno correspond\u00eda que una mujer estuviera a cargo de un hogar de ni\u00f1os\u00bb.<\/strong><\/p>\n<h2 class=\"story-body__crosshead\">\u00abCultura de abuso\u00bb y \u00absistema de encubrimiento\u00bb<\/h2>\n<figure class=\"media-landscape has-caption full-width\"><span class=\"image-and-copyright-container\"><img loading=\"lazy\" decoding=\"async\" class=\"responsive-image__img js-image-replace\" src=\"https:\/\/ichef.bbci.co.uk\/news\/624\/cpsprodpb\/1ADE\/production\/_101987860_4a06cb27-d705-4335-8fc2-0c439a604764.jpg\" alt=\"Papa Francisco\" width=\"976\" height=\"549\" data-highest-encountered-width=\"624\" \/><span class=\"off-screen\">Derechos de autor de la imagen<\/span><span class=\"story-image-copyright\">REUTERS<\/span><\/span><figcaption class=\"media-caption\"><span class=\"off-screen\">Image caption<\/span><span class=\"media-caption__text\">En un movimiento in\u00e9dito e hist\u00f3rico, Francisco asegur\u00f3 que en Chile exist\u00eda una \u00abcultura de abuso\u00bb y un \u00absistema de encubrimiento\u00bb en Chile.<\/span><\/figcaption><\/figure>\n<p>La denunciada red de protecci\u00f3n en la di\u00f3cesis de Valpara\u00edso es s\u00f3lo una de las que hoy est\u00e1n en la mira del Vaticano.<\/p>\n<p>El papa Francisco ya ha ordenado dos investigaciones por abuso sexual, enviando a sus mejores expertos del Vaticano a Chile, tras las repercusiones del \u00abCaso Karadima\u00bb, en el que se acus\u00f3 a la c\u00fapula eclesi\u00e1stica de encubrir los abusos sexuales del influyente sacerdote Fernando Karadima y abri\u00f3 la caja de pandora de los abusos en Chile.<\/p>\n<p>En un movimiento in\u00e9dito e hist\u00f3rico, el Papa asegur\u00f3 que en Chile exist\u00eda una \u00abcultura de abuso\u00bb y un \u00absistema de encubrimiento\u00bb. Todos los obispos pusieron su cargo a disposici\u00f3n y esta semana se la acept\u00f3 a tres de ellos, incluido Duarte.<\/p>\n<div id=\"bbc-news-vj-iframe-content-placeholder\"><\/div>\n<div id=\"ns_datapic_iglesia6\" class=\"idt__mundo ns_datapic_quote ns_datapic_quote--iglesia6 newsspec_infographic_template\">\n<div class=\"ns_outer_wrapper ns_outer_wrapper__align-bottom\">\n<div class=\"ns_inner_wrapper\">\n<div class=\"ns_quote_mark\"><\/div>\n<p class=\"ns_quote ns_quote__size--small\">Cuando hay declaraciones de personas de distintos lugares, tiempos y contextos donde puedes ver patrones muy similares, es claro que los testimonios son veros\u00edmiles \u00ab.<\/p>\n<div class=\"ns_author ns_\">Eugenio de la Fuente<\/div>\n<\/div>\n<div class=\"ns_outer_wrapper_img_src\"><\/div>\n<\/div>\n<\/div>\n<p>\u00abEstos no son casos aislados. Estamos hablando de\u00a0<strong>un grupo de personas que se concertan para abusar<\/strong>\u00ab, comenta Sebasti\u00e1n del R\u00edo.<\/p>\n<p>\u00ab<strong>Es dif\u00edcil probar judicialmente los delitos. Pero cuando tienes declaraciones de personas de distintos lugares, tiempos y contextos donde puedes ver patrones muy similares, es claro que hay un modus operandi que se repite y que los testimonios son veros\u00edmiles\u00bb<\/strong>, le explica a BBC Mundo el sacerdote Eugenio de la Fuente.<\/p>\n<p>\u00c9l sufri\u00f3 abuso de poder de parte de Karadima y estuvo con el Papa relat\u00e1ndole otros casos similares que confirmar\u00edan la \u00abcultura del abuso\u00bb.<\/p>\n<figure class=\"media-landscape has-caption full-width\"><span class=\"image-and-copyright-container\"><img loading=\"lazy\" decoding=\"async\" class=\"responsive-image__img js-image-replace\" src=\"https:\/\/ichef.bbci.co.uk\/news\/624\/cpsprodpb\/68FE\/production\/_101987862_gettyimages-961727902.jpg\" alt=\"Francisco Astaburuaga, Eugenio de la Fuente y Alejandro Vial.\" width=\"976\" height=\"549\" data-highest-encountered-width=\"624\" \/><span class=\"off-screen\">Derechos de autor de la imagen<\/span><span class=\"story-image-copyright\">AFP<\/span><\/span><figcaption class=\"media-caption\"><span class=\"off-screen\">Image caption<\/span><span class=\"media-caption__text\">\u00abEsto es un problema extendido por todo Chile. Los actos impropios se normalizan y la descalificaci\u00f3n de las v\u00edctimas, cuando se atreven a hablar, es de manual\u00bb, le dice a BBC Mundo Eugenio de la Fuente (al centro), quien se reuni\u00f3 con el Papa para exponer la grave situaci\u00f3n que vive la Iglesia chilena.<\/span><\/figcaption><\/figure>\n<p>\u00abEsto es un problema extendido por todo Chile. Los actos impropios se normalizan y la descalificaci\u00f3n de las v\u00edctimas, cuando se atreven a hablar, es de manual\u00bb.<\/p>\n<ul class=\"story-body__unordered-list\">\n<li class=\"story-body__list-item\">Renuncia de los obispos de Chile: \u00abCastigar a los nefastos encubridores es un tratamiento de shock para obispos sordos y tontos\u00bb<\/li>\n<\/ul>\n<p>En lo que muchos de los religiosos y v\u00edctimas en contacto con el Papa coinciden es en que la salida del obispo Duarte, junto a Juan Barros y Cristi\u00e1n Caro, es s\u00f3lo el comienzo. \u00abObvio que vienen m\u00e1s\u00bb.<\/p>\n<p>BBC Mundo intent\u00f3 ubicar a todos los sacerdotes nombrados en este art\u00edculo, pero ninguno respondi\u00f3. El padre M se encuentra con labores activas en una parroquia, el padre H est\u00e1 retirado en una casa sacerdotal y Eduardo Olivares fue suspendido del ejercicio de su ministerio sacerdotal tras la condena definitiva en 2008.<\/p>\n<p><strong><i>*\u00a0<\/i><\/strong><strong><i>Este art\u00edculo fue realizado con la colaboraci\u00f3n de Daniel Pizarro.<\/i><\/strong><\/p>\n<figure class=\"media-landscape no-caption body-width\"><span class=\"image-and-copyright-container\"><img loading=\"lazy\" decoding=\"async\" class=\"responsive-image__img js-image-replace\" src=\"https:\/\/ichef.bbci.co.uk\/news\/624\/cpsprodpb\/179B8\/production\/_101969669_464x2_line.jpg\" alt=\"Raya\" width=\"464\" height=\"2\" data-highest-encountered-width=\"624\" \/><\/span><\/figure>\n<p><i>Ahora puedes recibir notificaciones de BBC Mundo. Descarga la nueva versi\u00f3n de nuestra app y act\u00edvalas para no perderte nuestro mejor contenido.<\/i><\/p>\n","protected":false},"excerpt":{"rendered":"<p>Puertas afuera, disciplina militar; puertas adentro, acusaciones de, al menos, hacer la vista gorda a abusos sexuales. Gonzalo Duarte es uno de los tres obispos chilenos, junto a Juan Barros y Cristi\u00e1n Caro, cuyas renuncias fueron aceptadas por el papa Francisco, en medio del terremoto que ha remecido a la instituci\u00f3n en Chile y en [&hellip;]<\/p>\n","protected":false},"author":4,"featured_media":65972,"comment_status":"open","ping_status":"open","sticky":false,"template":"","format":"standard","meta":{"footnotes":""},"categories":[84],"tags":[],"class_list":["post-65971","post","type-post","status-publish","format-standard","has-post-thumbnail","hentry","category-otras-noticias"],"_links":{"self":[{"href":"https:\/\/2horizontes.com\/index.php?rest_route=\/wp\/v2\/posts\/65971","targetHints":{"allow":["GET"]}}],"collection":[{"href":"https:\/\/2horizontes.com\/index.php?rest_route=\/wp\/v2\/posts"}],"about":[{"href":"https:\/\/2horizontes.com\/index.php?rest_route=\/wp\/v2\/types\/post"}],"author":[{"embeddable":true,"href":"https:\/\/2horizontes.com\/index.php?rest_route=\/wp\/v2\/users\/4"}],"replies":[{"embeddable":true,"href":"https:\/\/2horizontes.com\/index.php?rest_route=%2Fwp%2Fv2%2Fcomments&post=65971"}],"version-history":[{"count":1,"href":"https:\/\/2horizontes.com\/index.php?rest_route=\/wp\/v2\/posts\/65971\/revisions"}],"predecessor-version":[{"id":65973,"href":"https:\/\/2horizontes.com\/index.php?rest_route=\/wp\/v2\/posts\/65971\/revisions\/65973"}],"wp:featuredmedia":[{"embeddable":true,"href":"https:\/\/2horizontes.com\/index.php?rest_route=\/wp\/v2\/media\/65972"}],"wp:attachment":[{"href":"https:\/\/2horizontes.com\/index.php?rest_route=%2Fwp%2Fv2%2Fmedia&parent=65971"}],"wp:term":[{"taxonomy":"category","embeddable":true,"href":"https:\/\/2horizontes.com\/index.php?rest_route=%2Fwp%2Fv2%2Fcategories&post=65971"},{"taxonomy":"post_tag","embeddable":true,"href":"https:\/\/2horizontes.com\/index.php?rest_route=%2Fwp%2Fv2%2Ftags&post=65971"}],"curies":[{"name":"wp","href":"https:\/\/api.w.org\/{rel}","templated":true}]}}