{"id":6597,"date":"2015-05-10T20:27:41","date_gmt":"2015-05-10T19:27:41","guid":{"rendered":"http:\/\/2horizontes.com\/?p=6597"},"modified":"2015-05-10T20:27:41","modified_gmt":"2015-05-10T19:27:41","slug":"una-veintena-de-muertos-en-macedonia","status":"publish","type":"post","link":"https:\/\/2horizontes.com\/?p=6597","title":{"rendered":"Una veintena de muertos en Macedonia"},"content":{"rendered":"<p>El precario equilibrio en que tradicionalmente viven instalados los Balcanes est\u00e1 a punto de romperse en uno de los pa\u00edses que m\u00e1s indemne sali\u00f3 de las guerras de desintegraci\u00f3n de Yugoslavia (1992-1995). La Antigua Rep\u00fablica Yugoslava de Macedonia (FYROM, en sus siglas inglesas) registra desde primeras horas de este s\u00e1bado graves incidentes que han costado la vida a 22 personas, ocho de ellas polic\u00edas y el resto, presuntos integrantes de un grupo armado o terrorista \u2013la denominaci\u00f3n var\u00eda seg\u00fan las fuentes- que ha mantenido la localidad de Kumanovo, de mayor\u00eda \u00e9tnica albanesa, en virtual estado de sitio. Es el \u00faltimo cap\u00edtulo de una escalada de inestabilidad que se inici\u00f3 hace meses, con la revelaci\u00f3n de un esc\u00e1ndalo de v\u00eddeo-espionaje que encresp\u00f3 a la oposici\u00f3n y a la opini\u00f3n p\u00fablica y que ha puesto contra las cuerdas al primer ministro, Nikola Gruevski.<\/p>\n<p><!--more--><\/p>\n<p>El Gobierno de Skopje agita el fantasma de la intervenci\u00f3n extranjera en el pa\u00eds, donde un cuarto de sus dos millones de habitantes son de etnia albanesa. En concreto, las autoridades atribuyen al conocido Ej\u00e9rcito de Liberaci\u00f3n de Kosovo (UCK, en sus siglas albanesas) haberse atrincherado durante casi 48 horas en Kumanovo, 40 kil\u00f3metros al norte de la capital macedonia y cercana a la frontera serbia, en plena ruta de paso de inmigrantes irregulares desde Grecia hacia el norte. \u201cMuchos de estos hombres armados eran parte del grupo que atac\u00f3 el puesto fronterizo de Gosince, pero tambi\u00e9n hab\u00eda gente que ha luchado en las guerras de Oriente Pr\u00f3ximo\u201d, inform\u00f3 Gruevski, en referencia al ataque ocurrido el pasado 21 de abril, cuando alrededor de 40 kosovares armados, que se identificaron como miembros del UCK, tomaron durante horas ese puesto fronterizo entre Macedonia y Kosovo.<\/p>\n<p>Seg\u00fan Gruevski, el objetivo de los terroristas era \u201cpracticar asesinatos masivos en centros comerciales y comisar\u00edas con el fin de desestabilizar el pa\u00eds\u201d, si bien recalc\u00f3 que el episodio no puede definirse como un conflicto macedonio-alban\u00e9s. Los ataques, sin embargo, no han sido reivindicados por grupo alguno.<\/p>\n<p>La Comisi\u00f3n Europea ha expresado su preocupaci\u00f3n por los graves incidentes de Kumanovo, igual que hab\u00eda hecho semanas antes Bruselas por el deterioro de derechos fundamentales como la libertad de expresi\u00f3n y de prensa. En enero, un l\u00edder opositor revel\u00f3 la pr\u00e1ctica de videovigilancia por parte de las autoridades y denunci\u00f3 el estricto control del Estado sobre los medios (FYROM ocupa el puesto 117\u00ba en el \u00edndice mundial de libertad de prensa, frente al 45\u00ba en 2006, cuando Gruevski lleg\u00f3 al poder), la judicatura e, incluso, los procesos electorales.<\/p>\n<p>El UCK luch\u00f3 contra el Ej\u00e9rcito serbio durante la guerra de la provincia serbia de Kosovo, en 1999, y fue el germen del primer Gobierno del pa\u00eds, que declar\u00f3 unilateralmente su independencia en 2008 (y que no reconocen cinco pa\u00edses de la UE, entre ellos Espa\u00f1a). La rama macedonia del UCK se enfrent\u00f3 tambi\u00e9n con las fuerzas de seguridad de FYROM en 2001, en un breve conflicto armado al que pusieron fin los acuerdos de Ohrid. El objetivo de su lucha es lograr m\u00e1s derechos para la importante minor\u00eda albanesa, as\u00ed como un mayor grado de autonom\u00eda. En el horizonte de las minor\u00edas albanesas de la regi\u00f3n \u2014la de FYROM, pero tambi\u00e9n la de Serbia\u2014 figura la creaci\u00f3n de una gran Albania junto con los albanokosovares. Serbia ha incrementado la vigilancia de sus fronteras con FYROM en el valle de Presevo, habitado por una mayor\u00eda albanesa.<\/p>\n<p>FYROM, el nombre t\u00e9cnico con que se conoce a Macedonia dado que el contencioso entre Atenas y Skopje sobre el uso del nombre hist\u00f3rico a\u00fan no se ha resuelto, no es el \u00fanico factor de inestabilidad de los Balcanes. En la Rep\u00fablica Serbia de Bosnia \u2014una de las dos entidades que constituyen la federaci\u00f3n\u2014 se han producido en los \u00faltimos d\u00edas redadas policiales contra medios radicales tras el primer ataque islamista registrado en el pa\u00eds tras la guerra de 1992-1995. El 27 de abril, un hombre armado mat\u00f3 a un polic\u00eda en una comisar\u00eda de polic\u00eda al grito de \u201cAl\u00e1 es grande\u201d. Bosnia acogi\u00f3 en su suelo durante la guerra a cientos de islamistas llegados de pa\u00edses \u00e1rabes para apoyar a las fuerzas musulmanas. Casi todos dejaron el pa\u00eds, pero su interpretaci\u00f3n rigorista del islam fue adoptada por algunos bosniacos, algunos de los cuales se han sumado a la yihad en Siria e Irak.<\/p>\n","protected":false},"excerpt":{"rendered":"<p>El precario equilibrio en que tradicionalmente viven instalados los Balcanes est\u00e1 a punto de romperse en uno de los pa\u00edses que m\u00e1s indemne sali\u00f3 de las guerras de desintegraci\u00f3n de Yugoslavia (1992-1995). La Antigua Rep\u00fablica Yugoslava de Macedonia (FYROM, en sus siglas inglesas) registra desde primeras horas de este s\u00e1bado graves incidentes que han costado [&hellip;]<\/p>\n","protected":false},"author":2,"featured_media":6598,"comment_status":"open","ping_status":"open","sticky":false,"template":"","format":"standard","meta":{"footnotes":""},"categories":[40],"tags":[],"class_list":["post-6597","post","type-post","status-publish","format-standard","has-post-thumbnail","hentry","category-internacionales"],"_links":{"self":[{"href":"https:\/\/2horizontes.com\/index.php?rest_route=\/wp\/v2\/posts\/6597","targetHints":{"allow":["GET"]}}],"collection":[{"href":"https:\/\/2horizontes.com\/index.php?rest_route=\/wp\/v2\/posts"}],"about":[{"href":"https:\/\/2horizontes.com\/index.php?rest_route=\/wp\/v2\/types\/post"}],"author":[{"embeddable":true,"href":"https:\/\/2horizontes.com\/index.php?rest_route=\/wp\/v2\/users\/2"}],"replies":[{"embeddable":true,"href":"https:\/\/2horizontes.com\/index.php?rest_route=%2Fwp%2Fv2%2Fcomments&post=6597"}],"version-history":[{"count":1,"href":"https:\/\/2horizontes.com\/index.php?rest_route=\/wp\/v2\/posts\/6597\/revisions"}],"predecessor-version":[{"id":6599,"href":"https:\/\/2horizontes.com\/index.php?rest_route=\/wp\/v2\/posts\/6597\/revisions\/6599"}],"wp:featuredmedia":[{"embeddable":true,"href":"https:\/\/2horizontes.com\/index.php?rest_route=\/wp\/v2\/media\/6598"}],"wp:attachment":[{"href":"https:\/\/2horizontes.com\/index.php?rest_route=%2Fwp%2Fv2%2Fmedia&parent=6597"}],"wp:term":[{"taxonomy":"category","embeddable":true,"href":"https:\/\/2horizontes.com\/index.php?rest_route=%2Fwp%2Fv2%2Fcategories&post=6597"},{"taxonomy":"post_tag","embeddable":true,"href":"https:\/\/2horizontes.com\/index.php?rest_route=%2Fwp%2Fv2%2Ftags&post=6597"}],"curies":[{"name":"wp","href":"https:\/\/api.w.org\/{rel}","templated":true}]}}