{"id":65968,"date":"2018-06-13T14:08:07","date_gmt":"2018-06-13T13:08:07","guid":{"rendered":"http:\/\/2horizontes.com\/?p=65968"},"modified":"2018-06-13T14:08:07","modified_gmt":"2018-06-13T13:08:07","slug":"mexico-estados-unidos-y-canada-seran-las-sedes-del-mundial-2026","status":"publish","type":"post","link":"https:\/\/2horizontes.com\/?p=65968","title":{"rendered":"M\u00e9xico, Estados Unidos y Canad\u00e1 ser\u00e1n las sedes del Mundial 2026"},"content":{"rendered":"<p class=\"story-body__introduction\">La FIFA eligi\u00f3 este mi\u00e9rcoles en Mosc\u00fa a la candidatura conjunta de M\u00e9xico, Estados Unidos y Canad\u00e1 como sede del Mundial de F\u00fatbol que se celebrar\u00e1 en 2026. Ser\u00e1 la primera vez que este campeonato se juegue en tres pa\u00edses.<\/p>\n<p>El otro aspirante era\u00a0<strong>Marruecos<\/strong>.<\/p>\n<p>La candidatura conjunta recibi\u00f3 el\u00a0<strong>apoyo de 134<\/strong><strong>de las 203 federaciones<\/strong>\u00a0que pod\u00edan votar mientras que su oponente consigui\u00f3 65.<\/p>\n<ul class=\"story-body__unordered-list\">\n<li class=\"story-body__list-item\">Anuncian \u00abhist\u00f3rica\u00bb candidatura conjunta de M\u00e9xico, Estados Unidos y Canad\u00e1 para el Mundial de 2026&#8230; pero a los mexicanos les dan \u00abmigajas\u00bb<\/li>\n<\/ul>\n<p>El n\u00famero total de votantes se debe a que Ghana no asisti\u00f3 al congreso y los pa\u00edses postulantes no pod\u00edan votar, lo que incluye a los territorios bajo administraci\u00f3n estadounidense: Puerto Rico, Guam y las Islas V\u00edrgenes de EE.UU.<\/p>\n<figure class=\"media-landscape has-caption full-width\"><span class=\"image-and-copyright-container\"><img loading=\"lazy\" decoding=\"async\" class=\"responsive-image__img js-image-replace\" src=\"https:\/\/ichef.bbci.co.uk\/news\/624\/cpsprodpb\/165D0\/production\/_102000619_gettyimages-649033170.jpg\" alt=\"Fez\" width=\"976\" height=\"549\" data-highest-encountered-width=\"624\" \/><span class=\"off-screen\">Derechos de autor de la imagen\u00a0<\/span><span class=\"story-image-copyright\">GETTY IMAGES<\/span><\/span><figcaption class=\"media-caption\"><span class=\"off-screen\">Image caption<\/span><span class=\"media-caption__text\">Marruecos era la otra alternativa.<\/span><\/figcaption><\/figure>\n<p>El Mundial de 2026 ser\u00e1 el<strong>\u00a0torneo de mayor dimensi\u00f3n<\/strong>, ya que se pasar\u00e1 a 48 equipos que competir\u00e1n en 16 grupos de tres selecciones.<\/p>\n<p>Seg\u00fan la propuesta inicial, mexicanos y canadienses organizar\u00edan 10 encuentros cada uno mientras que a los estadounidenses les tocar\u00eda un total de 60.<\/p>\n<ul class=\"story-body__unordered-list\">\n<li class=\"story-body__list-item\">Por qu\u00e9 M\u00e9xico no est\u00e1 preparado para organizar un Mundial de f\u00fatbol como el de 2026 por su cuenta<\/li>\n<\/ul>\n<p>A partir de cuartos de final, los partidos s\u00f3lo se jugar\u00edan en territorio estadounidense.<\/p>\n<p>Pero el formato puede cambiar, ya que la<strong>\u00a0FIFA es quien lo decide<\/strong>. Aunque este no se har\u00e1 p\u00fablico hasta mayo de 2020.<\/p>\n<figure class=\"media-landscape no-caption body-width\"><span class=\"image-and-copyright-container\"><img loading=\"lazy\" decoding=\"async\" class=\"responsive-image__img js-image-replace\" src=\"https:\/\/ichef.bbci.co.uk\/news\/624\/cpsprodpb\/132EB\/production\/_101817587_line976.jpg\" alt=\"L\u00ednea\" width=\"464\" height=\"2\" data-highest-encountered-width=\"624\" \/><\/span><\/figure>\n<p><i>Ahora puedes recibir notificaciones de BBC Mundo. Descarga la nueva versi\u00f3n de nuestra app y act\u00edvalas para no perderte nuestro mejor contenido.<\/i><\/p>\n","protected":false},"excerpt":{"rendered":"<p>La FIFA eligi\u00f3 este mi\u00e9rcoles en Mosc\u00fa a la candidatura conjunta de M\u00e9xico, Estados Unidos y Canad\u00e1 como sede del Mundial de F\u00fatbol que se celebrar\u00e1 en 2026. Ser\u00e1 la primera vez que este campeonato se juegue en tres pa\u00edses. El otro aspirante era\u00a0Marruecos. La candidatura conjunta recibi\u00f3 el\u00a0apoyo de 134de las 203 federaciones\u00a0que pod\u00edan [&hellip;]<\/p>\n","protected":false},"author":4,"featured_media":65969,"comment_status":"open","ping_status":"open","sticky":false,"template":"","format":"standard","meta":{"footnotes":""},"categories":[40],"tags":[],"class_list":["post-65968","post","type-post","status-publish","format-standard","has-post-thumbnail","hentry","category-internacionales"],"_links":{"self":[{"href":"https:\/\/2horizontes.com\/index.php?rest_route=\/wp\/v2\/posts\/65968","targetHints":{"allow":["GET"]}}],"collection":[{"href":"https:\/\/2horizontes.com\/index.php?rest_route=\/wp\/v2\/posts"}],"about":[{"href":"https:\/\/2horizontes.com\/index.php?rest_route=\/wp\/v2\/types\/post"}],"author":[{"embeddable":true,"href":"https:\/\/2horizontes.com\/index.php?rest_route=\/wp\/v2\/users\/4"}],"replies":[{"embeddable":true,"href":"https:\/\/2horizontes.com\/index.php?rest_route=%2Fwp%2Fv2%2Fcomments&post=65968"}],"version-history":[{"count":1,"href":"https:\/\/2horizontes.com\/index.php?rest_route=\/wp\/v2\/posts\/65968\/revisions"}],"predecessor-version":[{"id":65970,"href":"https:\/\/2horizontes.com\/index.php?rest_route=\/wp\/v2\/posts\/65968\/revisions\/65970"}],"wp:featuredmedia":[{"embeddable":true,"href":"https:\/\/2horizontes.com\/index.php?rest_route=\/wp\/v2\/media\/65969"}],"wp:attachment":[{"href":"https:\/\/2horizontes.com\/index.php?rest_route=%2Fwp%2Fv2%2Fmedia&parent=65968"}],"wp:term":[{"taxonomy":"category","embeddable":true,"href":"https:\/\/2horizontes.com\/index.php?rest_route=%2Fwp%2Fv2%2Fcategories&post=65968"},{"taxonomy":"post_tag","embeddable":true,"href":"https:\/\/2horizontes.com\/index.php?rest_route=%2Fwp%2Fv2%2Ftags&post=65968"}],"curies":[{"name":"wp","href":"https:\/\/api.w.org\/{rel}","templated":true}]}}