{"id":65962,"date":"2018-06-11T23:38:33","date_gmt":"2018-06-11T22:38:33","guid":{"rendered":"http:\/\/2horizontes.com\/?p=65962"},"modified":"2018-06-11T23:38:33","modified_gmt":"2018-06-11T22:38:33","slug":"recesan-audiencia-preliminar-contra-marlon-y-marlin-por-huelga-del-falpo","status":"publish","type":"post","link":"https:\/\/2horizontes.com\/?p=65962","title":{"rendered":"Recesan audiencia preliminar contra Marlon y Marlin por huelga del FALPO"},"content":{"rendered":"<div id=\"ArticleAuthorDiv\" class=\"article-body-author\"><b>Dalton Herrera<\/b><\/div>\n<div id=\"ArticleSourceDiv\" class=\"article-body-author\"><b>San Francisco de Macor\u00eds<\/b><\/div>\n<div id=\"ArticleBody\">\n<p>La jueza del primer Juzgado de Instrucci\u00f3n de la provincia de San Francisco de Macor\u00eds, Isolina Contreras Peralta, reces\u00f3 esta tarde el conocimiento del juicio preliminar por el asesinato de la adolescente Emely Peguero, en contra de Marlon y Marlin Mart\u00ednez, debido a la inseguridad que representa el llamado a huelga por 48 horas que hizo el Frente Amplio de Lucha Popular (FALPO), en esa provincia.<\/p>\n<p>La magistrada tambi\u00e9n sostuvo que debido a las avanzadas horas del d\u00eda de hoy se dificulta conocer el proceso, por lo que fij\u00f3 la continuaci\u00f3n de la audiencia para este viernes 15 de junio a partir de las 11:00 de la ma\u00f1ana.<\/p>\n<p>Para el pr\u00f3ximo encuentro queda pendiente la presentaci\u00f3n de pruebas del Ministerio P\u00fablico, puesto que solo se ley\u00f3 el expediente donde dice que tiene 17 testigos en contra de los acusados, as\u00ed como videos de las ruedas de prensa que fueron examinados por las autoridades competentes.<\/p>\n<p>En el documento consta un video de la c\u00e1mara de seguridad del edificio donde presuntamente fue asesinada la adolescente, donde se observa cuando Emely ingresa al edificio junto a Marlon Mart\u00ednez, y luego solo sale \u00e9l con un saco donde se presume fue albergado el cuerpo de la menor.<\/p>\n<p>Los movimientos sociales convocan huelga para ma\u00f1ana y pasado en esa provincia y Salcedo, en reclamo de varias reivindicaciones sociales.<\/p>\n<\/div>\n","protected":false},"excerpt":{"rendered":"<p>Dalton Herrera San Francisco de Macor\u00eds La jueza del primer Juzgado de Instrucci\u00f3n de la provincia de San Francisco de Macor\u00eds, Isolina Contreras Peralta, reces\u00f3 esta tarde el conocimiento del juicio preliminar por el asesinato de la adolescente Emely Peguero, en contra de Marlon y Marlin Mart\u00ednez, debido a la inseguridad que representa el llamado [&hellip;]<\/p>\n","protected":false},"author":1,"featured_media":65963,"comment_status":"open","ping_status":"open","sticky":false,"template":"","format":"standard","meta":{"footnotes":""},"categories":[44],"tags":[],"class_list":["post-65962","post","type-post","status-publish","format-standard","has-post-thumbnail","hentry","category-republica-dominicana"],"_links":{"self":[{"href":"https:\/\/2horizontes.com\/index.php?rest_route=\/wp\/v2\/posts\/65962","targetHints":{"allow":["GET"]}}],"collection":[{"href":"https:\/\/2horizontes.com\/index.php?rest_route=\/wp\/v2\/posts"}],"about":[{"href":"https:\/\/2horizontes.com\/index.php?rest_route=\/wp\/v2\/types\/post"}],"author":[{"embeddable":true,"href":"https:\/\/2horizontes.com\/index.php?rest_route=\/wp\/v2\/users\/1"}],"replies":[{"embeddable":true,"href":"https:\/\/2horizontes.com\/index.php?rest_route=%2Fwp%2Fv2%2Fcomments&post=65962"}],"version-history":[{"count":1,"href":"https:\/\/2horizontes.com\/index.php?rest_route=\/wp\/v2\/posts\/65962\/revisions"}],"predecessor-version":[{"id":65964,"href":"https:\/\/2horizontes.com\/index.php?rest_route=\/wp\/v2\/posts\/65962\/revisions\/65964"}],"wp:featuredmedia":[{"embeddable":true,"href":"https:\/\/2horizontes.com\/index.php?rest_route=\/wp\/v2\/media\/65963"}],"wp:attachment":[{"href":"https:\/\/2horizontes.com\/index.php?rest_route=%2Fwp%2Fv2%2Fmedia&parent=65962"}],"wp:term":[{"taxonomy":"category","embeddable":true,"href":"https:\/\/2horizontes.com\/index.php?rest_route=%2Fwp%2Fv2%2Fcategories&post=65962"},{"taxonomy":"post_tag","embeddable":true,"href":"https:\/\/2horizontes.com\/index.php?rest_route=%2Fwp%2Fv2%2Ftags&post=65962"}],"curies":[{"name":"wp","href":"https:\/\/api.w.org\/{rel}","templated":true}]}}