{"id":65956,"date":"2018-06-11T23:26:31","date_gmt":"2018-06-11T22:26:31","guid":{"rendered":"http:\/\/2horizontes.com\/?p=65956"},"modified":"2018-06-11T23:26:31","modified_gmt":"2018-06-11T22:26:31","slug":"hallan-dos-ninas-muertas-en-un-cuartel-de-la-gendarmeria-francesa","status":"publish","type":"post","link":"https:\/\/2horizontes.com\/?p=65956","title":{"rendered":"Hallan dos ni\u00f1as muertas en un cuartel de la gendarmer\u00eda francesa"},"content":{"rendered":"<ul class=\"story-leaf-subtitles\">\n<li class=\"story-leaf-one-subtitle\">Se baraja la hip\u00f3tesis de un envenamiento o una intoxicaci\u00f3n alimentaria<\/li>\n<\/ul>\n<div class=\"story-leaf-body\">\n<div class=\"story-leaf-txt-p\" data-gtm-element-container=\"modulo-texto-link\">\n<p><b>Dos ni\u00f1as<\/b>\u00a0de corta edad fueron<b>\u00a0encontradas muertas<\/b>\u00a0en su cama el domingo por la tarde en un apartamento oficial de una brigada de\u00a0<b>gendarmer\u00eda\u00a0<\/b>cerca de Lyon, seg\u00fan fuentes oficiales de la gendarmer\u00eda.<\/p>\n<p>Las dos ni\u00f1as, nacidas en 2012 y 2014, estaban descansando en su habitaci\u00f3n y fue su madre quien hizo el macabro hallazgo sobre las 18:00, seg\u00fan apunta la agencia AFP, que cita fuentes policiales. La informaci\u00f3n fue recogida en primer lugar por el diario regional\u00a0Le Progres. Los bomberos, alertados inmediatamente, trataron en vano de reanimar a las ni\u00f1as.<\/p>\n<div id=\"hybs-mslot-5b2230c9-4\"><\/div>\n<div>\n<figure class=\"story-leaf-body-image\"><img decoding=\"async\" class=\"img-responsive\" src=\"http:\/\/www.lavanguardia.com\/r\/GODO\/LV\/p5\/WebSite\/2018\/06\/11\/Recortada\/AFP_15T99S_20180611111335-k9jG--656x437@LaVanguardia-Web.jpg\" alt=\"La gendarmer\u00eda de Limonest, cerca de Lyon. AFP PHOTO \/ JEFF PACHOUD\" \/><figcaption>La gendarmer\u00eda de Limonest, cerca de Lyon. AFP PHOTO \/ JEFF PACHOUD<\/figcaption><\/figure>\n<\/div>\n<div class=\"story-leaf-despiece\">\n<div class=\"story-leaf-despiece-title\">\n<p>Un envenamiento o una intoxicaci\u00f3n alimentaria<\/p>\n<\/div>\n<\/div>\n<p>La madre, en estado de shock, a\u00fan permanace hospitalizada. El padr, un sargento de la brigada de gendarmer\u00eda de Limonest, no se encontraba en el domicilio en el momento de los hechos, ya que hab\u00eda acudido a un evento deportivo.<\/p>\n<p>La investigaci\u00f3ncorre a cargo de la secci\u00f3n de investigaci\u00f3n de la gendarmer\u00eda de Limonest. La fiscal\u00eda de Lyon ha abierto una investigaci\u00f3n para esclarecer el caso. La autopsia se realizar\u00e1 durante el d\u00eda de hoy, lunes, y deber\u00e1 servir para para determinar las causas de la muerte de las ni\u00f1as.<\/p>\n<p>De momento, se baraja la hip\u00f3tesis de un\u00a0<b>envenamiento o una intoxicaci\u00f3n alimentaria<\/b>, seg\u00fan fuentes cercanas a la investigaci\u00f3n. Al parecer, los<b>\u00a0padres<\/b>\u00a0de las v\u00edctimas estaban en\u00a0<b>proceso de separaci\u00f3n.<\/b>Otras dos personas, adem\u00e1s de la madre de las ni\u00f1as, estaban en el apartamento en el momento de los hechos.<\/p>\n<div class=\"story-leaf-despiece\">\n<div class=\"story-leaf-despiece-title\">\n<p>Los padres de las ni\u00f1as se est\u00e1n separando<\/p>\n<\/div>\n<\/div>\n<div>\n<figure class=\"story-leaf-body-image\"><img decoding=\"async\" class=\"img-responsive\" src=\"http:\/\/www.lavanguardia.com\/r\/GODO\/LV\/p5\/WebSite\/2018\/06\/11\/Recortada\/AFP_15Q6WZ_20180608174049-k9jG--656x437@LaVanguardia-Web.jpg\" alt=\"La gendarmer\u00eda de Limonest, cerca de Lyon. AFP PHOTO \/ JEFF PACHOUD\" \/><figcaption>La gendarmer\u00eda de Limonest, cerca de Lyon. AFP PHOTO \/ JEFF PACHOUD<\/figcaption><\/figure>\n<\/div>\n<div id=\"signwall\"><\/div>\n<\/div>\n<\/div>\n<div class=\"story-leaf-topics btn-group\" role=\"group\"><\/div>\n","protected":false},"excerpt":{"rendered":"<p>Se baraja la hip\u00f3tesis de un envenamiento o una intoxicaci\u00f3n alimentaria Dos ni\u00f1as\u00a0de corta edad fueron\u00a0encontradas muertas\u00a0en su cama el domingo por la tarde en un apartamento oficial de una brigada de\u00a0gendarmer\u00eda\u00a0cerca de Lyon, seg\u00fan fuentes oficiales de la gendarmer\u00eda. Las dos ni\u00f1as, nacidas en 2012 y 2014, estaban descansando en su habitaci\u00f3n y fue [&hellip;]<\/p>\n","protected":false},"author":1,"featured_media":65957,"comment_status":"open","ping_status":"open","sticky":false,"template":"","format":"standard","meta":{"footnotes":""},"categories":[86],"tags":[],"class_list":["post-65956","post","type-post","status-publish","format-standard","has-post-thumbnail","hentry","category-europa"],"_links":{"self":[{"href":"https:\/\/2horizontes.com\/index.php?rest_route=\/wp\/v2\/posts\/65956","targetHints":{"allow":["GET"]}}],"collection":[{"href":"https:\/\/2horizontes.com\/index.php?rest_route=\/wp\/v2\/posts"}],"about":[{"href":"https:\/\/2horizontes.com\/index.php?rest_route=\/wp\/v2\/types\/post"}],"author":[{"embeddable":true,"href":"https:\/\/2horizontes.com\/index.php?rest_route=\/wp\/v2\/users\/1"}],"replies":[{"embeddable":true,"href":"https:\/\/2horizontes.com\/index.php?rest_route=%2Fwp%2Fv2%2Fcomments&post=65956"}],"version-history":[{"count":1,"href":"https:\/\/2horizontes.com\/index.php?rest_route=\/wp\/v2\/posts\/65956\/revisions"}],"predecessor-version":[{"id":65958,"href":"https:\/\/2horizontes.com\/index.php?rest_route=\/wp\/v2\/posts\/65956\/revisions\/65958"}],"wp:featuredmedia":[{"embeddable":true,"href":"https:\/\/2horizontes.com\/index.php?rest_route=\/wp\/v2\/media\/65957"}],"wp:attachment":[{"href":"https:\/\/2horizontes.com\/index.php?rest_route=%2Fwp%2Fv2%2Fmedia&parent=65956"}],"wp:term":[{"taxonomy":"category","embeddable":true,"href":"https:\/\/2horizontes.com\/index.php?rest_route=%2Fwp%2Fv2%2Fcategories&post=65956"},{"taxonomy":"post_tag","embeddable":true,"href":"https:\/\/2horizontes.com\/index.php?rest_route=%2Fwp%2Fv2%2Ftags&post=65956"}],"curies":[{"name":"wp","href":"https:\/\/api.w.org\/{rel}","templated":true}]}}