{"id":65950,"date":"2018-06-11T23:09:17","date_gmt":"2018-06-11T22:09:17","guid":{"rendered":"http:\/\/2horizontes.com\/?p=65950"},"modified":"2018-06-11T23:09:17","modified_gmt":"2018-06-11T22:09:17","slug":"matan-dominicano-de-32-anos-en-barcelona","status":"publish","type":"post","link":"https:\/\/2horizontes.com\/?p=65950","title":{"rendered":"Matan dominicano de 32 a\u00f1os  en Barcelona"},"content":{"rendered":"<ul class=\"story-leaf-subtitles\">\n<li class=\"story-leaf-one-subtitle\">Los efectivos del SEM no han podido hacer nada para salvar su vida<\/li>\n<\/ul>\n<p>Los Mossos d\u2019Esquadra investigan el\u00a0<b>asesinato<\/b>, este lunes en un piso de\u00a0<b>Santa Coloma de Gramenet,<\/b>\u00a0de un ciudadano dominicano de 32 a\u00f1os. La polic\u00eda ha recibido un primer aviso a las seis de la tarde. Los servicios de emergencias m\u00e9dicas se han trasladado hasta una vivienda del n\u00famero 85 de la calle Pirineus, pero ya no han podido hacer nada por la vida del hombre, que ha muerto a las seis de la tarde. La v\u00edctima ten\u00eda un<b>\u00a0orificio de bala en la espalda<\/b>, a la altura del hombro.<\/p>\n<p>En el momento del crimen, el hombre se encontraba con su mujer en la casa. Algunos vecinos han explicado que, tras escuchar el disparo, la han o\u00eddo gritar: \u201cme han matado a mi marido, me lo han matado\u201d. La mujer ha explicado que no conoc\u00eda al hombre, tampoco ha podido dar ninguna descripci\u00f3n y ha asegurado que en el momento del crimen ella se encontraba en una habitaci\u00f3n del piso.<\/p>\n<p>El grupo de homicidios de la regi\u00f3n policial metropolitana norte se ha hecho cargo de la investigaci\u00f3n, que, en un principio se desvincula de la guerra de clanes dominicanos que sacudi\u00f3 el \u00e1rea metropolitana de Barcelona el a\u00f1o pasado.<\/p>\n","protected":false},"excerpt":{"rendered":"<p>Los efectivos del SEM no han podido hacer nada para salvar su vida Los Mossos d\u2019Esquadra investigan el\u00a0asesinato, este lunes en un piso de\u00a0Santa Coloma de Gramenet,\u00a0de un ciudadano dominicano de 32 a\u00f1os. La polic\u00eda ha recibido un primer aviso a las seis de la tarde. Los servicios de emergencias m\u00e9dicas se han trasladado hasta [&hellip;]<\/p>\n","protected":false},"author":1,"featured_media":65951,"comment_status":"open","ping_status":"open","sticky":false,"template":"","format":"standard","meta":{"footnotes":""},"categories":[85],"tags":[],"class_list":["post-65950","post","type-post","status-publish","format-standard","has-post-thumbnail","hentry","category-espana"],"_links":{"self":[{"href":"https:\/\/2horizontes.com\/index.php?rest_route=\/wp\/v2\/posts\/65950","targetHints":{"allow":["GET"]}}],"collection":[{"href":"https:\/\/2horizontes.com\/index.php?rest_route=\/wp\/v2\/posts"}],"about":[{"href":"https:\/\/2horizontes.com\/index.php?rest_route=\/wp\/v2\/types\/post"}],"author":[{"embeddable":true,"href":"https:\/\/2horizontes.com\/index.php?rest_route=\/wp\/v2\/users\/1"}],"replies":[{"embeddable":true,"href":"https:\/\/2horizontes.com\/index.php?rest_route=%2Fwp%2Fv2%2Fcomments&post=65950"}],"version-history":[{"count":1,"href":"https:\/\/2horizontes.com\/index.php?rest_route=\/wp\/v2\/posts\/65950\/revisions"}],"predecessor-version":[{"id":65952,"href":"https:\/\/2horizontes.com\/index.php?rest_route=\/wp\/v2\/posts\/65950\/revisions\/65952"}],"wp:featuredmedia":[{"embeddable":true,"href":"https:\/\/2horizontes.com\/index.php?rest_route=\/wp\/v2\/media\/65951"}],"wp:attachment":[{"href":"https:\/\/2horizontes.com\/index.php?rest_route=%2Fwp%2Fv2%2Fmedia&parent=65950"}],"wp:term":[{"taxonomy":"category","embeddable":true,"href":"https:\/\/2horizontes.com\/index.php?rest_route=%2Fwp%2Fv2%2Fcategories&post=65950"},{"taxonomy":"post_tag","embeddable":true,"href":"https:\/\/2horizontes.com\/index.php?rest_route=%2Fwp%2Fv2%2Ftags&post=65950"}],"curies":[{"name":"wp","href":"https:\/\/api.w.org\/{rel}","templated":true}]}}