{"id":65880,"date":"2018-06-08T00:13:31","date_gmt":"2018-06-07T23:13:31","guid":{"rendered":"http:\/\/2horizontes.com\/?p=65880"},"modified":"2018-06-08T00:13:31","modified_gmt":"2018-06-07T23:13:31","slug":"la-periodista-dominicana-elba-guerrero-alix-presenta-primer-libro-en-feria-del-libro-de-madrid-2018","status":"publish","type":"post","link":"https:\/\/2horizontes.com\/?p=65880","title":{"rendered":"La periodista dominicana Elba Guerrero Alix presenta primer libro en Feria del Libro de Madrid 2018"},"content":{"rendered":"<p><strong>Madrid, Espa\u00f1a<\/strong><strong>&#8211; <\/strong>Elba Guerrero Alix, periodista dominicana que reside en Madrid desde hace casi dos d\u00e9cadas, present\u00f3 su primer libro <strong><em>\u201cRETRATOS\u201d<\/em><\/strong>. Tal y como indica el t\u00edtulo, se trata de los retratos escritos de cinco dominicanos que, en distintas \u00e1reas, por su trabajo y ganas de superaci\u00f3n han destacado en Espa\u00f1a.<\/p>\n<p>En este libro, Elba Guerrero Alix, que narra en primera persona c\u00f3mo conoci\u00f3 a cada protagonista, cuenta de manera sencilla y entretenida la vida y trayectoria en el pa\u00eds europeo de <strong>Mar\u00eda Marte,<\/strong> chef dos estrellas Michel\u00edn; de <strong>Ruddy Encarnaci\u00f3n<\/strong>, cuatro veces campe\u00f3n de Espa\u00f1a de boxeo; de <strong>Iv\u00e1n Ernesto Gat\u00f3n Rosa<\/strong>, diplom\u00e1tico y experto en asuntos internacionales; de <strong>Kenia Del Orbe Ayala<\/strong>, doctora en Pol\u00edtica, Comunicaci\u00f3n y Cultura y de <strong>Manuel Romero<\/strong> MANOLETTE, artista pl\u00e1stico.<\/p>\n<p>La puesta en circulaci\u00f3n de <strong><em>\u201cRETRATOS\u201d<\/em><\/strong> tuvo lugar el pasado 27 de mayo, en el Espacio Cultural de la Rep\u00fablica Dominicana en la 77\u00aa edici\u00f3n de la Feria del libro de Madrid, que se celebra desde el 25 de mayo al 10 de junio, en el Parque del Buen Retiro. El acto fue presentado y moderado por el se\u00f1or Olivo Andr\u00e9s Rodr\u00edguez Huertas, Embajador de la Rep\u00fablica Dominicana ante el reino de Espa\u00f1a.<\/p>\n<p>&nbsp;<\/p>\n<p>El libro<strong> \u201cRETRATOS\u201d<\/strong>, forma parte de la colecci\u00f3n que la Asociaci\u00f3n Cultural y de Cooperaci\u00f3n al Desarrollo Biblioteca Rep\u00fablica Dominicana (ACUDEBI) -de la que dicho sea de paso es miembro la autora-, ha presentado en la Feria del Libro de Madrid.<\/p>\n<p>&nbsp;<\/p>\n<p>La participaci\u00f3n dominicana en esta edici\u00f3n de 2018 es una iniciativa de la Embajada de la Rep\u00fablica Dominicana ante el Reino de Espa\u00f1a, en colaboraci\u00f3n con ACUDEBI, presidida por el escritor y gestor cultural, Daniel Tejada.<\/p>\n<p>&nbsp;<\/p>\n<p><u>Sobre los protagonistas de<strong> \u201cRETRATOS\u201d<\/strong><\/u><\/p>\n<p><strong>Mar\u00eda Marte,<\/strong> madre coraje que se vio obligada a emigrar a Espa\u00f1a cuando dos de sus hijos apenas eran unos beb\u00e9s y a la que a\u00f1os m\u00e1s tarde, su pasi\u00f3n por la cocina la convertir\u00eda en la primera chef latinoamericana galardonada con dos estrellas Michelin.<\/p>\n<p><strong>Iv\u00e1n Ernesto Gat\u00f3n Rosa<\/strong>, catedr\u00e1tico y experto en temas internacionales; por cuyo af\u00e1n de superaci\u00f3n dej\u00f3 su \u201ccampo\u201d, Sabana Grande de Boy\u00e1, y se fue a la capital a estudiar a la universidad con el objetivo de convertirse en abogado.<\/p>\n<p><strong>Ruddy Encarnaci\u00f3n<\/strong>, cuatro veces campe\u00f3n de Espa\u00f1a de boxeo. Oriundo de Hondovalle, con tan s\u00f3lo once a\u00f1os su madre emigra a Espa\u00f1a y \u00e9l de pronto se queda en el desamparo. Blanco de todo tipo de vejaciones, tuvo que aprender a valerse por s\u00ed mismo.<\/p>\n<p><strong>Manuel Romero MANOLETTE, <\/strong>de la Loma de Cambita (San Crist\u00f3bal). Un artista pl\u00e1stico que por sus ganas de seguir creciendo dej\u00f3 la Rep\u00fablica Dominicana y se march\u00f3 a Madrid, justo cuando se encontraba en la c\u00faspide de su carrera.<\/p>\n<p><strong>Kenia Del Orbe Ayala. <\/strong>Actriz, periodista y locutora, nacida en la Ci\u00e9naga y criada en los Guandules, dos de los barrios m\u00e1s empobrecidos de la capital dominicana. Siempre se destac\u00f3 por ser una buena estudiante. Obtuvo una beca para realizar un doctorado en una prestigiosa universidad de Espa\u00f1a y se gradu\u00f3 con la calificaci\u00f3n m\u00e1s alta de su promoci\u00f3n.<\/p>\n<p>&nbsp;<\/p>\n","protected":false},"excerpt":{"rendered":"<p>Madrid, Espa\u00f1a&#8211; Elba Guerrero Alix, periodista dominicana que reside en Madrid desde hace casi dos d\u00e9cadas, present\u00f3 su primer libro \u201cRETRATOS\u201d. Tal y como indica el t\u00edtulo, se trata de los retratos escritos de cinco dominicanos que, en distintas \u00e1reas, por su trabajo y ganas de superaci\u00f3n han destacado en Espa\u00f1a. En este libro, Elba [&hellip;]<\/p>\n","protected":false},"author":1,"featured_media":65881,"comment_status":"open","ping_status":"open","sticky":false,"template":"","format":"standard","meta":{"footnotes":""},"categories":[62,46],"tags":[],"class_list":["post-65880","post","type-post","status-publish","format-standard","has-post-thumbnail","hentry","category-cultura","category-dominicanos-en-madrid"],"_links":{"self":[{"href":"https:\/\/2horizontes.com\/index.php?rest_route=\/wp\/v2\/posts\/65880","targetHints":{"allow":["GET"]}}],"collection":[{"href":"https:\/\/2horizontes.com\/index.php?rest_route=\/wp\/v2\/posts"}],"about":[{"href":"https:\/\/2horizontes.com\/index.php?rest_route=\/wp\/v2\/types\/post"}],"author":[{"embeddable":true,"href":"https:\/\/2horizontes.com\/index.php?rest_route=\/wp\/v2\/users\/1"}],"replies":[{"embeddable":true,"href":"https:\/\/2horizontes.com\/index.php?rest_route=%2Fwp%2Fv2%2Fcomments&post=65880"}],"version-history":[{"count":1,"href":"https:\/\/2horizontes.com\/index.php?rest_route=\/wp\/v2\/posts\/65880\/revisions"}],"predecessor-version":[{"id":65882,"href":"https:\/\/2horizontes.com\/index.php?rest_route=\/wp\/v2\/posts\/65880\/revisions\/65882"}],"wp:featuredmedia":[{"embeddable":true,"href":"https:\/\/2horizontes.com\/index.php?rest_route=\/wp\/v2\/media\/65881"}],"wp:attachment":[{"href":"https:\/\/2horizontes.com\/index.php?rest_route=%2Fwp%2Fv2%2Fmedia&parent=65880"}],"wp:term":[{"taxonomy":"category","embeddable":true,"href":"https:\/\/2horizontes.com\/index.php?rest_route=%2Fwp%2Fv2%2Fcategories&post=65880"},{"taxonomy":"post_tag","embeddable":true,"href":"https:\/\/2horizontes.com\/index.php?rest_route=%2Fwp%2Fv2%2Ftags&post=65880"}],"curies":[{"name":"wp","href":"https:\/\/api.w.org\/{rel}","templated":true}]}}