{"id":65874,"date":"2018-05-29T13:13:26","date_gmt":"2018-05-29T12:13:26","guid":{"rendered":"http:\/\/2horizontes.com\/?p=65874"},"modified":"2018-05-29T13:14:17","modified_gmt":"2018-05-29T12:14:17","slug":"celebran-cuarta-edicion-premios-gladiadores-en-el-extranjero-2018","status":"publish","type":"post","link":"https:\/\/2horizontes.com\/?p=65874","title":{"rendered":"Celebran cuarta edici\u00f3n premios \u201cGladiadores en el Extranjero, 2018\u201d"},"content":{"rendered":"<p>EL NUEVO DIARIO, SANTO DOMINGO.- Madrid, Espa\u00f1a.-\u00a0Con la participaci\u00f3n de destacadas personalidades dominicanas y espa\u00f1oles fueron celebrada la gran gala de los premios\u00a0\u00a0especiales \u201cGladiadores dominicanos en el Extranjero\u201d, en su cuarta edici\u00f3n el 26 de Mayo, 2018; en los Salones del Restaurante Las Estaciones de Juan,\u00a0en la capital Madrile\u00f1a.<\/p>\n<p>&nbsp;<\/p>\n<p>En esta cuarta entrega fue creada la categor\u00eda del premio \u201cEl Gran Gladiador del A\u00f1o\u201d y fue entregado a\u00a0la doctora Jeannette Alfau Ort\u00edz, experta en asuntos de Extranjer\u00eda en la comunidad de Madrid.<\/p>\n<p>Entre los dem\u00e1s premiados figuran personalidades de diferentes \u00e1reas del saber como son: Cultura, Deportes, Pintura, y otras disciplinas del saber humano y se destacan entre ellos:<\/p>\n<table>\n<tbody>\n<tr>\n<td>V\u00edctor Ferreras Ram\u00edrez<\/td>\n<td>M\u00fasica<\/td>\n<\/tr>\n<tr>\n<td>Rigo Ure\u00f1a<\/td>\n<td>M\u00fasica<\/td>\n<\/tr>\n<tr>\n<td>Fiordaliza Ventura de Le\u00f3n<\/td>\n<td>Arte y Cultura<\/td>\n<\/tr>\n<tr>\n<td>Gabino Rosario Constanza<\/td>\n<td>Arte y Cultura<\/td>\n<\/tr>\n<tr>\n<td>Jorge Vel\u00e1zquez<\/td>\n<td>Arte y Cultura<\/td>\n<\/tr>\n<tr>\n<td>H\u00e9ctor Far\u00edas<\/td>\n<td>Arte y Cultura<\/td>\n<\/tr>\n<tr>\n<td>Mar\u00eda Dolores Araujo Ag\u00fcero<\/td>\n<td>Periodista<\/td>\n<\/tr>\n<tr>\n<td>Misael P\u00e9rez Montero<\/td>\n<td>Periodista<\/td>\n<\/tr>\n<tr>\n<td>Oscar Gonz\u00e1lez Jim\u00e9nez<\/td>\n<td>Periodista<\/td>\n<\/tr>\n<tr>\n<td>Kenia R. Del Orbe Ayala<\/td>\n<td>Premio Especial<\/td>\n<\/tr>\n<tr>\n<td>Mayobanex P\u00e9rez N\u00fa\u00f1ez<\/td>\n<td>Aporte Literario<\/td>\n<\/tr>\n<tr>\n<td>Dr Juan Bautista Duran Santana<\/td>\n<td>Medicina<\/td>\n<\/tr>\n<tr>\n<td>Esther Rodr\u00edguez<\/td>\n<td>Deporte<\/td>\n<\/tr>\n<tr>\n<td>Mar\u00eda Lamela Mart\u00edn<\/td>\n<td>Empresaria del A\u00f1o<\/td>\n<\/tr>\n<tr>\n<td>Ram\u00f3n Marino Castro Mart\u00ednez<\/td>\n<td>Empresario del A\u00f1o<\/td>\n<\/tr>\n<tr>\n<td>Santiago Arias<\/td>\n<td>Gastronom\u00eda<\/td>\n<\/tr>\n<tr>\n<td>La Cura FM.com<\/td>\n<td>Emisora del a\u00f1o<\/td>\n<\/tr>\n<tr>\n<td>Deyby Balbuena Pascual.<\/td>\n<td>Locutor del a\u00f1o<\/td>\n<\/tr>\n<tr>\n<td>El Klan DJS<\/td>\n<td>Asociaci\u00f3n Cultural del A\u00f1o<\/td>\n<\/tr>\n<tr>\n<td><\/td>\n<td><\/td>\n<\/tr>\n<\/tbody>\n<\/table>\n<p>Lucy Suazo,\u00a0\u00a0ex selecci\u00f3n nacional de voleibol, y actualmente dedicada a la filantrop\u00eda, organiza el evento desde hace varios a\u00f1os y en el resalta el trabajo de un colectivo de compatriotas que est\u00e1n trabajando d\u00edas tras d\u00edas para que esta premiaci\u00f3n sea todo un \u00e9xito.<\/p>\n<p>cabe destacar que la creadora de estos premios es una dominicana comprometida con su Comunidad; quien indic\u00f3 que estos reconocimientos se realizan anualmente con la finalidad de motivar a los dominicanos tanto en Rep\u00fablica Dominicana, como Espa\u00f1a.<\/p>\n<p>Lucy Suazo, durante su discurso expres\u00f3: \u201chago un llamado a los j\u00f3venes para que aprovechen las oportunidades que la vida le ofrece, ya que hay muchas cosas importantes fuera de las calles y que le pueden sacar provecho\u201d.<\/p>\n<p>\u201cEstos premios son dedicado a la mujer\u00a0\u00a0por ser el motor de todo el universo y a los ni\u00f1os, ya que\u00a0\u00a0con una buena educci\u00f3n ser\u00e1n el futuro del mundo\u201d, enfatiz\u00f3 la coordinadora del evento.<a href=\"http:\/\/2horizontes.com\/wp-content\/uploads\/2018\/05\/lu.jpg\"><img loading=\"lazy\" decoding=\"async\" class=\"alignleft  wp-image-65875\" src=\"http:\/\/2horizontes.com\/wp-content\/uploads\/2018\/05\/lu.jpg\" alt=\"\" width=\"390\" height=\"293\" srcset=\"https:\/\/2horizontes.com\/wp-content\/uploads\/2018\/05\/lu.jpg 450w, https:\/\/2horizontes.com\/wp-content\/uploads\/2018\/05\/lu-300x225.jpg 300w, https:\/\/2horizontes.com\/wp-content\/uploads\/2018\/05\/lu-100x75.jpg 100w\" sizes=\"auto, (max-width: 390px) 100vw, 390px\" \/><\/a><\/p>\n<p>La conducci\u00f3n del evento tuvo a cargo de dos destacadas comunicadoras: Vanesa Moya Mart\u00ednez,\u00a0Licenciada en Comunicaci\u00f3n Social, Magister en Periodismo de televisi\u00f3n, Locutora, Maestra de Ceremonias, Organizaci\u00f3n de Eventos\u00a0 y Protocolo y\u00a0Vicxeylin Bello,Licenciada en Comunicaci\u00f3n Social, Locutora y Maestra de Ceremonias.<\/p>\n<p>En la animaci\u00f3n art\u00edstica debutaron la Violinista Hondure\u00f1a, Eva Rojas, el Cantante dominicano\u00a0 \u201cTu Francys\u201d y los bailarines H\u00e9ctor Far\u00edas , dominicano, y Lluvia Marchen.<\/p>\n<p>Entre los Patrocinadores\u00a0se encuentran: Pozo Red, Restaurante 809, Ron Veleiro, Cl\u00ednica dentales\u00a0 VERYDENT\u2019S, ENCANTO LATINO, Cobertura Europea, Restaurante El Mojao, peluquer\u00eda Melody.<\/p>\n","protected":false},"excerpt":{"rendered":"<p>EL NUEVO DIARIO, SANTO DOMINGO.- Madrid, Espa\u00f1a.-\u00a0Con la participaci\u00f3n de destacadas personalidades dominicanas y espa\u00f1oles fueron celebrada la gran gala de los premios\u00a0\u00a0especiales \u201cGladiadores dominicanos en el Extranjero\u201d, en su cuarta edici\u00f3n el 26 de Mayo, 2018; en los Salones del Restaurante Las Estaciones de Juan,\u00a0en la capital Madrile\u00f1a. &nbsp; En esta cuarta entrega fue [&hellip;]<\/p>\n","protected":false},"author":1,"featured_media":65876,"comment_status":"open","ping_status":"open","sticky":false,"template":"","format":"standard","meta":{"footnotes":""},"categories":[62,46,83],"tags":[],"class_list":["post-65874","post","type-post","status-publish","format-standard","has-post-thumbnail","hentry","category-cultura","category-dominicanos-en-madrid","category-reportajes"],"_links":{"self":[{"href":"https:\/\/2horizontes.com\/index.php?rest_route=\/wp\/v2\/posts\/65874","targetHints":{"allow":["GET"]}}],"collection":[{"href":"https:\/\/2horizontes.com\/index.php?rest_route=\/wp\/v2\/posts"}],"about":[{"href":"https:\/\/2horizontes.com\/index.php?rest_route=\/wp\/v2\/types\/post"}],"author":[{"embeddable":true,"href":"https:\/\/2horizontes.com\/index.php?rest_route=\/wp\/v2\/users\/1"}],"replies":[{"embeddable":true,"href":"https:\/\/2horizontes.com\/index.php?rest_route=%2Fwp%2Fv2%2Fcomments&post=65874"}],"version-history":[{"count":2,"href":"https:\/\/2horizontes.com\/index.php?rest_route=\/wp\/v2\/posts\/65874\/revisions"}],"predecessor-version":[{"id":65878,"href":"https:\/\/2horizontes.com\/index.php?rest_route=\/wp\/v2\/posts\/65874\/revisions\/65878"}],"wp:featuredmedia":[{"embeddable":true,"href":"https:\/\/2horizontes.com\/index.php?rest_route=\/wp\/v2\/media\/65876"}],"wp:attachment":[{"href":"https:\/\/2horizontes.com\/index.php?rest_route=%2Fwp%2Fv2%2Fmedia&parent=65874"}],"wp:term":[{"taxonomy":"category","embeddable":true,"href":"https:\/\/2horizontes.com\/index.php?rest_route=%2Fwp%2Fv2%2Fcategories&post=65874"},{"taxonomy":"post_tag","embeddable":true,"href":"https:\/\/2horizontes.com\/index.php?rest_route=%2Fwp%2Fv2%2Ftags&post=65874"}],"curies":[{"name":"wp","href":"https:\/\/api.w.org\/{rel}","templated":true}]}}