{"id":65848,"date":"2018-05-24T12:10:24","date_gmt":"2018-05-24T11:10:24","guid":{"rendered":"http:\/\/2horizontes.com\/?p=65848"},"modified":"2018-05-24T12:10:24","modified_gmt":"2018-05-24T11:10:24","slug":"al-menos-dos-muertos-y-una-veintena-de-heridos-al-descarrilar-un-tren-en-italia","status":"publish","type":"post","link":"https:\/\/2horizontes.com\/?p=65848","title":{"rendered":"Al menos dos muertos y una veintena de heridos al descarrilar un tren en Italia"},"content":{"rendered":"<div class=\"articulo-encabezado-texto\">\n<div id=\"articulo-titulares\" class=\"articulo-titulares\">\n<div class=\"articulo-subtitulos\">\n<h2 class=\"articulo-subtitulo\">El convoy ha chocado con un veh\u00edculo de carga pesada que se hab\u00eda detenido en un paso a nivel<\/h2>\n<\/div>\n<\/div>\n<\/div>\n<aside id=\"compartir_superior\" class=\"compartir\">\n<div class=\"compartir__interior\">\n<div id=\"compartir_social\" class=\"compartir-social\">Al menos dos personas han muerto y 20 han resultado heridas, tres de ellas graves, en el\u00a0<strong>descarrilamiento de un tren<\/strong>\u00a0regional que cubr\u00eda el trayecto entre Tur\u00edn y Aosta, en el noreste\u00a0de\u00a0<strong>Italia<\/strong>, El siniestro se produjo despu\u00e9s de que el convoy colisionara con un cami\u00f3n de gran tonelaje que atravesaba un paso a nivel a pesar de que las se\u00f1ales ac\u00fasticas y visuales alertaban de la inminente llegada del tren.<\/div>\n<\/div>\n<\/aside>\n<p>El impacto que produjo el descarrilamiento de dos vagones y de la locomotora a la altura de la localidad de Caluso, sobre las 23.30. Seg\u00fan la primera reconstrucci\u00f3n, el cami\u00f3n de grandes dimensiones que transportaba contenedores, con matr\u00edcula de Lituania,\u00a0atraves\u00f3 el paso a nivel\u00a0a pesar de que se avisaba de la llegada del tren. El maquinista accion\u00f3 el freno pero el impacto fue inevitable, informaron diversos medios de comunicaci\u00f3n.<\/p>\n<p>\u00abA las 23.20 (21.20 GMT) el tren regional 10027 Tur\u00edn-Ivrea choc\u00f3 con un veh\u00edculo de carga pesada que, tras haber rebasado las barreras de un paso a nivel que funcionaba, se detuvo sobre los ra\u00edles. Seg\u00fan las primeras informaciones, el conductor del tren falleci\u00f3 y varios pasajeros resultaron heridos\u00bb, ha indicado en un comunicado la empresa gestora de los ferrocarriles italianos, RFI.<\/p>\n<p>Los fallecidos son el maquinista del tren Roberto Madau, de 61 a\u00f1os, y un t\u00e9cnico que viajaba en otro veh\u00edculo que escoltaba el cami\u00f3n. Otra persona, una pasajera, est\u00e1 en estado grave con un traumatismo craneal, pero estar\u00eda consciente, seg\u00fan la misma fuente.<\/p>\n<p>Ferrocarriles del Estado ha informado de que en el tren viajaban unas 40 personas que quedaron atrapadas y fueron sacadas durante la noche. Al conductor del cami\u00f3n que ha resultado ileso se le ha tomado declaraci\u00f3n y ha sido sometido a un test de alcoholemia.<\/p>\n<p>Una de las personas de la escolta del cami\u00f3n, obligatoria cuando son de grandes dimensiones, explic\u00f3 al diario\u00a0<em>La Repubblica<\/em>\u00a0que el veh\u00edculo empez\u00f3 a atravesar el paso a nivel cuando el sem\u00e1foro se puso rojo y que le avis\u00f3 de que echase marcha atr\u00e1s, pero en ese momento baj\u00f3 la barrera y qued\u00f3 atascado.<\/p>\n","protected":false},"excerpt":{"rendered":"<p>El convoy ha chocado con un veh\u00edculo de carga pesada que se hab\u00eda detenido en un paso a nivel Al menos dos personas han muerto y 20 han resultado heridas, tres de ellas graves, en el\u00a0descarrilamiento de un tren\u00a0regional que cubr\u00eda el trayecto entre Tur\u00edn y Aosta, en el noreste\u00a0de\u00a0Italia, El siniestro se produjo despu\u00e9s [&hellip;]<\/p>\n","protected":false},"author":4,"featured_media":65849,"comment_status":"open","ping_status":"open","sticky":false,"template":"","format":"standard","meta":{"footnotes":""},"categories":[86,40],"tags":[],"class_list":["post-65848","post","type-post","status-publish","format-standard","has-post-thumbnail","hentry","category-europa","category-internacionales"],"_links":{"self":[{"href":"https:\/\/2horizontes.com\/index.php?rest_route=\/wp\/v2\/posts\/65848","targetHints":{"allow":["GET"]}}],"collection":[{"href":"https:\/\/2horizontes.com\/index.php?rest_route=\/wp\/v2\/posts"}],"about":[{"href":"https:\/\/2horizontes.com\/index.php?rest_route=\/wp\/v2\/types\/post"}],"author":[{"embeddable":true,"href":"https:\/\/2horizontes.com\/index.php?rest_route=\/wp\/v2\/users\/4"}],"replies":[{"embeddable":true,"href":"https:\/\/2horizontes.com\/index.php?rest_route=%2Fwp%2Fv2%2Fcomments&post=65848"}],"version-history":[{"count":1,"href":"https:\/\/2horizontes.com\/index.php?rest_route=\/wp\/v2\/posts\/65848\/revisions"}],"predecessor-version":[{"id":65850,"href":"https:\/\/2horizontes.com\/index.php?rest_route=\/wp\/v2\/posts\/65848\/revisions\/65850"}],"wp:featuredmedia":[{"embeddable":true,"href":"https:\/\/2horizontes.com\/index.php?rest_route=\/wp\/v2\/media\/65849"}],"wp:attachment":[{"href":"https:\/\/2horizontes.com\/index.php?rest_route=%2Fwp%2Fv2%2Fmedia&parent=65848"}],"wp:term":[{"taxonomy":"category","embeddable":true,"href":"https:\/\/2horizontes.com\/index.php?rest_route=%2Fwp%2Fv2%2Fcategories&post=65848"},{"taxonomy":"post_tag","embeddable":true,"href":"https:\/\/2horizontes.com\/index.php?rest_route=%2Fwp%2Fv2%2Ftags&post=65848"}],"curies":[{"name":"wp","href":"https:\/\/api.w.org\/{rel}","templated":true}]}}