{"id":65842,"date":"2018-05-24T11:57:17","date_gmt":"2018-05-24T10:57:17","guid":{"rendered":"http:\/\/2horizontes.com\/?p=65842"},"modified":"2018-05-24T11:57:17","modified_gmt":"2018-05-24T10:57:17","slug":"iglesia-de-chile-suspende-a-14-sacerdotes-por-supuestos-abusos-sexuales-a-menores-y-jovenes","status":"publish","type":"post","link":"https:\/\/2horizontes.com\/?p=65842","title":{"rendered":"Iglesia de Chile suspende a 14 sacerdotes por supuestos abusos sexuales a menores y j\u00f3venes"},"content":{"rendered":"<p class=\"story-body__introduction\">El obispado de Rancagua, en Chile, anunci\u00f3 este martes la suspensi\u00f3n de sus funciones de 14 sacerdotes supuestamente implicados en un esc\u00e1ndalo de abusos sexuales.<\/p>\n<p>A los cl\u00e9rigos se les se\u00f1ala como integrantes de un grupo secreto conocido como \u00abLa Familia\u00bb que se dedicaba a cometer abusos sexuales y otras conductas inapropiadas con menores de edad y j\u00f3venes, seg\u00fan desvel\u00f3 un reportaje emitido en Canal 13.<\/p>\n<ul class=\"story-body__unordered-list\">\n<li class=\"story-body__list-item\">Todos los obispos de Chile presentan su dimisi\u00f3n al papa Francisco por el caso de Juan Barros, acusado de encubrir abusos sexuales<\/li>\n<li class=\"story-body__list-item\">El papa Francisco pide disculpas por sus declaraciones a favor del obispo Juan Barros que \u00abhirieron\u00bb a las v\u00edctimas de abusos en Chile<\/li>\n<\/ul>\n<p>El obispado de esta ciudad a 90 kil\u00f3metros de Santiago asegur\u00f3 en un comunicado que \u00abse ha restringido de su ministerio sacerdotal a 14 sacerdotes. Lo que significa que se ha tomado conocimiento, fundamentalmente por lo expuesto por los medios de comunicaci\u00f3n, de que estos sacerdotes han incurrido en\u00a0<strong>acciones que pueden constituir delitos\u00a0<\/strong>tanto en el \u00e1mbito civil como can\u00f3nico\u00bb.<\/p>\n<p>La di\u00f3cesis se\u00f1ala, no obstante, que no cuenta \u00abcon antecedentes de que las acciones de los sacerdotes suspendidos sean constitutivas de delitos desde el punto de vista jur\u00eddico. Por ello\u00a0<strong>se est\u00e1 cotejando toda la informaci\u00f3n que se posee<\/strong>\u00a0y las medidas pastorales que se adoptan tendr\u00e1n relaci\u00f3n a ello\u00bb.<\/p>\n<p>En el reportaje que destap\u00f3 el esc\u00e1ndalo, Elisa Fern\u00e1ndez, ex coordinadora de la pastoral juvenil de la di\u00f3cesis de Rancagua, se\u00f1al\u00f3 que el grupo de religiosos implicado incurri\u00f3 en \u00abpr\u00e1cticas que no se conllevan con su condici\u00f3n de curas\u00bb\u00a0<strong>con respecto a j\u00f3venes de entre 15 y 29 a\u00f1os.<\/strong><\/p>\n<div id=\"comp-pattern-library\" class=\"distinct-component-group container-parrot\"><\/div>\n<p>Fern\u00e1ndez cont\u00f3 que en ocasiones asisti\u00f3 a conversaciones en las que los curas de Rancagua comentaban sus preferencias sexuales por menores de edad.<\/p>\n<h2 class=\"story-body__crosshead\">Denuncian que el obispo no hizo nada<\/h2>\n<p>La denunciante dijo haber entregado hace un a\u00f1o y medio una lista con los nombres de los sacerdotes involucrados al obispo de Rancagua, Alejandro Goic, sin que este adoptara ninguna medida al respecto.<\/p>\n<p>Como respuesta, decidi\u00f3 crear una cuenta en Facebook en la que se hizo pasar por un muchacho de 16 a\u00f1os y se puso en contacto con uno de los curas, el p\u00e1rroco Luis Rubio Contreras, de 54 a\u00f1os, que le env\u00edo mensajes de contenido er\u00f3tico y fotos suyas desnudo.<\/p>\n<p>Goic se disculp\u00f3 despu\u00e9s de la emisi\u00f3n del reportaje por no haber actuado con la diligencia debida tras conocer las denuncias de la joven.<\/p>\n<figure class=\"media-landscape has-caption full-width\"><span class=\"image-and-copyright-container\"><img loading=\"lazy\" decoding=\"async\" class=\"responsive-image__img js-image-replace\" src=\"https:\/\/ichef.bbci.co.uk\/news\/624\/cpsprodpb\/1DFE\/production\/_101687670_4a6ea1e0-92cc-4599-a628-562b7ea93ecf.jpg\" alt=\"El obispo Luis Fernando Ramos.\" width=\"976\" height=\"549\" data-highest-encountered-width=\"624\" \/><span class=\"off-screen\">Derechos de autor de la imagen<\/span><span class=\"story-image-copyright\">AFP<\/span><\/span><figcaption class=\"media-caption\"><span class=\"off-screen\">Image<br \/>\n<\/span><span class=\"media-caption__text\">El obispo Luis Fernando Ramos anunci\u00f3 el viernes que todos los prelados chilenos pon\u00edan sus cargos a disposici\u00f3n del Papa por los esc\u00e1ndalos de abusos sexuales.<\/span><\/figcaption><\/figure>\n<p>El de Rancagua se suma a la ola de esc\u00e1ndalos por abusos sexuales a menores en el seno de la Iglesia de Chile.<\/p>\n<p>Pocas horas antes, el presidente de la Conferencia Episcopal, Santiago Silva, hab\u00eda reiterado sus disculpas a la ciudadan\u00eda por los casos de abusos sexuales cometidos durante d\u00e9cadas por el cura Fernando Karadima.<\/p>\n<p>Los obispos del pa\u00eds se reunieron recientemente con el papa Francisco en Roma para abordar el silencio de la Iglesia frente a estos hechos.<\/p>\n<p>Tras las reuniones, todos los obispos -entre los que se encuentra el obispo de Rancagua, Alejandro Goic- decidieron poner sus cargos a disposici\u00f3n del Papa, lo que ser\u00e1 evaluado durante las pr\u00f3ximas semanas por el pont\u00edfice.<\/p>\n<figure class=\"media-landscape no-caption body-width\"><\/figure>\n<p>&nbsp;<\/p>\n","protected":false},"excerpt":{"rendered":"<p>El obispado de Rancagua, en Chile, anunci\u00f3 este martes la suspensi\u00f3n de sus funciones de 14 sacerdotes supuestamente implicados en un esc\u00e1ndalo de abusos sexuales. A los cl\u00e9rigos se les se\u00f1ala como integrantes de un grupo secreto conocido como \u00abLa Familia\u00bb que se dedicaba a cometer abusos sexuales y otras conductas inapropiadas con menores de [&hellip;]<\/p>\n","protected":false},"author":4,"featured_media":65843,"comment_status":"open","ping_status":"open","sticky":false,"template":"","format":"standard","meta":{"footnotes":""},"categories":[62],"tags":[],"class_list":["post-65842","post","type-post","status-publish","format-standard","has-post-thumbnail","hentry","category-cultura"],"_links":{"self":[{"href":"https:\/\/2horizontes.com\/index.php?rest_route=\/wp\/v2\/posts\/65842","targetHints":{"allow":["GET"]}}],"collection":[{"href":"https:\/\/2horizontes.com\/index.php?rest_route=\/wp\/v2\/posts"}],"about":[{"href":"https:\/\/2horizontes.com\/index.php?rest_route=\/wp\/v2\/types\/post"}],"author":[{"embeddable":true,"href":"https:\/\/2horizontes.com\/index.php?rest_route=\/wp\/v2\/users\/4"}],"replies":[{"embeddable":true,"href":"https:\/\/2horizontes.com\/index.php?rest_route=%2Fwp%2Fv2%2Fcomments&post=65842"}],"version-history":[{"count":1,"href":"https:\/\/2horizontes.com\/index.php?rest_route=\/wp\/v2\/posts\/65842\/revisions"}],"predecessor-version":[{"id":65844,"href":"https:\/\/2horizontes.com\/index.php?rest_route=\/wp\/v2\/posts\/65842\/revisions\/65844"}],"wp:featuredmedia":[{"embeddable":true,"href":"https:\/\/2horizontes.com\/index.php?rest_route=\/wp\/v2\/media\/65843"}],"wp:attachment":[{"href":"https:\/\/2horizontes.com\/index.php?rest_route=%2Fwp%2Fv2%2Fmedia&parent=65842"}],"wp:term":[{"taxonomy":"category","embeddable":true,"href":"https:\/\/2horizontes.com\/index.php?rest_route=%2Fwp%2Fv2%2Fcategories&post=65842"},{"taxonomy":"post_tag","embeddable":true,"href":"https:\/\/2horizontes.com\/index.php?rest_route=%2Fwp%2Fv2%2Ftags&post=65842"}],"curies":[{"name":"wp","href":"https:\/\/api.w.org\/{rel}","templated":true}]}}