{"id":65804,"date":"2018-05-03T12:26:21","date_gmt":"2018-05-03T11:26:21","guid":{"rendered":"http:\/\/2horizontes.com\/?p=65804"},"modified":"2018-05-03T12:26:21","modified_gmt":"2018-05-03T11:26:21","slug":"melanio-paredes-advierte-imposicion-primarias-abiertas-implicaria-division-pld","status":"publish","type":"post","link":"https:\/\/2horizontes.com\/?p=65804","title":{"rendered":"Melanio Paredes advierte imposici\u00f3n primarias abiertas implicar\u00eda divisi\u00f3n PLD"},"content":{"rendered":"<p>SANTO DOMINGO.- El dirigente del Partido de la Liberaci\u00f3n Dominicana (PLD), Melanio Paredes, sostuvo que la imposici\u00f3n de las primarias abiertas y simultaneas crear\u00e1 \u201cserios problemas\u201d al pa\u00eds y al r\u00e9gimen democr\u00e1tico.<\/p>\n<p>Paredes explic\u00f3 esa imposici\u00f3n implicar\u00eda la divisi\u00f3n del PLD y tambi\u00e9n \u201cpodr\u00eda crear serias desavenencias en el Partido Revolucionario Moderno (PRM)\u201d.<\/p>\n<p><strong>Sponsored<\/strong><br \/>\nLugares de Italia que te enamorar\u00e1n<\/p>\n<p>El ex ministro de Educaci\u00f3n dijo que su propuesta para evitar sea afectado el sistema de partidos pol\u00edticos y a la misma democracia \u201ces que se saque del proyecto de ley el tema de las primarias, ya que las agrupaciones pol\u00edticas establecen en sus estatutos la metodolog\u00eda para elegir sus candidatos\u201d.<\/p>\n<p>En ese sentido, dijo que el PLD establece de manera clara en su Estatuto como deben elegirse los candidatos de elecci\u00f3n popular.<\/p>\n<p>\u201cEntiendo que debe aprobarse la Ley de Partidos sin ese elemento de las primarias, para evitar la divisi\u00f3n de los dos partidos que obtuvieron la mayor cantidad de votos en las elecciones de 2016\u201d, dijo.<\/p>\n<p>\u201cHay que dejar al libre albedr\u00edo de los partidos pol\u00edticos la metodolog\u00eda que quieran utilizar para elegir los candidatos de elecci\u00f3n popular\u201d, agreg\u00f3.<\/p>\n<p>Melanio Paredes ofreci\u00f3 sus declaraciones en el programa \u201cSilvia en Perspectiva\u201d que se transmite por Teleradio Am\u00e9rica, canal 45, de la capital, bajo la direcci\u00f3n y conducci\u00f3n de la comunicadora Silvia Garc\u00eda.<\/p>\n<p>El dirigente pelede\u00edsta sigui\u00f3 diciendo que lo que puede ocurrir, si no se aprueba en la C\u00e1mara de Diputados, es que vuelva al Senado de la Rep\u00fablica \u201cy entonces se va a mantener como una bola de ping pong, como ocurri\u00f3 con el C\u00f3digo Penal, entonces nos vamos a quedar sin pito y sin flauta, como se dice en buen dominicano\u201d.<\/p>\n<p>Entiende que el proyecto de ley se tomar\u00e1 su tiempo en la discusi\u00f3n de la C\u00e1mara de Diputados y que depender\u00e1 \u201csi dentro de mi partido se quiere coger un alto costo pol\u00edtico de forzar una aprobaci\u00f3n o si por el contrario se mantiene la correlaci\u00f3n de fuerza y el proyecto se cae\u201d.<\/p>\n","protected":false},"excerpt":{"rendered":"<p>SANTO DOMINGO.- El dirigente del Partido de la Liberaci\u00f3n Dominicana (PLD), Melanio Paredes, sostuvo que la imposici\u00f3n de las primarias abiertas y simultaneas crear\u00e1 \u201cserios problemas\u201d al pa\u00eds y al r\u00e9gimen democr\u00e1tico. Paredes explic\u00f3 esa imposici\u00f3n implicar\u00eda la divisi\u00f3n del PLD y tambi\u00e9n \u201cpodr\u00eda crear serias desavenencias en el Partido Revolucionario Moderno (PRM)\u201d. Sponsored Lugares [&hellip;]<\/p>\n","protected":false},"author":1,"featured_media":65805,"comment_status":"open","ping_status":"open","sticky":false,"template":"","format":"standard","meta":{"footnotes":""},"categories":[43,44],"tags":[],"class_list":["post-65804","post","type-post","status-publish","format-standard","has-post-thumbnail","hentry","category-politica","category-republica-dominicana"],"_links":{"self":[{"href":"https:\/\/2horizontes.com\/index.php?rest_route=\/wp\/v2\/posts\/65804","targetHints":{"allow":["GET"]}}],"collection":[{"href":"https:\/\/2horizontes.com\/index.php?rest_route=\/wp\/v2\/posts"}],"about":[{"href":"https:\/\/2horizontes.com\/index.php?rest_route=\/wp\/v2\/types\/post"}],"author":[{"embeddable":true,"href":"https:\/\/2horizontes.com\/index.php?rest_route=\/wp\/v2\/users\/1"}],"replies":[{"embeddable":true,"href":"https:\/\/2horizontes.com\/index.php?rest_route=%2Fwp%2Fv2%2Fcomments&post=65804"}],"version-history":[{"count":1,"href":"https:\/\/2horizontes.com\/index.php?rest_route=\/wp\/v2\/posts\/65804\/revisions"}],"predecessor-version":[{"id":65806,"href":"https:\/\/2horizontes.com\/index.php?rest_route=\/wp\/v2\/posts\/65804\/revisions\/65806"}],"wp:featuredmedia":[{"embeddable":true,"href":"https:\/\/2horizontes.com\/index.php?rest_route=\/wp\/v2\/media\/65805"}],"wp:attachment":[{"href":"https:\/\/2horizontes.com\/index.php?rest_route=%2Fwp%2Fv2%2Fmedia&parent=65804"}],"wp:term":[{"taxonomy":"category","embeddable":true,"href":"https:\/\/2horizontes.com\/index.php?rest_route=%2Fwp%2Fv2%2Fcategories&post=65804"},{"taxonomy":"post_tag","embeddable":true,"href":"https:\/\/2horizontes.com\/index.php?rest_route=%2Fwp%2Fv2%2Ftags&post=65804"}],"curies":[{"name":"wp","href":"https:\/\/api.w.org\/{rel}","templated":true}]}}