{"id":65798,"date":"2018-05-03T12:14:28","date_gmt":"2018-05-03T11:14:28","guid":{"rendered":"http:\/\/2horizontes.com\/?p=65798"},"modified":"2018-05-03T12:14:28","modified_gmt":"2018-05-03T11:14:28","slug":"san-cristobal-empresarios-se-enfrentan-a-balazos-estan-heridos","status":"publish","type":"post","link":"https:\/\/2horizontes.com\/?p=65798","title":{"rendered":"SAN CRISTOBAL: Empresarios se enfrentan a balazos; est\u00e1n heridos"},"content":{"rendered":"<p>SAN CRISTOBAL.- Dos conocidos empresarios resultaron heridos tras enfrentarse a balazos en una c\u00e9ntrica calle de esta ciudad.<\/p>\n<p>Rafael Ferm\u00edn Mej\u00eda y Carlos Medina (Morao) se enfrascaron en una \u201cacalorada discusi\u00f3n\u201d cuando se encontraron en un centro de comida r\u00e1pida ubicado en la avenida Libertad.<\/p>\n<p>Se inform\u00f3 que tras el incidente sacaron sus armas de fuego y se provocaron heridas, por lo que tuvieron que ser llevados a centros de salud privados, de aqu\u00ed.<\/p>\n<p>Ferm\u00edn Mej\u00eda fue ingresado en el Centro M\u00e9dico Constituci\u00f3n (CEMECO) mientras que a Medina lo trasladaron a la Cl\u00ednica San Crist\u00f3bal.<\/p>\n<p>La Polic\u00eda a\u00fan no ha emitido su versi\u00f3n.<\/p>\n<p>Numerosos curiosos se aglomeraron en las inmediaciones de ambos establecimientos. Se dijo que el enfrentamiento se debi\u00f3 por viejas deudas de dinero.<\/p>\n<p>Ferm\u00edn Mej\u00eda es un conocido dirigente reformista, expresidente de la Sala Capitular, en los gobiernos de la d\u00e9cada del 90 del presidente Joaqu\u00edn Balaguer. Medina se dedica a prestar dinero de manera personal.<\/p>\n<p>Hace alrededor de veinte a\u00f1os Ferm\u00edn Mej\u00eda tuvo un caso similar con Viterbo Alvarez Corpor\u00e1n (Pechito), a quien bale\u00f3 durante un incidente entre ambos frente al hotel San Crist\u00f3bal.<\/p>\n<p>Alg\u00fan tiempo despu\u00e9s Alvarez Corpor\u00e1n, quien fue miembro del Servicio de Inteligencia MIlitar (SIM)\u00a0en el \u00faltimo tramo del gobierno de Rafael L. Trujillo,\u00a0fue muerto a tiros por un desconocido que emprendi\u00f3 la huida y nunca fue localizado.<\/p>\n<p>El lugar donde Alvarez Corpor\u00e1n fue ultimado est\u00e1 a menos de 200 metros del sitio en la avenida Libertad en donde se enfrentaron ahora Ferm\u00edn Mej\u00eda y\u00a0 Medina<\/p>\n","protected":false},"excerpt":{"rendered":"<p>SAN CRISTOBAL.- Dos conocidos empresarios resultaron heridos tras enfrentarse a balazos en una c\u00e9ntrica calle de esta ciudad. Rafael Ferm\u00edn Mej\u00eda y Carlos Medina (Morao) se enfrascaron en una \u201cacalorada discusi\u00f3n\u201d cuando se encontraron en un centro de comida r\u00e1pida ubicado en la avenida Libertad. Se inform\u00f3 que tras el incidente sacaron sus armas de [&hellip;]<\/p>\n","protected":false},"author":1,"featured_media":65799,"comment_status":"open","ping_status":"open","sticky":false,"template":"","format":"standard","meta":{"footnotes":""},"categories":[53,44],"tags":[],"class_list":["post-65798","post","type-post","status-publish","format-standard","has-post-thumbnail","hentry","category-provincias","category-republica-dominicana"],"_links":{"self":[{"href":"https:\/\/2horizontes.com\/index.php?rest_route=\/wp\/v2\/posts\/65798","targetHints":{"allow":["GET"]}}],"collection":[{"href":"https:\/\/2horizontes.com\/index.php?rest_route=\/wp\/v2\/posts"}],"about":[{"href":"https:\/\/2horizontes.com\/index.php?rest_route=\/wp\/v2\/types\/post"}],"author":[{"embeddable":true,"href":"https:\/\/2horizontes.com\/index.php?rest_route=\/wp\/v2\/users\/1"}],"replies":[{"embeddable":true,"href":"https:\/\/2horizontes.com\/index.php?rest_route=%2Fwp%2Fv2%2Fcomments&post=65798"}],"version-history":[{"count":1,"href":"https:\/\/2horizontes.com\/index.php?rest_route=\/wp\/v2\/posts\/65798\/revisions"}],"predecessor-version":[{"id":65800,"href":"https:\/\/2horizontes.com\/index.php?rest_route=\/wp\/v2\/posts\/65798\/revisions\/65800"}],"wp:featuredmedia":[{"embeddable":true,"href":"https:\/\/2horizontes.com\/index.php?rest_route=\/wp\/v2\/media\/65799"}],"wp:attachment":[{"href":"https:\/\/2horizontes.com\/index.php?rest_route=%2Fwp%2Fv2%2Fmedia&parent=65798"}],"wp:term":[{"taxonomy":"category","embeddable":true,"href":"https:\/\/2horizontes.com\/index.php?rest_route=%2Fwp%2Fv2%2Fcategories&post=65798"},{"taxonomy":"post_tag","embeddable":true,"href":"https:\/\/2horizontes.com\/index.php?rest_route=%2Fwp%2Fv2%2Ftags&post=65798"}],"curies":[{"name":"wp","href":"https:\/\/api.w.org\/{rel}","templated":true}]}}