{"id":65788,"date":"2018-05-03T12:01:33","date_gmt":"2018-05-03T11:01:33","guid":{"rendered":"http:\/\/2horizontes.com\/?p=65788"},"modified":"2018-05-03T12:01:33","modified_gmt":"2018-05-03T11:01:33","slug":"ministra-aclara-no-hay-becarios-de-educacion-superior-en-taiwan","status":"publish","type":"post","link":"https:\/\/2horizontes.com\/?p=65788","title":{"rendered":"Ministra aclara no hay becarios de Educaci\u00f3n Superior en Taiw\u00e1n"},"content":{"rendered":"<p>SANTO DOMINGO.- La Ministra de Educaci\u00f3n Superior, Ciencia y Tecnolog\u00eda, Alejandrina Germ\u00e1n, inform\u00f3 que en estos momentos no hay becarios del MESCyT cursando carreras en la \u00a0\u00a0\u00a0\u00a0\u00a0\u00a0\u00a0\u00a0\u00a0\u00a0\u00a0\u00a0\u00a0\u00a0\u00a0\u00a0\u00a0\u00a0\u00a0\u00a0\u00a0\u00a0\u00a0\u00a0\u00a0\u00a0\u00a0\u00a0\u00a0\u00a0\u00a0\u00a0\u00a0\u00a0\u00a0\u00a0\u00a0\u00a0\u00a0\u00a0\u00a0\u00a0\u00a0\u00a0\u00a0\u00a0\u00a0\u00a0\u00a0\u00a0\u00a0Rep\u00fablica de China Taiw\u00e1n.<\/p>\n<p>\u201cTal como ha dicho el presidente Danilo Medina, al momento de establecer relaciones diplom\u00e1ticas con la Rep\u00fablica de China Popular se tom\u00f3 en cuenta la situaci\u00f3n de dominicanos que pudieran estar cursando estudios en Taiw\u00e1n para que no tuviesen dificultades con los niveles cursados\u201d, precis\u00f3.<\/p>\n<p>Y a seguidas agreg\u00f3: \u201cLo m\u00e1s importante es que los estudiantes\u2014si los hubiere\u2014 que est\u00e9n cursando estudios en Taiw\u00e1n con becas otorgadas por la Embajada de Taiw\u00e1n en la Rep\u00fablica Dominicana,\u00a0 obtengan la asistencia necesaria para su tranquilidad y la de sus familias, conforme al alto inter\u00e9s \u00a0del Gobierno dominicano\u201d.<\/p>\n<p>La titular del MESCYT hizo estas puntualizaciones a ra\u00edz de que el Gobierno dominicano finaliz\u00f3 sus relaciones con Taiw\u00e1n y estableci\u00f3 relaciones diplom\u00e1ticas plenas con la Rep\u00fablica de China Popular.<\/p>\n<p>Precis\u00f3\u00a0 que cualquier dominicano que est\u00e9 cursando estudios superiores en Taiw\u00e1n\u2014sin importar que sea becario del MESCYT\u2014debe comunicarse con la instituci\u00f3n, a trav\u00e9s de las siguientes v\u00edas<strong>: 809-731-1100, ext. 6017<\/strong>,\u00a0\u00a0<strong>Whatsapp: 829-452-5593<\/strong>\u00a0y al correo:\u00a0<strong>egresados@mescyt.gob.do.<\/strong><\/p>\n<p>Reiter\u00f3 \u00a0la voluntad del Gobierno y del Ministerio bajo su direcci\u00f3n de seguir acompa\u00f1ando a los estudiantes dominicanos que cursan carreras con becas de esa instituci\u00f3n.<\/p>\n<p>of-am<\/p>\n<div class=\"addtoany_share_save_container addtoany_content_bottom\">\n<div class=\"addtoany_header\">Comparte:<\/div>\n<\/div>\n","protected":false},"excerpt":{"rendered":"<p>SANTO DOMINGO.- La Ministra de Educaci\u00f3n Superior, Ciencia y Tecnolog\u00eda, Alejandrina Germ\u00e1n, inform\u00f3 que en estos momentos no hay becarios del MESCyT cursando carreras en la \u00a0\u00a0\u00a0\u00a0\u00a0\u00a0\u00a0\u00a0\u00a0\u00a0\u00a0\u00a0\u00a0\u00a0\u00a0\u00a0\u00a0\u00a0\u00a0\u00a0\u00a0\u00a0\u00a0\u00a0\u00a0\u00a0\u00a0\u00a0\u00a0\u00a0\u00a0\u00a0\u00a0\u00a0\u00a0\u00a0\u00a0\u00a0\u00a0\u00a0\u00a0\u00a0\u00a0\u00a0\u00a0\u00a0\u00a0\u00a0\u00a0\u00a0\u00a0Rep\u00fablica de China Taiw\u00e1n. \u201cTal como ha dicho el presidente Danilo Medina, al momento de establecer relaciones diplom\u00e1ticas con la Rep\u00fablica de China Popular se tom\u00f3 en cuenta la [&hellip;]<\/p>\n","protected":false},"author":1,"featured_media":65789,"comment_status":"open","ping_status":"open","sticky":false,"template":"","format":"standard","meta":{"footnotes":""},"categories":[62,44],"tags":[],"class_list":["post-65788","post","type-post","status-publish","format-standard","has-post-thumbnail","hentry","category-cultura","category-republica-dominicana"],"_links":{"self":[{"href":"https:\/\/2horizontes.com\/index.php?rest_route=\/wp\/v2\/posts\/65788","targetHints":{"allow":["GET"]}}],"collection":[{"href":"https:\/\/2horizontes.com\/index.php?rest_route=\/wp\/v2\/posts"}],"about":[{"href":"https:\/\/2horizontes.com\/index.php?rest_route=\/wp\/v2\/types\/post"}],"author":[{"embeddable":true,"href":"https:\/\/2horizontes.com\/index.php?rest_route=\/wp\/v2\/users\/1"}],"replies":[{"embeddable":true,"href":"https:\/\/2horizontes.com\/index.php?rest_route=%2Fwp%2Fv2%2Fcomments&post=65788"}],"version-history":[{"count":1,"href":"https:\/\/2horizontes.com\/index.php?rest_route=\/wp\/v2\/posts\/65788\/revisions"}],"predecessor-version":[{"id":65790,"href":"https:\/\/2horizontes.com\/index.php?rest_route=\/wp\/v2\/posts\/65788\/revisions\/65790"}],"wp:featuredmedia":[{"embeddable":true,"href":"https:\/\/2horizontes.com\/index.php?rest_route=\/wp\/v2\/media\/65789"}],"wp:attachment":[{"href":"https:\/\/2horizontes.com\/index.php?rest_route=%2Fwp%2Fv2%2Fmedia&parent=65788"}],"wp:term":[{"taxonomy":"category","embeddable":true,"href":"https:\/\/2horizontes.com\/index.php?rest_route=%2Fwp%2Fv2%2Fcategories&post=65788"},{"taxonomy":"post_tag","embeddable":true,"href":"https:\/\/2horizontes.com\/index.php?rest_route=%2Fwp%2Fv2%2Ftags&post=65788"}],"curies":[{"name":"wp","href":"https:\/\/api.w.org\/{rel}","templated":true}]}}