{"id":65761,"date":"2018-05-02T12:28:22","date_gmt":"2018-05-02T11:28:22","guid":{"rendered":"http:\/\/2horizontes.com\/?p=65761"},"modified":"2018-05-02T12:28:22","modified_gmt":"2018-05-02T11:28:22","slug":"garrido-evita-mencionar-a-cifuentes-en-el-discurso-del-dos-de-mayo","status":"publish","type":"post","link":"https:\/\/2horizontes.com\/?p=65761","title":{"rendered":"Garrido evita mencionar a Cifuentes en el discurso del Dos de Mayo"},"content":{"rendered":"<h2 class=\"articulo-subtitulo\">El \u00fanico que se ha referido a la expresidenta ha sido el escritor Alfonso Uss\u00eda en su agradecimiento por haber recibido la Medalla de Oro de Madrid<\/h2>\n<p>El Gobierno regional celebra hoy\u00a0la festividad del Dos de Mayo\u00a0m\u00e1s complicada para el PP madrile\u00f1o, inmerso en una crisis sin precedentes, con\u00a0la dimisi\u00f3n de Cristina Cifuentes\u00a0hace una semana sin digerir y unas previsiones electorales que le expulsan del poder aupando a Ciudadanos. Ha dirigido el acto\u00a0\u00c1ngel Garrido, en su papel de presidente en funciones, lo que \u00absin duda es una muestra clara de la estabilidad de las instituciones madrile\u00f1as, m\u00e1s all\u00e1 de las circunstancias concretas de cada momento\u00bb, ha asegurado en un intento de mostrar normalidad.<\/p>\n<p>Sin referencias directas a Cifuentes, se ha referido de forma impl\u00edcita\u00a0a la crisis que les atenaza, indicando que \u00ablos vaivenes pol\u00edticos y los cambios coyunturales no deben hacernos olvidar esta consistencia de fondo\u00bb. Y ha recordado tambi\u00e9n que Madrid \u00abes hoy afortunadamente un pilar b\u00e1sico de la recuperaci\u00f3n y del crecimiento econ\u00f3mico y social de Espa\u00f1a\u00bb. Solo ha recordado a Cifuentes el columnista y escritor\u00a0Alfonso Uss\u00eda\u00a0en su discurso de reconocimiento por recibir una de las dos medallas de oro que otorga la Comunidad de Madrid este d\u00eda.<\/p>\n<p>Le han arropado la vicepresidenta del Gobierno,\u00a0Soraya S\u00e1enz de Santamar\u00eda, que tambi\u00e9n acudi\u00f3 a Sol el a\u00f1o pasado;\u00a0Mar\u00eda Dolores de Cospedal, secretaria general del PP y firme defensora de Cifuentes en el\u00a0caso m\u00e1ster, y los vicesecretarios de Comunicaci\u00f3n y Sectorial,\u00a0Javier Marotoy\u00a0Pablo Casado. Ni rastro de\u00a0Mariano Rajoy, que debe dirimir quien sustituir\u00e1 a la expresidenta regional al frente del gobierno madrile\u00f1o hasta las pr\u00f3ximas elecciones de 2019. Tampoco de Cifuentes, que mantiene el acta de diputada, ni de sus predecesores en el cargo: Ignacio Gonz\u00e1lez, Esperanza Aguirre y Alberto Ruiz-Gallard\u00f3n.<\/p>\n<p>Tanto S\u00e1enz de Santamar\u00eda como Casado aparecen en las quinielas para encabezar la dif\u00edcil renovaci\u00f3n del PP en la regi\u00f3n y mantener al partido en el poder en Madrid, una plaza clave a conservar. Casado suena como aspirante tanto en la lista del Ayuntamiento como en la de la Comunidad de Madrid, y S\u00e1enz de Santamar\u00eda como directora de orquesta de la operaci\u00f3n. Casado ha asegurado que Rajoy y la Ejecutiva nacional est\u00e1n centrados en la investidura y en contar con un equipo en Madrid que durante este a\u00f1o siga respondiendo al cumplimiento del programa electoral. \u00abEl presidente del Gobierno y del partido ya ha dicho que se va a tomar unos d\u00edas de reflexi\u00f3n y que primero toca la investidura y luego podremos hablar del partido\u00bb, ha apuntado Casado.<\/p>\n<p>Pedro S\u00e1nchez, l\u00edder del PSOE, ha acompa\u00f1ado al portavoz socialista en la Asamblea de Madrid, el independiente\u00a0\u00c1ngel Gabilondo, que se perfila como el cabeza de lista para las pr\u00f3ximas elecciones. S\u00e1nchez ha pedido no bloquear la regeneraci\u00f3n \u00abdemocr\u00e1tica e institucional\u00bb en esta regi\u00f3n tras los \u00abcasos ininterrumpidos de corrupci\u00f3n\u00bb que ha sufrido el PP. Le ha pedido a Ciudadanos que se abstenga en el pleno de investidura del nuevo presidente de la Comunidad de Madrid que se celebrar\u00e1 en los pr\u00f3ximos d\u00edas, dando de esa manera a Gabilondo la posibilidad de gobernar.<\/p>\n<p>A Sol ha acudido por parte de Ciudadanos\u00a0Ignacio Aguado, el portavoz de la formaci\u00f3n de Albert Rivera en Madrid, partido al que las encuestas sit\u00faan como el gran triunfador en los comicios auton\u00f3micos del a\u00f1o que viene. Aguado se ha alejado del ofrecimiento del PSOE y ha declarado que no quieren echar al PP de los despachos, sino ganar en las urnas. Ha recordado que el PP fue el partido m\u00e1s votado en las elecciones de 2015, un hecho que hay que \u00abrespetar\u00bb, y, por lo tanto, \u00abpermitir que la lista m\u00e1s votada contin\u00fae en el Gobierno\u00bb.<\/p>\n<p>Podemos ha regresado al Dos de Mayo con \u00cd\u00f1igo Errej\u00f3n,\u00a0que se da a conocer en Madrid\u00a0como el pr\u00f3ximo candidato a presidir la Comunidad de Madrid por esta formaci\u00f3n pol\u00edtica. El a\u00f1o pasado Podemos convoc\u00f3 un acto paralelo como forma de mostrar su desacuerdo con las pol\u00edticas de Cifuentes. En segundo plano, aunque presente, se ha mantenido la actual portavoz del grupo, la anticapitalista Lorena Ruiz-Huerta, alejada de las tesis de Errej\u00f3n y que ha decidido no presentar candidatura en 2019.<\/p>\n<p>No era as\u00ed como hab\u00eda previsto Cifuentes que se desenvolviera el Dos de Mayo. Atrapada en el caso m\u00e1ster, ten\u00eda pensado dejar el puesto despidi\u00e9ndose en la recepci\u00f3n del Dos de Mayo, declar\u00f3 en la comparecencia del mi\u00e9rcoles pasado donde anunci\u00f3 su dimisi\u00f3n, en la Sala Canalejas en la Puerta del Sol. El v\u00eddeo que la mostraba tras hurtar dos botes de crema cosm\u00e9tica en un supermercado precipit\u00f3 su ca\u00edda.<\/p>\n<p>En el acto se han entregado las medallas de la Comunidad y las condecoraciones de la Orden del Dos de Mayo. Las dos medallas de oro se otorgan al escritor y periodista Alfonso Uss\u00eda, al campe\u00f3n de motociclismo\u00a0\u00c1ngel Nieto (a t\u00edtulo p\u00f3stumo), a la actriz Gemma Cuervo, al equipo de trasplantes del Gregorio Mara\u00f1\u00f3n, a la ONCE, y a la Polic\u00eda Municipal de Madrid. La Mesa de la Asamblea, a petici\u00f3n del PSOE, propuso que uno de los m\u00e1ximos galardones recayera en el prestigioso fil\u00f3sofo Emilio Lled\u00f3, que no la acept\u00f3 debido a que \u00abno se daban las circunstancias adecuadas\u00bb debido al caso m\u00e1ster.<\/p>\n","protected":false},"excerpt":{"rendered":"<p>El \u00fanico que se ha referido a la expresidenta ha sido el escritor Alfonso Uss\u00eda en su agradecimiento por haber recibido la Medalla de Oro de Madrid El Gobierno regional celebra hoy\u00a0la festividad del Dos de Mayo\u00a0m\u00e1s complicada para el PP madrile\u00f1o, inmerso en una crisis sin precedentes, con\u00a0la dimisi\u00f3n de Cristina Cifuentes\u00a0hace una semana [&hellip;]<\/p>\n","protected":false},"author":1,"featured_media":65762,"comment_status":"open","ping_status":"open","sticky":false,"template":"","format":"standard","meta":{"footnotes":""},"categories":[85,43],"tags":[],"class_list":["post-65761","post","type-post","status-publish","format-standard","has-post-thumbnail","hentry","category-espana","category-politica"],"_links":{"self":[{"href":"https:\/\/2horizontes.com\/index.php?rest_route=\/wp\/v2\/posts\/65761","targetHints":{"allow":["GET"]}}],"collection":[{"href":"https:\/\/2horizontes.com\/index.php?rest_route=\/wp\/v2\/posts"}],"about":[{"href":"https:\/\/2horizontes.com\/index.php?rest_route=\/wp\/v2\/types\/post"}],"author":[{"embeddable":true,"href":"https:\/\/2horizontes.com\/index.php?rest_route=\/wp\/v2\/users\/1"}],"replies":[{"embeddable":true,"href":"https:\/\/2horizontes.com\/index.php?rest_route=%2Fwp%2Fv2%2Fcomments&post=65761"}],"version-history":[{"count":1,"href":"https:\/\/2horizontes.com\/index.php?rest_route=\/wp\/v2\/posts\/65761\/revisions"}],"predecessor-version":[{"id":65763,"href":"https:\/\/2horizontes.com\/index.php?rest_route=\/wp\/v2\/posts\/65761\/revisions\/65763"}],"wp:featuredmedia":[{"embeddable":true,"href":"https:\/\/2horizontes.com\/index.php?rest_route=\/wp\/v2\/media\/65762"}],"wp:attachment":[{"href":"https:\/\/2horizontes.com\/index.php?rest_route=%2Fwp%2Fv2%2Fmedia&parent=65761"}],"wp:term":[{"taxonomy":"category","embeddable":true,"href":"https:\/\/2horizontes.com\/index.php?rest_route=%2Fwp%2Fv2%2Fcategories&post=65761"},{"taxonomy":"post_tag","embeddable":true,"href":"https:\/\/2horizontes.com\/index.php?rest_route=%2Fwp%2Fv2%2Ftags&post=65761"}],"curies":[{"name":"wp","href":"https:\/\/api.w.org\/{rel}","templated":true}]}}