{"id":6576,"date":"2015-05-10T19:10:32","date_gmt":"2015-05-10T18:10:32","guid":{"rendered":"http:\/\/2horizontes.com\/?p=6576"},"modified":"2015-05-10T19:10:32","modified_gmt":"2015-05-10T18:10:32","slug":"monte-plata-a-punto-de-entrar-en-la-peor-sequia-de-la-histaria","status":"publish","type":"post","link":"https:\/\/2horizontes.com\/?p=6576","title":{"rendered":"Monte Plata a punto de entrar en la peor sequia de la histaria"},"content":{"rendered":"<p>Republica Dominicana &#8211; Monte Plata -Si al cabo de dos o tres d\u00edas no llueve en esta zona, los acueductos de esta provincia se quedar\u00e1n sin \u00b4\u00b4una gota de agua\u00b4\u00b4 para suministrar a la poblaci\u00f3n.<\/p>\n<p>La advertencia la hizo el gerente provincial del Instituto Nacional de Aguas Potables y Alcantarillados ( INAPA), Bernardo Villam\u00e1n, quien sugiri\u00f3 a los usuarios hacer uso racional del l\u00edquido, cuya disponibilidad ha llegado a su m\u00ednima expresi\u00f3n, debido a la gran sequ\u00eda que azota todo el pa\u00eds.<\/p>\n<p>El funcionario inform\u00f3 que uno de los sistemas m\u00e1s afectado por la escasez de agua es Yamas\u00e1, donde la toma est\u00e1 pr\u00e1cticamente seca y solo permite bombear una o dos horas, dejando el tanque regulador a menos de la tercera parte de su capacidad de distribuci\u00f3n.<\/p>\n<p>Indic\u00f3 que la poca agua que tiene el r\u00edo Ozama es extra\u00edda por los equipos de bombeo del acueducto, dejando sin el l\u00edquido a las zonas bajas del lugar, lo que afecta grandemente la ganader\u00eda que depende de esa fuente.<\/p>\n<p>Villam\u00e1n asegur\u00f3 que lo mismo sucede en el acueducto de Monte Plata, donde los motores dejan la fuente de captaci\u00f3n sin agua tras una hora de bombeo.\u00a0 Agreg\u00f3 que hacen esfuerzos por dragar el rio Boy\u00e1, peros los trabajos se han estado ejecutando con\u00a0 fuerza humana\u00a0 y el\u00a0 avance es muy lento.<\/p>\n<p>Dijo que a partir del este domingo la Oficina de Gesti\u00f3n Senatorial dispuso de equipos pesados para\u00a0 continuar\u00a0 los trabajos para represar el agua en la obra de\u00a0 toma de este acueducto, a fin de aumentar el caudal disponible para el bombeo.<\/p>\n<p>\u00b4\u00b4Recomiendo a la poblaci\u00f3n\u00a0 no desperdiciar el agua, ya que si no llueve pronto, la provincia entrar\u00e1 en su peor etapa de sequ\u00eda de la historia\u00b4\u00b4, adelant\u00f3.<\/p>\n","protected":false},"excerpt":{"rendered":"<p>Republica Dominicana &#8211; Monte Plata -Si al cabo de dos o tres d\u00edas no llueve en esta zona, los acueductos de esta provincia se quedar\u00e1n sin \u00b4\u00b4una gota de agua\u00b4\u00b4 para suministrar a la poblaci\u00f3n. La advertencia la hizo el gerente provincial del Instituto Nacional de Aguas Potables y Alcantarillados ( INAPA), Bernardo Villam\u00e1n, quien [&hellip;]<\/p>\n","protected":false},"author":8,"featured_media":6580,"comment_status":"open","ping_status":"open","sticky":false,"template":"","format":"standard","meta":{"footnotes":""},"categories":[53],"tags":[],"class_list":["post-6576","post","type-post","status-publish","format-standard","has-post-thumbnail","hentry","category-provincias"],"_links":{"self":[{"href":"https:\/\/2horizontes.com\/index.php?rest_route=\/wp\/v2\/posts\/6576","targetHints":{"allow":["GET"]}}],"collection":[{"href":"https:\/\/2horizontes.com\/index.php?rest_route=\/wp\/v2\/posts"}],"about":[{"href":"https:\/\/2horizontes.com\/index.php?rest_route=\/wp\/v2\/types\/post"}],"author":[{"embeddable":true,"href":"https:\/\/2horizontes.com\/index.php?rest_route=\/wp\/v2\/users\/8"}],"replies":[{"embeddable":true,"href":"https:\/\/2horizontes.com\/index.php?rest_route=%2Fwp%2Fv2%2Fcomments&post=6576"}],"version-history":[{"count":1,"href":"https:\/\/2horizontes.com\/index.php?rest_route=\/wp\/v2\/posts\/6576\/revisions"}],"predecessor-version":[{"id":6581,"href":"https:\/\/2horizontes.com\/index.php?rest_route=\/wp\/v2\/posts\/6576\/revisions\/6581"}],"wp:featuredmedia":[{"embeddable":true,"href":"https:\/\/2horizontes.com\/index.php?rest_route=\/wp\/v2\/media\/6580"}],"wp:attachment":[{"href":"https:\/\/2horizontes.com\/index.php?rest_route=%2Fwp%2Fv2%2Fmedia&parent=6576"}],"wp:term":[{"taxonomy":"category","embeddable":true,"href":"https:\/\/2horizontes.com\/index.php?rest_route=%2Fwp%2Fv2%2Fcategories&post=6576"},{"taxonomy":"post_tag","embeddable":true,"href":"https:\/\/2horizontes.com\/index.php?rest_route=%2Fwp%2Fv2%2Ftags&post=6576"}],"curies":[{"name":"wp","href":"https:\/\/api.w.org\/{rel}","templated":true}]}}