{"id":65698,"date":"2018-04-28T13:50:23","date_gmt":"2018-04-28T12:50:23","guid":{"rendered":"http:\/\/2horizontes.com\/?p=65698"},"modified":"2018-04-28T13:50:23","modified_gmt":"2018-04-28T12:50:23","slug":"republica-dominicana-destino-ideal-para-la-inversion-y-la-exportacion","status":"publish","type":"post","link":"https:\/\/2horizontes.com\/?p=65698","title":{"rendered":"Rep\u00fablica Dominicana: Destino ideal para la Inversi\u00f3n y la Exportaci\u00f3n"},"content":{"rendered":"<p style=\"font-weight: 400;\"><strong>Torino, Italia.\u00a0<\/strong>El Consulado General de la Rep\u00fablica Dominicana con sede en G\u00e9nova-Italia, realiz\u00f3 una \u00abpresentaci\u00f3n sobre la Exportaci\u00f3n, la Inversi\u00f3n y las oportunidades de negocios en la Republica Dominicana\u201d, dirigido a los empresarios de la Regi\u00f3n de Piamente.<\/p>\n<p style=\"font-weight: 400;\">El Vicepresidente de la C\u00e1mara de Comercio, se\u00f1or Andrea Talaia,\u00a0\u00a0ponder\u00f3 el crecimiento sostenido alcanzado por la Rep\u00fablica Dominicana\u00a0en los \u00faltimos a\u00f1os y su posici\u00f3n geogr\u00e1fica envidiable que permite el f\u00e1cil acceso a los mercados del norte, sur y centro del Continente Americano, fungiendo de Puente con el continente europeo para el comercio de bienes y servicios.\u00a0\u00a0Adem\u00e1s, resalt\u00f3 que el a\u00f1o pasado aumentaron las exportaciones y la presencia de los italianos hacia el pa\u00eds.<\/p>\n<p style=\"font-weight: 400;\">El C\u00f3nsul General Santiago Rodr\u00edguez Figuereo, dando seguimiento a lo planteado por el presidente Danilo Medina S\u00e1nchez, referente a la promoci\u00f3n de la exportaci\u00f3n e Inversi\u00f3n;\u00a0\u00a0present\u00f3 una panor\u00e1mica econ\u00f3mica sobre la potencialidad y la variedad de productos destinados a la exportaci\u00f3n y la Inversi\u00f3n Directa en la Rep\u00fablica Dominicana. Habl\u00f3 sobre las relaciones y los v\u00ednculos entre Italia y Dominicana, mostrando los videos de promoci\u00f3n tur\u00edstica y de Inversi\u00f3n para que los empresarios conozcan en imagines la belleza y la infraestructura del pa\u00eds.<\/p>\n<p><a href=\"http:\/\/2horizontes.com\/wp-content\/uploads\/2018\/04\/Promocion-Invertir-en-RD.jpg\"><img loading=\"lazy\" decoding=\"async\" class=\"wp-image-65700 alignleft\" src=\"http:\/\/2horizontes.com\/wp-content\/uploads\/2018\/04\/Promocion-Invertir-en-RD.jpg\" alt=\"\" width=\"509\" height=\"318\" srcset=\"https:\/\/2horizontes.com\/wp-content\/uploads\/2018\/04\/Promocion-Invertir-en-RD.jpg 800w, https:\/\/2horizontes.com\/wp-content\/uploads\/2018\/04\/Promocion-Invertir-en-RD-300x188.jpg 300w, https:\/\/2horizontes.com\/wp-content\/uploads\/2018\/04\/Promocion-Invertir-en-RD-768x480.jpg 768w, https:\/\/2horizontes.com\/wp-content\/uploads\/2018\/04\/Promocion-Invertir-en-RD-510x319.jpg 510w, https:\/\/2horizontes.com\/wp-content\/uploads\/2018\/04\/Promocion-Invertir-en-RD-171x108.jpg 171w\" sizes=\"auto, (max-width: 509px) 100vw, 509px\" \/><\/a><\/p>\n<p style=\"font-weight: 400;\">Los empresarios y emprendedores italianos recibieron con detalles todas las informaciones y procedimientos sobre la exportaci\u00f3n, la inversi\u00f3n, las condiciones favorables y la \u00f3ptima condiciones que ofrece el pa\u00eds a los interesados en hacer negocios; expuesta por el\u00a0se\u00f1or Nelson Ortega, coordinador de la gerencia de inversi\u00f3n de\u00a0Pro Dominicana (Centro de Exportaci\u00f3n e Inversi\u00f3n).<\/p>\n<p style=\"font-weight: 400;\">Los se\u00f1ores\u00a0Lixmari Grano de Oro, Ejecutiva del Departamento de Promoci\u00f3n y H\u00e9ctor Santos, Ejecutivo de la Divisi\u00f3n de An\u00e1lisis Econ\u00f3mico y Competitividad\u00a0del\u00a0Consejo Nacional de\u00a0Zonas Francas de\u00a0Exportaci\u00f3n presentaron de forma magistral todo lo relacionado al sector de Zona Franca.<\/p>\n<p style=\"font-weight: 400;\">La actividad fue organizada por el Consulado General de la Rep\u00fablica Dominicana en G\u00e9nova y la C\u00e1mara de Comercio de Torino.<\/p>\n<p style=\"font-weight: 400;\">Colaboradores: Pro Dominicana, Consejo Nacional de Zonas Francas, Asociaci\u00f3n de peque\u00f1as y Medianas Empresas de Torino y Provincia, y Agencia para la Inversi\u00f3n, Exportaci\u00f3n e Importaci\u00f3n de Piamonte.<\/p>\n<p style=\"font-weight: 400;\">El evento concluy\u00f3 con la degustaci\u00f3n de producto t\u00edpico dominicanos e italiano, en la sede institucional de la C\u00e1mara de Comercio de Torino,\u00a0Palazzo Birago di Borgaro,\u00a0V\u00eda Carlo Alberto.<\/p>\n","protected":false},"excerpt":{"rendered":"<p>Torino, Italia.\u00a0El Consulado General de la Rep\u00fablica Dominicana con sede en G\u00e9nova-Italia, realiz\u00f3 una \u00abpresentaci\u00f3n sobre la Exportaci\u00f3n, la Inversi\u00f3n y las oportunidades de negocios en la Republica Dominicana\u201d, dirigido a los empresarios de la Regi\u00f3n de Piamente. El Vicepresidente de la C\u00e1mara de Comercio, se\u00f1or Andrea Talaia,\u00a0\u00a0ponder\u00f3 el crecimiento sostenido alcanzado por la Rep\u00fablica [&hellip;]<\/p>\n","protected":false},"author":1,"featured_media":65699,"comment_status":"open","ping_status":"open","sticky":false,"template":"","format":"standard","meta":{"footnotes":""},"categories":[63,86,43,44],"tags":[],"class_list":["post-65698","post","type-post","status-publish","format-standard","has-post-thumbnail","hentry","category-economia","category-europa","category-politica","category-republica-dominicana"],"_links":{"self":[{"href":"https:\/\/2horizontes.com\/index.php?rest_route=\/wp\/v2\/posts\/65698","targetHints":{"allow":["GET"]}}],"collection":[{"href":"https:\/\/2horizontes.com\/index.php?rest_route=\/wp\/v2\/posts"}],"about":[{"href":"https:\/\/2horizontes.com\/index.php?rest_route=\/wp\/v2\/types\/post"}],"author":[{"embeddable":true,"href":"https:\/\/2horizontes.com\/index.php?rest_route=\/wp\/v2\/users\/1"}],"replies":[{"embeddable":true,"href":"https:\/\/2horizontes.com\/index.php?rest_route=%2Fwp%2Fv2%2Fcomments&post=65698"}],"version-history":[{"count":1,"href":"https:\/\/2horizontes.com\/index.php?rest_route=\/wp\/v2\/posts\/65698\/revisions"}],"predecessor-version":[{"id":65701,"href":"https:\/\/2horizontes.com\/index.php?rest_route=\/wp\/v2\/posts\/65698\/revisions\/65701"}],"wp:featuredmedia":[{"embeddable":true,"href":"https:\/\/2horizontes.com\/index.php?rest_route=\/wp\/v2\/media\/65699"}],"wp:attachment":[{"href":"https:\/\/2horizontes.com\/index.php?rest_route=%2Fwp%2Fv2%2Fmedia&parent=65698"}],"wp:term":[{"taxonomy":"category","embeddable":true,"href":"https:\/\/2horizontes.com\/index.php?rest_route=%2Fwp%2Fv2%2Fcategories&post=65698"},{"taxonomy":"post_tag","embeddable":true,"href":"https:\/\/2horizontes.com\/index.php?rest_route=%2Fwp%2Fv2%2Ftags&post=65698"}],"curies":[{"name":"wp","href":"https:\/\/api.w.org\/{rel}","templated":true}]}}