{"id":65684,"date":"2018-04-23T14:56:19","date_gmt":"2018-04-23T13:56:19","guid":{"rendered":"http:\/\/2horizontes.com\/?p=65684"},"modified":"2018-04-23T14:56:19","modified_gmt":"2018-04-23T13:56:19","slug":"senador-pld-formaliza-disculpa-publica-al-ex-presidente-mejia","status":"publish","type":"post","link":"https:\/\/2horizontes.com\/?p=65684","title":{"rendered":"Senador PLD formaliza disculpa p\u00fablica al ex presidente Mej\u00eda"},"content":{"rendered":"<p>SANTO DOMINGO.- El senador Wilton Guerrero reiter\u00f3 formalmente la disculpa p\u00fablica que ofreciera el pasado 14 de febrero al expresidente Hip\u00f3lito Mej\u00eda ante la Suprema Corte de Justicia (SCJ), por haberlo difamado e injuriado.<\/p>\n<p>El senador de la provincia Peravia por el Partido de la Liberaci\u00f3n Dominicana (PLD), hizo la ratificaci\u00f3n en un espacio pagado que aparece en la p\u00e1gina 7 de la edici\u00f3n de El Caribe de este lunes.<\/p>\n<p>En este sentido, \u00e9l refrenda un acuerdo que logr\u00f3 con Mej\u00eda para \u201cconciliar\u201d en un juicio que por difamaci\u00f3n e injuria se le segu\u00eda en la Suprema Corte de Justicia.<\/p>\n<p>Mej\u00eda someti\u00f3 al legislador pelede\u00edsta por haberlo acusado de haber viajado a M\u00e9xico en la campa\u00f1a de las elecciones del 2012\u00a0 junto al piloto y hombre de confianza del jefe del Cartel de Sinaloa, el Chapo Guzm\u00e1n.<\/p>\n<p>\u201cLas declaraciones recogidas por El Caribe, el 17 de mayo 2012 fueron ofrecidas al calor de la campa\u00f1a electoral que enfrentaba al PLD y al PRD, y que postul\u00f3 en esa ocasi\u00f3n como candidato presidencial a Hip\u00f3lito Mej\u00eda, sin ser antes confirmadas\u201d, dice Guerrero.<\/p>\n","protected":false},"excerpt":{"rendered":"<p>SANTO DOMINGO.- El senador Wilton Guerrero reiter\u00f3 formalmente la disculpa p\u00fablica que ofreciera el pasado 14 de febrero al expresidente Hip\u00f3lito Mej\u00eda ante la Suprema Corte de Justicia (SCJ), por haberlo difamado e injuriado. El senador de la provincia Peravia por el Partido de la Liberaci\u00f3n Dominicana (PLD), hizo la ratificaci\u00f3n en un espacio pagado [&hellip;]<\/p>\n","protected":false},"author":4,"featured_media":65685,"comment_status":"open","ping_status":"open","sticky":false,"template":"","format":"standard","meta":{"footnotes":""},"categories":[43,44],"tags":[],"class_list":["post-65684","post","type-post","status-publish","format-standard","has-post-thumbnail","hentry","category-politica","category-republica-dominicana"],"_links":{"self":[{"href":"https:\/\/2horizontes.com\/index.php?rest_route=\/wp\/v2\/posts\/65684","targetHints":{"allow":["GET"]}}],"collection":[{"href":"https:\/\/2horizontes.com\/index.php?rest_route=\/wp\/v2\/posts"}],"about":[{"href":"https:\/\/2horizontes.com\/index.php?rest_route=\/wp\/v2\/types\/post"}],"author":[{"embeddable":true,"href":"https:\/\/2horizontes.com\/index.php?rest_route=\/wp\/v2\/users\/4"}],"replies":[{"embeddable":true,"href":"https:\/\/2horizontes.com\/index.php?rest_route=%2Fwp%2Fv2%2Fcomments&post=65684"}],"version-history":[{"count":1,"href":"https:\/\/2horizontes.com\/index.php?rest_route=\/wp\/v2\/posts\/65684\/revisions"}],"predecessor-version":[{"id":65686,"href":"https:\/\/2horizontes.com\/index.php?rest_route=\/wp\/v2\/posts\/65684\/revisions\/65686"}],"wp:featuredmedia":[{"embeddable":true,"href":"https:\/\/2horizontes.com\/index.php?rest_route=\/wp\/v2\/media\/65685"}],"wp:attachment":[{"href":"https:\/\/2horizontes.com\/index.php?rest_route=%2Fwp%2Fv2%2Fmedia&parent=65684"}],"wp:term":[{"taxonomy":"category","embeddable":true,"href":"https:\/\/2horizontes.com\/index.php?rest_route=%2Fwp%2Fv2%2Fcategories&post=65684"},{"taxonomy":"post_tag","embeddable":true,"href":"https:\/\/2horizontes.com\/index.php?rest_route=%2Fwp%2Fv2%2Ftags&post=65684"}],"curies":[{"name":"wp","href":"https:\/\/api.w.org\/{rel}","templated":true}]}}