{"id":65681,"date":"2018-04-23T14:54:01","date_gmt":"2018-04-23T13:54:01","guid":{"rendered":"http:\/\/2horizontes.com\/?p=65681"},"modified":"2018-04-23T14:54:01","modified_gmt":"2018-04-23T13:54:01","slug":"sfm-miguel-vargas-reitera-prd-ira-a-elecciones-con-candidatos-propios","status":"publish","type":"post","link":"https:\/\/2horizontes.com\/?p=65681","title":{"rendered":"SFM: Miguel Vargas reitera PRD ir\u00e1 a elecciones con candidatos propios"},"content":{"rendered":"<p>SAN FRANCISCO DE MACORIS.- El presidente del Partido Revolucionario Dominicano (PRD), Miguel Vargas Maldonado, anunci\u00f3 aqu\u00ed que esa organizaci\u00f3n participar\u00e1 con candidatos propios en el pr\u00f3ximo certamen electoral.<\/p>\n<p>\u201cLlevaremos candidaturas propias tanto al Congreso como a las alcald\u00edas y a la presidencia de la Rep\u00fablica\u201d, reiter\u00f3.<\/p>\n<p>Dijo que \u201cen estos momentos, la fortaleza interna que tiene el PRD es fruto del trabajo de los principales cuadros dirigenciales, los cuales est\u00e1n haciendo una encomiable labor de cara al 2020\u201d.<\/p>\n<p>\u201cEl PRD ha reencausado su rumbo de forma indetenible hacia un 2020 exitoso. Estamos activando la m\u00e1s grande y experimentada maquinaria pol\u00edtica de la Rep\u00fablica Dominicana para ponerla al servicio de los mejores intereses del pueblo dominicano\u201d, expres\u00f3 Vargas en el acto de juramentaci\u00f3n de m\u00e1s de 150 nuevos perrede\u00edstas.<\/p>\n<p>Dijo que los nuevos juramentados de las provincias Duarte, Mar\u00eda Trinidad S\u00e1nchez y Saman\u00e1 son una \u201cmuestra palpable del crecimiento de nuestro partido, el cual, hoy por hoy, se encuentra en una posici\u00f3n muy privilegiada, debido al trabaja tesonero para llevarnos al primer lugar de la presencia electoral dominicana\u201d.<\/p>\n","protected":false},"excerpt":{"rendered":"<p>SAN FRANCISCO DE MACORIS.- El presidente del Partido Revolucionario Dominicano (PRD), Miguel Vargas Maldonado, anunci\u00f3 aqu\u00ed que esa organizaci\u00f3n participar\u00e1 con candidatos propios en el pr\u00f3ximo certamen electoral. \u201cLlevaremos candidaturas propias tanto al Congreso como a las alcald\u00edas y a la presidencia de la Rep\u00fablica\u201d, reiter\u00f3. Dijo que \u201cen estos momentos, la fortaleza interna que [&hellip;]<\/p>\n","protected":false},"author":4,"featured_media":65682,"comment_status":"open","ping_status":"open","sticky":false,"template":"","format":"standard","meta":{"footnotes":""},"categories":[43,53,44],"tags":[],"class_list":["post-65681","post","type-post","status-publish","format-standard","has-post-thumbnail","hentry","category-politica","category-provincias","category-republica-dominicana"],"_links":{"self":[{"href":"https:\/\/2horizontes.com\/index.php?rest_route=\/wp\/v2\/posts\/65681","targetHints":{"allow":["GET"]}}],"collection":[{"href":"https:\/\/2horizontes.com\/index.php?rest_route=\/wp\/v2\/posts"}],"about":[{"href":"https:\/\/2horizontes.com\/index.php?rest_route=\/wp\/v2\/types\/post"}],"author":[{"embeddable":true,"href":"https:\/\/2horizontes.com\/index.php?rest_route=\/wp\/v2\/users\/4"}],"replies":[{"embeddable":true,"href":"https:\/\/2horizontes.com\/index.php?rest_route=%2Fwp%2Fv2%2Fcomments&post=65681"}],"version-history":[{"count":1,"href":"https:\/\/2horizontes.com\/index.php?rest_route=\/wp\/v2\/posts\/65681\/revisions"}],"predecessor-version":[{"id":65683,"href":"https:\/\/2horizontes.com\/index.php?rest_route=\/wp\/v2\/posts\/65681\/revisions\/65683"}],"wp:featuredmedia":[{"embeddable":true,"href":"https:\/\/2horizontes.com\/index.php?rest_route=\/wp\/v2\/media\/65682"}],"wp:attachment":[{"href":"https:\/\/2horizontes.com\/index.php?rest_route=%2Fwp%2Fv2%2Fmedia&parent=65681"}],"wp:term":[{"taxonomy":"category","embeddable":true,"href":"https:\/\/2horizontes.com\/index.php?rest_route=%2Fwp%2Fv2%2Fcategories&post=65681"},{"taxonomy":"post_tag","embeddable":true,"href":"https:\/\/2horizontes.com\/index.php?rest_route=%2Fwp%2Fv2%2Ftags&post=65681"}],"curies":[{"name":"wp","href":"https:\/\/api.w.org\/{rel}","templated":true}]}}