{"id":65669,"date":"2018-04-23T14:35:55","date_gmt":"2018-04-23T13:35:55","guid":{"rendered":"http:\/\/2horizontes.com\/?p=65669"},"modified":"2018-04-23T14:35:55","modified_gmt":"2018-04-23T13:35:55","slug":"tres-detenidos-por-violar-en-grupo-a-una-joven-en-un-piso-de-alicante","status":"publish","type":"post","link":"https:\/\/2horizontes.com\/?p=65669","title":{"rendered":"Tres detenidos por violar en grupo a una joven en un piso de Alicante"},"content":{"rendered":"<p>Tres hombres\u00a0han sido detenidos en Alicante y Elche\u00a0acusados de haber participado en la agresi\u00f3n sexual en grupo a una joven de 19 a\u00f1os\u00a0a la que uno de ellos conoci\u00f3 en una discoteca\u00a0la madrugada del pasado s\u00e1bado. Seg\u00fan un comunicado de la Comisar\u00eda Provincial, uno de ellos fue capturado en el aeropuerto de Alicante-Elche cuando intentaba huir de Espa\u00f1a, mientras que un cuarto presunto implicado en los hechos a\u00fan no ha sido localizado. Los\u00a0detenidos, de nacionalidad argelina, tienen 19, 28 y 34 a\u00f1os.<\/p>\n<div id=\"elpais_gpt-INTEXT\" data-google-query-id=\"CPPsj7TB0NoCFdXHUQodiO8GKQ\">\n<div id=\"google_ads_iframe_\/7811748\/elpais_web\/politica\/intext_0__container__\"><iframe id=\"google_ads_iframe_\/7811748\/elpais_web\/politica\/intext_0\" title=\"3rd party ad content\" name=\"google_ads_iframe_\/7811748\/elpais_web\/politica\/intext_0\" width=\"1\" height=\"1\" frameborder=\"0\" marginwidth=\"0\" marginheight=\"0\" scrolling=\"no\" data-mce-fragment=\"1\"><\/iframe><\/div>\n<\/div>\n<p>La chica conoci\u00f3 al hombre de 34 a\u00f1os en una discoteca de la zona de ocio del puerto de Alicante\u00a0la madrugada del pasado s\u00e1bado. Tras invitarla a bebidas alcoh\u00f3licas, relata el comunicado, \u00able insisti\u00f3 en que le acompa\u00f1ase a su casa\u00bb, un piso de la zona de la Explanada, en el centro de la ciudad. \u00ab\u00a1Pero nada de sexo!\u00bb, le advirti\u00f3 la joven, a lo que el hombre accedi\u00f3,\u00a0seg\u00fan recoge el diario\u00a0<em>Informaci\u00f3n<\/em>\u00a0de Alicante.<\/p>\n<p>Seg\u00fan denuncia la v\u00edctima, una vez en la vivienda, tres j\u00f3venes salieron de las habitaciones y, junto al hombre que iba con la chica, la violaron. La v\u00edctima intent\u00f3 sin \u00e9xito huir. Luego, uno de los sospechosos la llev\u00f3 a la calle, \u00abdonde desesperadamente la joven pidi\u00f3 auxilio en el primer establecimiento comercial que encontr\u00f3\u00bb. Desde all\u00ed, una llamada alert\u00f3 a los agentes de lo ocurrido, se\u00f1ala la nota de prensa.<\/p>\n<p>La chica, de origen sudamericano, fue trasladada y atendida en el Hospital General de Alicante. Horas despu\u00e9s, los agentes detuvieron en el piso a dos de los presuntos implicados, mientras que un tercero, el de 34 a\u00f1os, fue arrestado en el aeropuerto de Alicante-Elche, ubicado en el t\u00e9rmino municipal ilicitano.<\/p>\n<p>Los tres individuos han pasado este lunes a disposici\u00f3n judicial.\u00a0Seg\u00fan\u00a0<em>Informaci\u00f3n,<\/em>\u00a0el juzgado de guardia de Elche ha enviado a prisi\u00f3n a uno de los denunciados, al que fue sorprendido en el aeropuerto cuando intentaba huir a Argelia. Los otros dos arrestados,\u00a0que son hermanos y\u00a0que que no han sido identificados por la v\u00edctima,\u00a0han quedado en libertad provisional tras negar los hechos y asegurar que echaron a su amigo y a la joven de su domicilio. El que se encuentra en prisi\u00f3n provisional tambi\u00e9n ha negado haberla violado.<\/p>\n<p>El diario local indica que los dos hermanos han manifestado que aquella noche estaban durmiendo en el piso de sus padres junto con dos amigos. Uno de ellos lleg\u00f3 a las cinco de la madrugada y se despertaron al escuchar gritos de la joven. Afirman que salieron a ver qu\u00e9 ocurr\u00eda y vieron a su amigo vestido y a la joven desnuda. Niegan que la hubiesen violado, aseguran que abroncaron a su amigo por haber llevado a la joven al domicilio y que echaron de casa a los dos, seg\u00fan relatan fuentes cercanas al caso a\u00a0<em>Informaci\u00f3n<\/em>.<\/p>\n<p>Las mismas fuentes indican que la joven no pudo ser localizada para una rueda de reconocimiento en el juzgado de los dos hermanos, a los que por tanto no ha identificado. La Fiscal\u00eda no solicit\u00f3 su ingreso en prisi\u00f3n y el juez ha acordado su puesta en libertad.<\/p>\n<p>La investigaci\u00f3n ha sido llevada a cabo por agentes de la Brigada de Polic\u00eda Judicial de la Comisar\u00eda Provincial de Alicante, que contin\u00faan realizando las indagaciones pertinentes para encontrar y apresar al cuarto supuesto involucrado en el suceso.<\/p>\n","protected":false},"excerpt":{"rendered":"<p>Tres hombres\u00a0han sido detenidos en Alicante y Elche\u00a0acusados de haber participado en la agresi\u00f3n sexual en grupo a una joven de 19 a\u00f1os\u00a0a la que uno de ellos conoci\u00f3 en una discoteca\u00a0la madrugada del pasado s\u00e1bado. Seg\u00fan un comunicado de la Comisar\u00eda Provincial, uno de ellos fue capturado en el aeropuerto de Alicante-Elche cuando intentaba [&hellip;]<\/p>\n","protected":false},"author":4,"featured_media":65670,"comment_status":"open","ping_status":"open","sticky":false,"template":"","format":"standard","meta":{"footnotes":""},"categories":[85,53],"tags":[],"class_list":["post-65669","post","type-post","status-publish","format-standard","has-post-thumbnail","hentry","category-espana","category-provincias"],"_links":{"self":[{"href":"https:\/\/2horizontes.com\/index.php?rest_route=\/wp\/v2\/posts\/65669","targetHints":{"allow":["GET"]}}],"collection":[{"href":"https:\/\/2horizontes.com\/index.php?rest_route=\/wp\/v2\/posts"}],"about":[{"href":"https:\/\/2horizontes.com\/index.php?rest_route=\/wp\/v2\/types\/post"}],"author":[{"embeddable":true,"href":"https:\/\/2horizontes.com\/index.php?rest_route=\/wp\/v2\/users\/4"}],"replies":[{"embeddable":true,"href":"https:\/\/2horizontes.com\/index.php?rest_route=%2Fwp%2Fv2%2Fcomments&post=65669"}],"version-history":[{"count":1,"href":"https:\/\/2horizontes.com\/index.php?rest_route=\/wp\/v2\/posts\/65669\/revisions"}],"predecessor-version":[{"id":65671,"href":"https:\/\/2horizontes.com\/index.php?rest_route=\/wp\/v2\/posts\/65669\/revisions\/65671"}],"wp:featuredmedia":[{"embeddable":true,"href":"https:\/\/2horizontes.com\/index.php?rest_route=\/wp\/v2\/media\/65670"}],"wp:attachment":[{"href":"https:\/\/2horizontes.com\/index.php?rest_route=%2Fwp%2Fv2%2Fmedia&parent=65669"}],"wp:term":[{"taxonomy":"category","embeddable":true,"href":"https:\/\/2horizontes.com\/index.php?rest_route=%2Fwp%2Fv2%2Fcategories&post=65669"},{"taxonomy":"post_tag","embeddable":true,"href":"https:\/\/2horizontes.com\/index.php?rest_route=%2Fwp%2Fv2%2Ftags&post=65669"}],"curies":[{"name":"wp","href":"https:\/\/api.w.org\/{rel}","templated":true}]}}