{"id":65648,"date":"2018-04-23T14:05:58","date_gmt":"2018-04-23T13:05:58","guid":{"rendered":"http:\/\/2horizontes.com\/?p=65648"},"modified":"2018-04-23T14:05:58","modified_gmt":"2018-04-23T13:05:58","slug":"estuve-muy-muy-cerca-de-morir-el-hombre-que-perdio-las-piernas-los-dedos-y-parte-de-la-cara-por-un-aranazo-y-lameton-de-su-perro","status":"publish","type":"post","link":"https:\/\/2horizontes.com\/?p=65648","title":{"rendered":"\u00abEstuve muy, muy cerca de morir\u00bb: el hombre que perdi\u00f3 las piernas, los dedos y parte de la cara por un ara\u00f1azo y lamet\u00f3n de su perro"},"content":{"rendered":"<p class=\"story-body__introduction\">Hace un a\u00f1o y medio el doctor Jaco Nel jugaba con su perro Harvey, un coker spaniel, cuando not\u00f3 un peque\u00f1o ara\u00f1azo en la mano.<\/p>\n<p>Lo limpi\u00f3 y lo desinfect\u00f3 y sigui\u00f3 con sus quehaceres habituales. Pero dos semanas despu\u00e9s se enferm\u00f3 de lo que parec\u00eda una gripe.<\/p>\n<p>No se imaginaba entonces lo que estaba a punto de suceder: una bacteria en la saliva de su\u00a0<i>spaniel<\/i>\u00a0le caus\u00f3 una infecci\u00f3n que le desencaden\u00f3\u00a0<strong>septicemia, una sobre<\/strong><strong>r<\/strong><strong>reacci\u00f3n del sistema inmunol\u00f3gico<\/strong>\u00a0ante una infecci\u00f3n.<\/p>\n<ul class=\"story-body__unordered-list\">\n<li class=\"story-body__list-item\">La infecci\u00f3n por la que perd\u00ed la nariz y las piernas<\/li>\n<\/ul>\n<p>La septicemia es la\u00a0<strong>principal causa de muerte por infecci\u00f3n<\/strong>\u00a0en el mundo.<\/p>\n<p>Nel no muri\u00f3, pero dice que estuvo \u00abmuy, muy cerca\u00bb.<\/p>\n<p>Como consecuencia de su choque s\u00e9ptico se pas\u00f3 cinco d\u00edas en coma y meses en el hospital, antes de perder las dos piernas por debajo de la rodilla, todos los dedos de una mano y de sufrir una desfiguraci\u00f3n en la nariz y los labios que le da dificultades para hablar y comer.<\/p>\n<p><strong>El caso de Nel es muy\u00a0<\/strong><strong>extremo<\/strong>\u00a0pero real, como el de los\u00a0<strong>20 millones<\/strong>\u00a0de personas que sufren septicemia al a\u00f1o en el mundo.<\/p>\n<p>Ahora este brit\u00e1nico vive con las graves consecuencias de lo que parec\u00eda un simple ara\u00f1azo, como le explic\u00f3 al programa Victoria Derbyshire de la BBC, donde habl\u00f3 para dar a conocer la enfermedad y para ayudarse a s\u00ed mismo a superar lo que le pas\u00f3.<\/p>\n<h2 class=\"story-body__crosshead\">\u00abSent\u00ed depresi\u00f3n e ira\u00bb<\/h2>\n<p>Nel no se dio cuenta de lo enfermo que estaba porque al sentirse mal, como si tuviera gripe, se fue a dormir hasta el d\u00eda siguiente.<\/p>\n<p>\u00abMe deb\u00ed de enfermar mucho porque me sent\u00eda confuso, desorientado. No escuch\u00e9 el tel\u00e9fono cuando me buscaban al faltar al trabajo\u00bb, le cont\u00f3 el doctor al programa de la BBC.<\/p>\n<p>\u00abAl final del d\u00eda, mi pareja vino a casa y me encontr\u00f3 en un estado terrible\u00bb, recuerda.<\/p>\n<p>\u00abLlam\u00f3 a los servicios de emergencia y se portaron genial: inmediatamente se dieron cuenta de que era septicemia y empezaron a tratarme de urgencia all\u00ed mismo\u00bb.<\/p>\n<figure class=\"media-landscape has-caption full-width\"><span class=\"image-and-copyright-container\"><img loading=\"lazy\" decoding=\"async\" class=\"responsive-image__img js-image-replace\" src=\"https:\/\/ichef.bbci.co.uk\/news\/624\/cpsprodpb\/D62D\/production\/_100992845_sepsistvstudio.png\" alt=\"Jako Nel hablando en el programa Victoria Derbyshire de la BBC.\" width=\"976\" height=\"549\" data-highest-encountered-width=\"624\" \/><\/span><figcaption class=\"media-caption\"><span class=\"off-screen\">Image caption<\/span><span class=\"media-caption__text\">Nel perdi\u00f3 la consciencia y estuvo en coma durante cuatro o cinco d\u00edas.<\/span><\/figcaption><\/figure>\n<p>Un diagn\u00f3stico temprano es clave para la recuperaci\u00f3n de la septicemia: seg\u00fan varios estudios\u00a0<strong>el 80% de los casos<\/strong>\u00a0se pueden tratar favorablemente si se diagnostica en la primera hora. Pero si no, con cada hora que pasa se incrementa el riesgo de muerte.<\/p>\n<p>Nel recibi\u00f3 flu\u00eddos intravenosos ya en su propia casa y antibi\u00f3ticos en la ambulancia de camino al hospital.<\/p>\n<p>\u00abPero cuando llegu\u00e9 a emergencias al hospital colaps\u00e9\u00bb, recuerda.<\/p>\n<p>Nel perdi\u00f3 la consciencia y estuvo en coma en la unidad de cuidados intensivos durante cuatro o cinco d\u00edas.<\/p>\n<p>\u00abY cuando me despert\u00e9 tuve un\u00a0<i>shock<\/i>\u00a0al ver que ten\u00eda pr\u00e1cticamente\u00a0<strong>el cuerpo entero negro:<\/strong>\u00a0la cara, las manos, las piernas, debido a los da\u00f1os en los tejidos causados por la coagulaci\u00f3n anormal de la sangre, que es algo que pasa por el choque s\u00e9ptico\u00bb, le cont\u00f3 a la BBC.<\/p>\n<p>\u00abMe fallaron los ri\u00f1ones y tambi\u00e9n me hicieron di\u00e1lisis durante dos meses\u00bb, a\u00f1adi\u00f3.<\/p>\n<p>\u00abFue un per\u00edodo muy duro\u00bb, dice tras un gran suspiro al recordar los detalles.<\/p>\n<p>\u00abSupe desde casi el principio que acabar\u00eda perdiendo las piernas y los dedos, pero no estaba seguro de lo que le pasar\u00eda a mi cara\u00bb.<\/p>\n<p>\u00abY al final perd\u00ed la punta de la nariz y mis labios tienen cicatrices, me cuesta hablar y tambi\u00e9n tengo dificultades para comer, aunque ahora las sobrellevo mejor\u00bb.<\/p>\n<p>\u00abDespu\u00e9s de cuatro meses en el hospital me amputaron las piernas\u00bb.<\/p>\n<h2 class=\"story-body__crosshead\">Aprender a caminar de nuevo<\/h2>\n<p>\u00abSiempre fui una persona determinada, nada me detiene\u00bb, dijo. Pero admite que tuvo momentos muy bajos en los que pens\u00f3 que lo que le estaba pasando era demasiado.<\/p>\n<p>\u00abMe sent\u00ed profundamente deprimido, sent\u00ed ira y en algunos momentos pens\u00e9 que no lo podr\u00eda soportar\u00bb, record\u00f3.<\/p>\n<p>Pero con el tiempo sali\u00f3 adelante con el apoyo clave de sus amigos, familiares y colegas del trabajo.<\/p>\n<figure class=\"media-landscape has-caption full-width\"><span class=\"image-and-copyright-container\"><img loading=\"lazy\" decoding=\"async\" class=\"responsive-image__img js-image-replace\" src=\"https:\/\/ichef-1.bbci.co.uk\/news\/624\/cpsprodpb\/6E8D\/production\/_99710382_sepsisgettyimages-638780096.jpg\" alt=\"Ilustraci\u00f3n de una infecci\u00f3n en la sangre.\" width=\"976\" height=\"549\" data-highest-encountered-width=\"624\" \/><span class=\"off-screen\">Derechos de autor de la imagen<\/span><span class=\"story-image-copyright\">ILEXX \/ GETTY IMAGES<\/span><\/span><figcaption class=\"media-caption\"><span class=\"off-screen\">Image caption<\/span><span class=\"media-caption__text\">La sepsis o septicemia se produce cuando el sistema inmunol\u00f3gico se sobrecarga y exagera su respuesta ante una infecci\u00f3n.<\/span><\/figcaption><\/figure>\n<p>\u00abEsos pensamientos se fueron cuando empec\u00e9 a ver que s\u00ed podr\u00eda volver a hacer cosas, aunque me costara m\u00e1s tiempo y esfuerzo\u00bb.<\/p>\n<p>\u00abCreo que tambi\u00e9n me ayud\u00f3 a salir adelante la fe y el deseo de volver a trabajar y a recuperar mi vida\u00bb.<\/p>\n<p>Poco despu\u00e9s de la amputaci\u00f3n de las piernas, Nel empez\u00f3 a hacer rehabilitaci\u00f3n para volver a caminar.<\/p>\n<p>\u00abY\u00a0<strong>despu\u00e9s de tres meses fui capaz de volver a caminar\u00a0<\/strong>sin ayuda y me fui a casa\u00bb, dijo soltando una risa casi de incredulidad ante su propia historia.<\/p>\n<p>Nel tambi\u00e9n tuvo que tomar una dura decisi\u00f3n: la de\u00a0<strong>sacrificar a su querida mascota Harvey<\/strong>, para prevenir que pudiera infectar a otra persona, ya que el perro ten\u00eda una infecci\u00f3n que no pod\u00eda curar.<\/p>\n<p>En retrospectiva, Nel cree que no hay nada que hubiera podido hacer para evitar lo que le pas\u00f3.<\/p>\n<p>Cuando su perro lo ara\u00f1\u00f3 y lami\u00f3 su herida \u00e9l la desinfect\u00f3.<\/p>\n<p>Despu\u00e9s, nadie not\u00f3 los s\u00edntomas de la enfermedad que empezaba a manifestarse: \u00abarrastraba las palabras al hablar, perd\u00ed la coordinaci\u00f3n y el equilibrio, ten\u00eda la piel moteada&#8230; pero nadie lo vio\u00bb, ni \u00e9l mismo, como para pedir ayuda m\u00e9dica urgente.<\/p>\n<p>Ahora puede conducir con un autom\u00f3vil adaptado y tiene una nariz prost\u00e9tica con la que se disimula bastante su desfiguraci\u00f3n facial.<\/p>\n<p>Pero dice que ya no se la pone porque la considera como una \u00abm\u00e1scara\u00bb para esconder su historia.<\/p>\n<p>Mostrar abiertamente lo que le pas\u00f3, como ahora al hablar con la BBC, forma parte de su propia historia de aceptaci\u00f3n y superaci\u00f3n.<\/p>\n<figure class=\"media-landscape no-caption body-width\"><span class=\"image-and-copyright-container\"><img loading=\"lazy\" decoding=\"async\" class=\"responsive-image__img js-image-replace\" src=\"https:\/\/ichef-1.bbci.co.uk\/news\/624\/cpsprodpb\/DC26\/production\/_99385365_raya.jpg\" alt=\"Raya\" width=\"464\" height=\"2\" data-highest-encountered-width=\"624\" \/><\/span><\/figure>\n<p><strong>S<\/strong><strong>epticemia<\/strong><strong>, \u00bf<\/strong><strong>qu<\/strong><strong>\u00e9 es<\/strong><strong>?<\/strong><\/p>\n<ul class=\"story-body__unordered-list\">\n<li class=\"story-body__list-item\">Seg\u00fan la Organizaci\u00f3n Mundial de la Salud (OMS) se produce cuando el sistema inmunol\u00f3gico, o la forma en la que el cuerpo responde ante los organismos infecciosos, se sobrecarga y exagera su respuesta ante una infecci\u00f3n.<\/li>\n<li class=\"story-body__list-item\">El problema inicial puede ser leve y comenzar en cualquier parte, desde un corte en un dedo hasta una infecci\u00f3n urinaria. Pero si no se trata a tiempo puede causar da\u00f1os catastr\u00f3ficos en el cuerpo, como lesiones en los tejidos, fallo general de los \u00f3rganos e incluso la muerte.<\/li>\n<li class=\"story-body__list-item\">Se desconoce qu\u00e9 desencadena exactamente la septicemia, que afecta a unos 20 millones de personas al a\u00f1o en el mundo y mata a unos ocho, de ah\u00ed que a veces se apode como una \u00abasesina silenciosa\u00bb.<\/li>\n<li class=\"story-body__list-item\">Varias investigaciones sugieren que el 80% de los casos de septicemia se puede tratar favorablemente si se diagnostica en la primera hora. Pero si no, con cada hora que pasa se incrementa el riesgo de muerte.<\/li>\n<li class=\"story-body__list-item\">Pero el gran problema es que identificar un caso de septicemia es dif\u00edcil, ya que los primeros s\u00edntomas var\u00edan mucho y adem\u00e1s se pueden confundir f\u00e1cilmente con gripe u otras infecciones.<\/li>\n<li class=\"story-body__list-item\">Seg\u00fan el Fondo de Septicemia del Reino Unido, las 6 se\u00f1ales m\u00e1s comunes de alarma son: dificultades para hablar o confusi\u00f3n, escalofr\u00edos o dolor muscular, ausencia de orina, dificultades severas para respirar, que el paciente se sienta \u00abcomo que va a morir\u00bb, manchas en la piel o decoloraci\u00f3n.<\/li>\n<\/ul>\n","protected":false},"excerpt":{"rendered":"<p>Hace un a\u00f1o y medio el doctor Jaco Nel jugaba con su perro Harvey, un coker spaniel, cuando not\u00f3 un peque\u00f1o ara\u00f1azo en la mano. Lo limpi\u00f3 y lo desinfect\u00f3 y sigui\u00f3 con sus quehaceres habituales. Pero dos semanas despu\u00e9s se enferm\u00f3 de lo que parec\u00eda una gripe. No se imaginaba entonces lo que estaba [&hellip;]<\/p>\n","protected":false},"author":4,"featured_media":65649,"comment_status":"open","ping_status":"open","sticky":false,"template":"","format":"standard","meta":{"footnotes":""},"categories":[45],"tags":[],"class_list":["post-65648","post","type-post","status-publish","format-standard","has-post-thumbnail","hentry","category-salud"],"_links":{"self":[{"href":"https:\/\/2horizontes.com\/index.php?rest_route=\/wp\/v2\/posts\/65648","targetHints":{"allow":["GET"]}}],"collection":[{"href":"https:\/\/2horizontes.com\/index.php?rest_route=\/wp\/v2\/posts"}],"about":[{"href":"https:\/\/2horizontes.com\/index.php?rest_route=\/wp\/v2\/types\/post"}],"author":[{"embeddable":true,"href":"https:\/\/2horizontes.com\/index.php?rest_route=\/wp\/v2\/users\/4"}],"replies":[{"embeddable":true,"href":"https:\/\/2horizontes.com\/index.php?rest_route=%2Fwp%2Fv2%2Fcomments&post=65648"}],"version-history":[{"count":1,"href":"https:\/\/2horizontes.com\/index.php?rest_route=\/wp\/v2\/posts\/65648\/revisions"}],"predecessor-version":[{"id":65650,"href":"https:\/\/2horizontes.com\/index.php?rest_route=\/wp\/v2\/posts\/65648\/revisions\/65650"}],"wp:featuredmedia":[{"embeddable":true,"href":"https:\/\/2horizontes.com\/index.php?rest_route=\/wp\/v2\/media\/65649"}],"wp:attachment":[{"href":"https:\/\/2horizontes.com\/index.php?rest_route=%2Fwp%2Fv2%2Fmedia&parent=65648"}],"wp:term":[{"taxonomy":"category","embeddable":true,"href":"https:\/\/2horizontes.com\/index.php?rest_route=%2Fwp%2Fv2%2Fcategories&post=65648"},{"taxonomy":"post_tag","embeddable":true,"href":"https:\/\/2horizontes.com\/index.php?rest_route=%2Fwp%2Fv2%2Ftags&post=65648"}],"curies":[{"name":"wp","href":"https:\/\/api.w.org\/{rel}","templated":true}]}}