{"id":65636,"date":"2018-04-23T13:13:19","date_gmt":"2018-04-23T12:13:19","guid":{"rendered":"http:\/\/2horizontes.com\/?p=65636"},"modified":"2018-04-23T13:13:19","modified_gmt":"2018-04-23T12:13:19","slug":"elecciones-en-paraguay-mario-abdo-gana-la-presidencia-en-una-renida-jornada-electoral","status":"publish","type":"post","link":"https:\/\/2horizontes.com\/?p=65636","title":{"rendered":"Elecciones en Paraguay: Mario Abdo gana la presidencia en una re\u00f1ida jornada electoral"},"content":{"rendered":"<p class=\"story-body__introduction\">Mario Abdo Ben\u00edtez, candidato del gobernante Partido Colorado, gan\u00f3 este domingo las elecciones presidenciales de Paraguay, seg\u00fan confirm\u00f3 el Tribunal Superior de Justicia Electoral (TSJE).<\/p>\n<p>Con un 99% de las mesas escrutadas, el conservador Abdo obtuvo 46,46% de los votos, frente al 42,73% que obtuvo su m\u00e1s cercano contendor, el liberal Efra\u00edn Alegre, que lidera la coalici\u00f3n opositora Alianza Ganar.<\/p>\n<ul class=\"story-body__unordered-list\">\n<li class=\"story-body__list-item\">\u00abAsunci\u00f3n va a terminar como Panam\u00e1\u00bb: c\u00f3mo Argentina y Brasil impulsan el boom econ\u00f3mico e inmobiliario que vive Paraguay<\/li>\n<\/ul>\n<p>El TSJE estima que un\u00a0<strong>67,5%<\/strong>\u00a0de las m\u00e1s de 4 millones de personas que estaban habilitadas para votar, participaron en los comicios.<\/p>\n<p>Abdo, de 46 a\u00f1os, lleg\u00f3 como favorito a las elecciones y a partir de agosto asumir\u00e1 la presidencia de Paraguay durante los pr\u00f3ximos\u00a0<strong>5 a\u00f1os.<\/strong><\/p>\n<figure class=\"media-landscape has-caption full-width\"><span class=\"image-and-copyright-container\"><img loading=\"lazy\" decoding=\"async\" class=\"responsive-image__img js-image-replace\" src=\"https:\/\/ichef.bbci.co.uk\/news\/624\/cpsprodpb\/5576\/production\/_100987812_marioabdo.jpg\" alt=\"Mario Abdo\" width=\"1024\" height=\"683\" data-highest-encountered-width=\"624\" \/><span class=\"off-screen\">Derechos de autor de la imagen<\/span><span class=\"story-image-copyright\">GETTY<\/span><\/span><figcaption class=\"media-caption\"><span class=\"off-screen\">Image caption<\/span><span class=\"media-caption__text\">Mario Abdo es el nuevo presidente de Paraguay.<\/span><\/figcaption><\/figure>\n<p>\u00abSean bienvenidos quienes quieren construir una patria justa, una patria con equidad, una patria con moral, con instituciones fuertes, independientes\u00bb, dijo el presidente electo la noche del domingo ante los seguidores que se reunieron a celebrar la victoria en Asunci\u00f3n.<\/p>\n<div id=\"comp-pattern-library\" class=\"distinct-component-group container-parrot\">\n<aside class=\"parrot\" role=\"region\" aria-label=\"recomendaciones\">\n<ul>\n<li class=\"parrot-item\">\u00bfQui\u00e9n gan\u00f3 el primer debate en la controvertida elecci\u00f3n presidencial de M\u00e9xico y por qu\u00e9 importa saberlo?<\/li>\n<li class=\"parrot-item\">El misterio del \u00abastronauta de Solway\u00bb, que apareci\u00f3 inexplicablemente en las fotos de una ni\u00f1a brit\u00e1nica<\/li>\n<li class=\"parrot-item\">Linchan a un canadiense en Per\u00fa luego de que miembros de una comunidad ind\u00edgena de la Amazonia lo acusaron de asesinar a una de sus l\u00edderes<\/li>\n<li class=\"parrot-item\">\u00abCuando ten\u00eda 20 a\u00f1os dej\u00e9 de masturbarme durante un a\u00f1o\u00bb: el joven que quiso descubrir si la abstinencia le traer\u00eda alg\u00fan beneficio<\/li>\n<\/ul>\n<p id=\"skip-recommendations\" class=\"off-screen\" tabindex=\"-1\">Fin de las recomendaciones<\/p>\n<\/aside>\n<\/div>\n<p>El candidato opositor, Efra\u00edn Alegre,\u00a0<strong>no reconoci\u00f3 la derrota\u00a0<\/strong>de manera expl\u00edcita, aunque admiti\u00f3 y dijo respetar la diferencia del 3%.<\/p>\n<p>\u00abEfectivamente son resultados preliminares, que indican una diferencia de 3% en beneficio del candidato de la lista 1 (Abdo). Nosotros respetamos y apreciamos y seguimos el proceso como corresponde\u00bb, dijo en referencia a que esperan verificar las actas.<\/p>\n<figure class=\"media-landscape has-caption full-width\"><span class=\"image-and-copyright-container\"><img loading=\"lazy\" decoding=\"async\" class=\"responsive-image__img js-image-replace\" src=\"https:\/\/ichef-1.bbci.co.uk\/news\/624\/cpsprodpb\/15688\/production\/_100988678_gettyimages-949937002.jpg\" alt=\"Efra\u00edn Alegre\" width=\"1024\" height=\"694\" data-highest-encountered-width=\"624\" \/><span class=\"off-screen\">Derechos de autor de la imagen<\/span><span class=\"story-image-copyright\">GETTY<\/span><\/span><figcaption class=\"media-caption\"><span class=\"off-screen\">Image caption<\/span><span class=\"media-caption__text\">El candidato Efra\u00edn Alegre no reconoci\u00f3 de manera expl\u00edcita la derrota que le atribu\u00edan los resultados preliminares.<\/span><\/figcaption><\/figure>\n<p>En la jornada de hoy, los paraguayos tambi\u00e9n votaron para elegir el congreso y las gobernaciones de los 17 departamentos del pa\u00eds.<\/p>\n<p>Los resultados parciales dan tambi\u00e9n la victoria al Partido Colorado en la mayor\u00eda de los departamentos. Los resultados del congreso, por su parte, se dar\u00e1n a conocer dentro de una semana.<\/p>\n<figure class=\"media-landscape no-caption body-width\"><span class=\"image-and-copyright-container\"><img loading=\"lazy\" decoding=\"async\" class=\"responsive-image__img js-image-replace\" src=\"https:\/\/ichef.bbci.co.uk\/news\/624\/cpsprodpb\/21F0\/production\/_100988680_line976.jpg\" alt=\"l\u00ednea\" width=\"464\" height=\"2\" data-highest-encountered-width=\"624\" \/><\/span><\/figure>\n<p><strong>An\u00e1lisis de Daniel Pardo, enviado especial de BBC Mundo a Paraguay<\/strong><\/p>\n<p>Muchos analistas vaticinaron que quien ganara las elecciones internas que el hist\u00f3rico y poderoso Partido Colorado tuvo en diciembre ya pod\u00eda\u00a0<strong>celebrar la presidencia.<\/strong><\/p>\n<figure class=\"media-landscape has-caption full-width\"><span class=\"image-and-copyright-container\"><img loading=\"lazy\" decoding=\"async\" class=\"responsive-image__img js-image-replace\" src=\"https:\/\/ichef-1.bbci.co.uk\/news\/624\/cpsprodpb\/10868\/production\/_100988676_hi046359916.jpg\" alt=\"Mario Abdo celebrando su elecci\u00f3n como presidente de Paraguay\" width=\"3500\" height=\"2340\" data-highest-encountered-width=\"624\" \/><span class=\"off-screen\">Derechos de autor de la imagen<\/span><span class=\"story-image-copyright\">REUTERS<\/span><\/span><figcaption class=\"media-caption\"><span class=\"off-screen\">Image caption<\/span><span class=\"media-caption__text\">Mario Abdo es conocido entre sus seguidores como \u00abMarito\u00bb.<\/span><\/figcaption><\/figure>\n<p>Aquella elecci\u00f3n interna, que tuvo la competencia y la fiereza de una elecci\u00f3n general, dio como resultado una\u00a0<strong>sorpresa:<\/strong>\u00a0el candidato del presidente Horacio Cartes, Santiago Pe\u00f1a, perdi\u00f3 por 10 puntos contra Mario Abdo.<\/p>\n<p>Con el ascenso de Abdo y su victoria este domingo, el ala m\u00e1s pol\u00edtica y\u00a0<strong>tradicional<\/strong>\u00a0del Partido Colorado vuelve al poder con un agenda marcadamente conservadora en lo ideol\u00f3gico.<\/p>\n<p>Aunque se espera que contin\u00faen las pol\u00edticas de\u00a0<strong>apertura econ\u00f3mica<\/strong>\u00a0y crecimiento sostenido, analistas aseguran que el gobierno perder\u00e1 el corte tecnocr\u00e1ctico que le dio Cartes.<\/p>\n<figure class=\"media-landscape has-caption full-width\"><span class=\"image-and-copyright-container\"><img loading=\"lazy\" decoding=\"async\" class=\"responsive-image__img js-image-replace\" src=\"https:\/\/ichef-1.bbci.co.uk\/news\/624\/cpsprodpb\/A396\/production\/_100987814_gettyimages-950006648.jpg\" alt=\"Un hombre votando\" width=\"1024\" height=\"683\" data-highest-encountered-width=\"624\" \/><span class=\"off-screen\">Derechos de autor de la imagen<\/span><span class=\"story-image-copyright\">GETTY<\/span><\/span><figcaption class=\"media-caption\"><span class=\"off-screen\">Image caption<\/span><span class=\"media-caption__text\">Los resultados de las elecciones al Congreso se conocer\u00e1n dentro de una semana.<\/span><\/figcaption><\/figure>\n<p>Al ser hijo del secretario privado del expresidente de facto\u00a0<strong>Alfredo Stroessner<\/strong>, muchos ven la llegada de Abdo al gobierno como un retroceso en t\u00e9rminos de derechos civiles, de g\u00e9nero y de las minor\u00edas. El presidente electo se declara \u00abpro vida\u00bb y est\u00e1 en contra del matrimonio igualitario.<\/p>\n<p>Abdo, por su parte, ha insistido en que su proyecto busca un cambio de sistema que permita\u00a0<strong>erradicar la pobreza<\/strong>\u00a0y el clientelismo en el pa\u00eds. Uno de sus principales ejes de campa\u00f1a, ha dicho, es reformar el sistema judicial, sobre el cual hay consenso de que no es independiente.<\/p>\n<p>La campa\u00f1a de la oposici\u00f3n tuvo como eje de discurso la necesidad de un cambio que acabe con la desigualdad, la pobreza y el clientelismo.<\/p>\n<p>La llegada de Abdo al poder, aseguran, impide salir de esos problemas.<\/p>\n","protected":false},"excerpt":{"rendered":"<p>Mario Abdo Ben\u00edtez, candidato del gobernante Partido Colorado, gan\u00f3 este domingo las elecciones presidenciales de Paraguay, seg\u00fan confirm\u00f3 el Tribunal Superior de Justicia Electoral (TSJE). Con un 99% de las mesas escrutadas, el conservador Abdo obtuvo 46,46% de los votos, frente al 42,73% que obtuvo su m\u00e1s cercano contendor, el liberal Efra\u00edn Alegre, que lidera [&hellip;]<\/p>\n","protected":false},"author":4,"featured_media":65637,"comment_status":"open","ping_status":"open","sticky":false,"template":"","format":"standard","meta":{"footnotes":""},"categories":[43],"tags":[],"class_list":["post-65636","post","type-post","status-publish","format-standard","has-post-thumbnail","hentry","category-politica"],"_links":{"self":[{"href":"https:\/\/2horizontes.com\/index.php?rest_route=\/wp\/v2\/posts\/65636","targetHints":{"allow":["GET"]}}],"collection":[{"href":"https:\/\/2horizontes.com\/index.php?rest_route=\/wp\/v2\/posts"}],"about":[{"href":"https:\/\/2horizontes.com\/index.php?rest_route=\/wp\/v2\/types\/post"}],"author":[{"embeddable":true,"href":"https:\/\/2horizontes.com\/index.php?rest_route=\/wp\/v2\/users\/4"}],"replies":[{"embeddable":true,"href":"https:\/\/2horizontes.com\/index.php?rest_route=%2Fwp%2Fv2%2Fcomments&post=65636"}],"version-history":[{"count":1,"href":"https:\/\/2horizontes.com\/index.php?rest_route=\/wp\/v2\/posts\/65636\/revisions"}],"predecessor-version":[{"id":65638,"href":"https:\/\/2horizontes.com\/index.php?rest_route=\/wp\/v2\/posts\/65636\/revisions\/65638"}],"wp:featuredmedia":[{"embeddable":true,"href":"https:\/\/2horizontes.com\/index.php?rest_route=\/wp\/v2\/media\/65637"}],"wp:attachment":[{"href":"https:\/\/2horizontes.com\/index.php?rest_route=%2Fwp%2Fv2%2Fmedia&parent=65636"}],"wp:term":[{"taxonomy":"category","embeddable":true,"href":"https:\/\/2horizontes.com\/index.php?rest_route=%2Fwp%2Fv2%2Fcategories&post=65636"},{"taxonomy":"post_tag","embeddable":true,"href":"https:\/\/2horizontes.com\/index.php?rest_route=%2Fwp%2Fv2%2Ftags&post=65636"}],"curies":[{"name":"wp","href":"https:\/\/api.w.org\/{rel}","templated":true}]}}