{"id":65615,"date":"2018-04-23T12:48:32","date_gmt":"2018-04-23T11:48:32","guid":{"rendered":"http:\/\/2horizontes.com\/?p=65615"},"modified":"2018-04-23T12:48:32","modified_gmt":"2018-04-23T11:48:32","slug":"amarante-apoya-cuota-de-10-a-jovenes-y-50-para-mujeres","status":"publish","type":"post","link":"https:\/\/2horizontes.com\/?p=65615","title":{"rendered":"Amarante apoya cuota de 10% a j\u00f3venes y 50% para mujeres"},"content":{"rendered":"<p><strong>SANTO DOMIMGO.-<\/strong>\u00a0El dirigente y miembro del comit\u00e9 pol\u00edtico del Partido de la Liberaci\u00f3n Dominicana (PLD), Carlos Amarante Baret, dijo que por primera vez los j\u00f3venes han sido favorecidos con una cuota para ocupar cargos y ser electos dentro de las organizaciones pol\u00edticas, por lo que exhort\u00f3 a los diputados a aprobar la Ley de Partidos, tal como lo hizo el Senado de la Rep\u00fablica.<\/p>\n<p>Expuso que con la aprobaci\u00f3n se apoya la cuota de un 10% para los j\u00f3venes y que luego sea ampliada y de un 50% para las mujeres, con lo que a su juicio se inicia la apertura legal de la juventud en el escenario pol\u00edtico nacional.<\/p>\n<p>Amarante Baret, quien ha sido el mayor propulsor dentro del PLD por una mayor cuota de participaci\u00f3n para la juventud, record\u00f3 que en el comit\u00e9 central del PLD de 623 miembros apenas hay 8 que son j\u00f3venes, mientras que cuando el profesor Juan Bosch fund\u00f3 esa organizaci\u00f3n lo hizo rodeado de gente joven.<\/p>\n<p>A su juicio, una mayor cuota de participaci\u00f3n para los j\u00f3venes dentro de las organizaciones pol\u00edticas y para ser electos a cargos evitar\u00eda el colapso en los partidos pol\u00edticos en Rep\u00fablica Dominicana, con el relevo generacional, que tanto se necesita en los actuales momentos.<\/p>\n<p>Dijo que las sociedades modernas demandan de sus actores actitudes m\u00e1s democr\u00e1ticas e inclusivas, ya que\u00a0\u00a0negarse a ello es simplemente quedarse con las viejas pr\u00e1cticas del pasado, lugar com\u00fan que har\u00e1 implosionar el sistema de partidos.<\/p>\n<p>of-am<\/p>\n","protected":false},"excerpt":{"rendered":"<p>SANTO DOMIMGO.-\u00a0El dirigente y miembro del comit\u00e9 pol\u00edtico del Partido de la Liberaci\u00f3n Dominicana (PLD), Carlos Amarante Baret, dijo que por primera vez los j\u00f3venes han sido favorecidos con una cuota para ocupar cargos y ser electos dentro de las organizaciones pol\u00edticas, por lo que exhort\u00f3 a los diputados a aprobar la Ley de Partidos, [&hellip;]<\/p>\n","protected":false},"author":4,"featured_media":65616,"comment_status":"open","ping_status":"open","sticky":false,"template":"","format":"standard","meta":{"footnotes":""},"categories":[43,44],"tags":[],"class_list":["post-65615","post","type-post","status-publish","format-standard","has-post-thumbnail","hentry","category-politica","category-republica-dominicana"],"_links":{"self":[{"href":"https:\/\/2horizontes.com\/index.php?rest_route=\/wp\/v2\/posts\/65615","targetHints":{"allow":["GET"]}}],"collection":[{"href":"https:\/\/2horizontes.com\/index.php?rest_route=\/wp\/v2\/posts"}],"about":[{"href":"https:\/\/2horizontes.com\/index.php?rest_route=\/wp\/v2\/types\/post"}],"author":[{"embeddable":true,"href":"https:\/\/2horizontes.com\/index.php?rest_route=\/wp\/v2\/users\/4"}],"replies":[{"embeddable":true,"href":"https:\/\/2horizontes.com\/index.php?rest_route=%2Fwp%2Fv2%2Fcomments&post=65615"}],"version-history":[{"count":1,"href":"https:\/\/2horizontes.com\/index.php?rest_route=\/wp\/v2\/posts\/65615\/revisions"}],"predecessor-version":[{"id":65617,"href":"https:\/\/2horizontes.com\/index.php?rest_route=\/wp\/v2\/posts\/65615\/revisions\/65617"}],"wp:featuredmedia":[{"embeddable":true,"href":"https:\/\/2horizontes.com\/index.php?rest_route=\/wp\/v2\/media\/65616"}],"wp:attachment":[{"href":"https:\/\/2horizontes.com\/index.php?rest_route=%2Fwp%2Fv2%2Fmedia&parent=65615"}],"wp:term":[{"taxonomy":"category","embeddable":true,"href":"https:\/\/2horizontes.com\/index.php?rest_route=%2Fwp%2Fv2%2Fcategories&post=65615"},{"taxonomy":"post_tag","embeddable":true,"href":"https:\/\/2horizontes.com\/index.php?rest_route=%2Fwp%2Fv2%2Ftags&post=65615"}],"curies":[{"name":"wp","href":"https:\/\/api.w.org\/{rel}","templated":true}]}}