{"id":65609,"date":"2018-04-23T12:08:23","date_gmt":"2018-04-23T11:08:23","guid":{"rendered":"http:\/\/2horizontes.com\/?p=65609"},"modified":"2018-04-23T12:08:23","modified_gmt":"2018-04-23T11:08:23","slug":"jovenes-dominicanos-en-madrid-ratifican-apoyo-al-presidente-medina","status":"publish","type":"post","link":"https:\/\/2horizontes.com\/?p=65609","title":{"rendered":"J\u00f3venes dominicanos en Madrid ratifican apoyo al presidente Medina"},"content":{"rendered":"<p>Madrid.- El Movimiento de Emprendedores con Danilo (Medal), realiz\u00f3 este domingo un acto de apoyo a la actual gesti\u00f3n del Presidente Constitucional Lic. Danilo Medina S\u00e1nchez. Este \u00a0evento se ha llevado a cabo en Madrid, y ha sido organizado por un grupo de j\u00f3venes de diferentes edades y profesiones radicados en esta ciudad europea.<\/p>\n<p>Esta actividad estuvo encabezada por el l\u00edder y creador de este movimiento Lic. Jonathan G\u00f3mez, un joven talento dominicano que se ha ganado con el paso de los a\u00f1os el apoyo de una gran masa juvenil, cuyo objetivo es ser incluidos en la toma de decisiones de la naci\u00f3n dominicana tanto en la isla como en territorio espa\u00f1ol.<\/p>\n<p>La actividad estuvo presidida por la Diputada en la Asamblea de Madrid por el Partido Socialista Obreros Espa\u00f1ol (PSOE), M\u00f3nica Silvana Gonz\u00e1lez, quien durante su intervenci\u00f3n expres\u00f3 apoyar al equipo pol\u00edtico Medal, los cuales apoyan firmemente al presidente Danilo Medina.<\/p>\n<p>El evento di\u00f3 formal inicio a las 6:00 pm (12:00 pm Santo Domingo), \u00a0con un espect\u00e1culo art\u00edstico a cargo de varios j\u00f3venes miembros del movimiento, quienes deleitaron al p\u00fablico bailando y cantando en varias ocasiones a lo largo del acto.<\/p>\n<p>\u201cPresidente, estamos preparados, estamos en la mejor disposici\u00f3n y en la mejor voluntad de afrontar los retos pol\u00edticos que tengan que venir\u201d, as\u00ed se dirigi\u00f3 al mandatario, Jonathan G\u00f3mez, l\u00edder y vocero de un grupo de j\u00f3venes con fe en la inclusi\u00f3n pol\u00edtica, durante su discurso.<\/p>\n<p>Este solemne acto goz\u00f3 de la presencia de personalidades como Ram\u00f3n Carre\u00f1o, C\u00f3nsul General Dominicano en Frankfurt, Alemania; Diego Faxas, Director del Instituto de emprendedores en Europa; Adolfo Herrera ex c\u00f3nsul dominicano en Zaragoza; Patrick Perrodo Vicepresidente de AEMPYMES; Jean Pierre Domin\u00f3; y decenas de personalidades del \u00e1mbito pol\u00edtico.<\/p>\n<p>La sala estuvo abarrotada de decenas de j\u00f3venes, entre ellos universitarios, profesionales de distintas \u00e1reas, padres y madres dominicanas quienes apoyan al movimiento y se encuentran satisfechos con la actual gesti\u00f3n de gobierno del presidente Medina.<\/p>\n<p>ORQU\u00cdDEA ADON PUELLO<\/p>\n","protected":false},"excerpt":{"rendered":"<p>Madrid.- El Movimiento de Emprendedores con Danilo (Medal), realiz\u00f3 este domingo un acto de apoyo a la actual gesti\u00f3n del Presidente Constitucional Lic. Danilo Medina S\u00e1nchez. Este \u00a0evento se ha llevado a cabo en Madrid, y ha sido organizado por un grupo de j\u00f3venes de diferentes edades y profesiones radicados en esta ciudad europea. Esta [&hellip;]<\/p>\n","protected":false},"author":4,"featured_media":65610,"comment_status":"open","ping_status":"open","sticky":false,"template":"","format":"standard","meta":{"footnotes":""},"categories":[46,54,43],"tags":[],"class_list":["post-65609","post","type-post","status-publish","format-standard","has-post-thumbnail","hentry","category-dominicanos-en-madrid","category-emigrantes","category-politica"],"_links":{"self":[{"href":"https:\/\/2horizontes.com\/index.php?rest_route=\/wp\/v2\/posts\/65609","targetHints":{"allow":["GET"]}}],"collection":[{"href":"https:\/\/2horizontes.com\/index.php?rest_route=\/wp\/v2\/posts"}],"about":[{"href":"https:\/\/2horizontes.com\/index.php?rest_route=\/wp\/v2\/types\/post"}],"author":[{"embeddable":true,"href":"https:\/\/2horizontes.com\/index.php?rest_route=\/wp\/v2\/users\/4"}],"replies":[{"embeddable":true,"href":"https:\/\/2horizontes.com\/index.php?rest_route=%2Fwp%2Fv2%2Fcomments&post=65609"}],"version-history":[{"count":1,"href":"https:\/\/2horizontes.com\/index.php?rest_route=\/wp\/v2\/posts\/65609\/revisions"}],"predecessor-version":[{"id":65611,"href":"https:\/\/2horizontes.com\/index.php?rest_route=\/wp\/v2\/posts\/65609\/revisions\/65611"}],"wp:featuredmedia":[{"embeddable":true,"href":"https:\/\/2horizontes.com\/index.php?rest_route=\/wp\/v2\/media\/65610"}],"wp:attachment":[{"href":"https:\/\/2horizontes.com\/index.php?rest_route=%2Fwp%2Fv2%2Fmedia&parent=65609"}],"wp:term":[{"taxonomy":"category","embeddable":true,"href":"https:\/\/2horizontes.com\/index.php?rest_route=%2Fwp%2Fv2%2Fcategories&post=65609"},{"taxonomy":"post_tag","embeddable":true,"href":"https:\/\/2horizontes.com\/index.php?rest_route=%2Fwp%2Fv2%2Ftags&post=65609"}],"curies":[{"name":"wp","href":"https:\/\/api.w.org\/{rel}","templated":true}]}}