{"id":65597,"date":"2018-04-19T13:04:52","date_gmt":"2018-04-19T12:04:52","guid":{"rendered":"http:\/\/2horizontes.com\/?p=65597"},"modified":"2018-04-19T13:06:18","modified_gmt":"2018-04-19T12:06:18","slug":"cuba-raul-castro-dejara-el-mando-en-manos-del-elegido-diaz-canel","status":"publish","type":"post","link":"https:\/\/2horizontes.com\/?p=65597","title":{"rendered":"CUBA: Ra\u00fal Castro dejar\u00e1 el mando en manos del elegido D\u00edaz-Canel"},"content":{"rendered":"<p>LA HABANA.- Despu\u00e9s de casi seis d\u00e9cadas,<strong>\u00a0<\/strong>Cuba iniciar\u00e1 este jueves una nueva era\u00a0cuando el octogenario general Ra\u00fal Castro entregue la presidencia a Miguel D\u00edaz-Canel, un civil casi 30 a\u00f1os menor a quien el Partido Comunista prepar\u00f3 para dirigir los destinos de la isla.<\/p>\n<p>Se espera que el anuncio sobre el nuevo presidente del Consejo de Estado tenga lugar el jueves, una vez se elija la junta directiva. El nuevo presidente sustituir\u00e1 a Ra\u00fal Castro, de 86 a\u00f1os, quien dejar\u00e1 el cargo despu\u00e9s de dos mandatos de cinco a\u00f1os. Su hermano Fidel Castro ocup\u00f3 el puesto desde 1959 hasta que se enferm\u00f3 en el 2006.<\/p>\n<p>Entonces Ra\u00fal Castro sucedi\u00f3 de manera interina a su hermano y en el 2008 asumi\u00f3 formalmente la presidencia e inici\u00f3 una gesti\u00f3n con reformas que abrieron la puerta a una incipiente iniciativa privada que fue congelada en los \u00faltimos meses.<\/p>\n<p>El primer vicepresidente Miguel D\u00edaz-Canel Berm\u00fadez, de 57 a\u00f1os de edad, es considerado como el favorito para reemplazar a Castro. En opini\u00f3n del polit\u00f3logo Carlos Manuel Rodr\u00edguez de la Universidad de La Habana, citado por la agencia AP, esta sucesi\u00f3n del poder en Cuba \u201cno supondr\u00e1 una redefinici\u00f3n de la c\u00fapula cubana y mucho menos llevar\u00e1 a pol\u00edticas de liberalizaci\u00f3n\u201d en la isla.<\/p>\n<p>Lo que se espera es que D\u00edaz-Canel siga la l\u00ednea de los Castro, pero quiz\u00e1 con una nueva visi\u00f3n, ya que es considerado como parte de \u201cuna nueva generaci\u00f3n\u201d socialista.<\/p>\n<p><strong>\u00bfQu\u00e9 dice el gobierno de EE.UU.?<\/strong><\/p>\n<p><iframe loading=\"lazy\" src=\"https:\/\/www.voanoticias.com\/embed\/player\/0\/4354859.html?type=video\" width=\"640\" height=\"360\" frameborder=\"0\" scrolling=\"no\" allowfullscreen=\"allowfullscreen\" data-mce-fragment=\"1\"><\/iframe><\/p>\n<p>\u200bEl gobierno estadounidense ha dejado claro que apoya al pueblo cubano. En su discurso ante el pleno de la Cumbre de las Am\u00e9ricas, el vicepresidente Mike Pence se\u00f1al\u00f3 que \u201cNuestro gobierno ha tomado medidas decisivas de apoyar al pueblo cubano y para enfrentarse a sus opresores\u201d.<\/p>\n<p>Adem\u00e1s, Pence reiter\u00f3 que EE.UU. seguir\u00e1 haciendo todo lo posible para que el pueblo cubano logre la libertad y que est\u00e1n muy atentos a las acciones del r\u00e9gimen cubano que \u201cha tratado de exportar sus pol\u00edticas e ideolog\u00edas fallidas a la regi\u00f3n\u201d, como lo est\u00e1 haciendo en Venezuela.<\/p>\n<p>De igual manera, la vocera del Departamento de Estado, Heather Nauert, se\u00f1al\u00f3 que EE.UU. no reconoce el proceso de sucesi\u00f3n como una \u201ctransici\u00f3n democr\u00e1tica\u201d.<\/p>\n<p><iframe loading=\"lazy\" src=\"https:\/\/www.voanoticias.com\/embed\/player\/0\/4354936.html?type=video\" width=\"640\" height=\"360\" frameborder=\"0\" scrolling=\"no\" allowfullscreen=\"allowfullscreen\" data-mce-fragment=\"1\"><\/iframe><\/p>\n<p>\u201cNos gustar\u00eda que los ciudadanos tengan voz sobre su contexto pol\u00edtico, b\u00e1sicamente no lo tienen. Ellos no tienen una opci\u00f3n porque no es un proceso democr\u00e1tico\u201d.<\/p>\n<p>La representante del gobierno estadounidense concluy\u00f3 diciendo que: \u201cNos gustar\u00eda ver una Cuba m\u00e1s libre y democr\u00e1tica de lo que hemos visto. No somos muy optimistas porque esto no es un proceso democr\u00e1tico\u201d.<\/p>\n","protected":false},"excerpt":{"rendered":"<p>LA HABANA.- Despu\u00e9s de casi seis d\u00e9cadas,\u00a0Cuba iniciar\u00e1 este jueves una nueva era\u00a0cuando el octogenario general Ra\u00fal Castro entregue la presidencia a Miguel D\u00edaz-Canel, un civil casi 30 a\u00f1os menor a quien el Partido Comunista prepar\u00f3 para dirigir los destinos de la isla. Se espera que el anuncio sobre el nuevo presidente del Consejo de [&hellip;]<\/p>\n","protected":false},"author":4,"featured_media":65598,"comment_status":"open","ping_status":"open","sticky":false,"template":"","format":"video","meta":{"footnotes":""},"categories":[49,43,83],"tags":[],"class_list":["post-65597","post","type-post","status-publish","format-video","has-post-thumbnail","hentry","category-cuba","category-politica","category-reportajes","post_format-post-format-video"],"_links":{"self":[{"href":"https:\/\/2horizontes.com\/index.php?rest_route=\/wp\/v2\/posts\/65597","targetHints":{"allow":["GET"]}}],"collection":[{"href":"https:\/\/2horizontes.com\/index.php?rest_route=\/wp\/v2\/posts"}],"about":[{"href":"https:\/\/2horizontes.com\/index.php?rest_route=\/wp\/v2\/types\/post"}],"author":[{"embeddable":true,"href":"https:\/\/2horizontes.com\/index.php?rest_route=\/wp\/v2\/users\/4"}],"replies":[{"embeddable":true,"href":"https:\/\/2horizontes.com\/index.php?rest_route=%2Fwp%2Fv2%2Fcomments&post=65597"}],"version-history":[{"count":1,"href":"https:\/\/2horizontes.com\/index.php?rest_route=\/wp\/v2\/posts\/65597\/revisions"}],"predecessor-version":[{"id":65599,"href":"https:\/\/2horizontes.com\/index.php?rest_route=\/wp\/v2\/posts\/65597\/revisions\/65599"}],"wp:featuredmedia":[{"embeddable":true,"href":"https:\/\/2horizontes.com\/index.php?rest_route=\/wp\/v2\/media\/65598"}],"wp:attachment":[{"href":"https:\/\/2horizontes.com\/index.php?rest_route=%2Fwp%2Fv2%2Fmedia&parent=65597"}],"wp:term":[{"taxonomy":"category","embeddable":true,"href":"https:\/\/2horizontes.com\/index.php?rest_route=%2Fwp%2Fv2%2Fcategories&post=65597"},{"taxonomy":"post_tag","embeddable":true,"href":"https:\/\/2horizontes.com\/index.php?rest_route=%2Fwp%2Fv2%2Ftags&post=65597"}],"curies":[{"name":"wp","href":"https:\/\/api.w.org\/{rel}","templated":true}]}}