{"id":65570,"date":"2018-04-06T15:14:07","date_gmt":"2018-04-06T14:14:07","guid":{"rendered":"http:\/\/2horizontes.com\/?p=65570"},"modified":"2018-04-06T15:28:32","modified_gmt":"2018-04-06T14:28:32","slug":"gobierno-de-la-republica-dominicana-proclama-no-derogara-la-ley-169-14","status":"publish","type":"post","link":"https:\/\/2horizontes.com\/?p=65570","title":{"rendered":"Gobierno de la Rep\u00fablica Dominicana proclama no derogar\u00e1 la ley 169-14"},"content":{"rendered":"<p>SANTO DOMINGO.- El gobierno de la Rep\u00fablica Dominicana proclam\u00f3 ayer en forma categ\u00f3rica que no derogar\u00e1 la Ley 169-14 que estableci\u00f3 un r\u00e9gimen especial en beneficio de hijos de padres y\u00a0madres extranjeros no residentes nacidos en el territorio nacional.<\/p>\n<p>La posici\u00f3n oficial fue fijada por el consultor jur\u00eddico del Poder Ejecutivo, Flavio Dar\u00edo Espinal, en momentos en que ha resurgido un debate acerca de la conveniencia o no de mantener esta legislaci\u00f3n,\u00a0 aprobada en \u00a02014.\u00a0 Con esta \u00faltima se ha tratado de ofrecer una soluci\u00f3n al problema de las personas de origen haitiano afectadas un a\u00f1o antes por una sentencia del Tribunal Constitucional (TC), que fij\u00f3 los criterios sobre la nacionalidad y que afect\u00f3 b\u00e1sicamente a las personas nacidas en el pa\u00eds de origen haitiano.<\/p>\n<p>\u201cLa posici\u00f3n del Gobierno dominicano es clara e inequ\u00edvoca, el Gobierno defiende la Ley 169-14 porque fue una ley propuesta por el se\u00f1or Presidente de la Rep\u00fablica luego de un consenso y de una consulta con diferentes sectores y que logr\u00f3 el apoyo un\u00e1nime del Congreso Nacional\u201d, dijo\u00a0el Consultor Jur\u00eddico al peri\u00f3dico Diario Libre.<\/p>\n<p>Declar\u00f3 que se trata de una ley justa y equilibrada, pol\u00edticamente viable, que adem\u00e1s es conforme con la Constituci\u00f3n y con las dem\u00e1s normas del ordenamiento jur\u00eddico dominicano, la cual ya fue\u00a0\u00a0utilizada por el Tribunal Constitucional en una sentencia de finales del 2014.<\/p>\n<p>\u201cEsa ley ha sido criticada por algunos que dicen que se fue muy lejos y por otros de otro extremo que dicen que no se fue lo suficientemente lejos\u201d, declar\u00f3 Espinal para agregar a seguidas:\u00a0\u201cNosotros como gobierno, el Presidente de la Rep\u00fablica defiende la ley y no tiene intenci\u00f3n alguna de promover ning\u00fan cambio en el ordenamiento jur\u00eddico dominicano, ni en materia de nacionalidad, ni en materia de regulaci\u00f3n migratoria; el ordenamiento jur\u00eddico dominicano incluye la Ley de Migraci\u00f3n, las disposiciones constitucionales en materia de nacionalidad, la sentencia 168-13 y la ley 169-14\u201d, asever\u00f3.<\/p>\n<p>\u201cRepito no hay la m\u00e1s m\u00ednima intenci\u00f3n de modificar esa legislaci\u00f3n, nosotros hemos defendido y seguiremos defendiendo en foros internacionales nuestro ordenamiento jur\u00eddico, especialmente la ley 169-14 que, como le dije, fue criticada por ambos extremos, nosotros la hemos defendido aqu\u00ed y fuera del pa\u00eds y esto es conocido por los organismos internacionales, por la OEA, por ACNUR, por el PNUD, por la CIDH, por los gobiernos con los que tenemos relaciones bilaterales, y es una posici\u00f3n invariable\u201d, expres\u00f3.<\/p>\n<p>Ley 169-14 que estableci\u00f3 un r\u00e9gimen especial en beneficio de hijos de padres y\u00a0madres extranjeros no residentes nacidos en el territorio nacional\u00a0durante el periodo comprendido entre el 16 de junio de 1929 al 18 de<br \/>\nabril de 2007, los cuales figuran como inscritos en los libros del Registro Civil dominicano en base a documentos no reconocidos por las normas vigentes para esos fines.<\/p>\n<p>sp-am<\/p>\n","protected":false},"excerpt":{"rendered":"<p>SANTO DOMINGO.- El gobierno de la Rep\u00fablica Dominicana proclam\u00f3 ayer en forma categ\u00f3rica que no derogar\u00e1 la Ley 169-14 que estableci\u00f3 un r\u00e9gimen especial en beneficio de hijos de padres y\u00a0madres extranjeros no residentes nacidos en el territorio nacional. La posici\u00f3n oficial fue fijada por el consultor jur\u00eddico del Poder Ejecutivo, Flavio Dar\u00edo Espinal, en [&hellip;]<\/p>\n","protected":false},"author":4,"featured_media":65571,"comment_status":"open","ping_status":"open","sticky":false,"template":"","format":"standard","meta":{"footnotes":""},"categories":[43,83,44],"tags":[],"class_list":["post-65570","post","type-post","status-publish","format-standard","has-post-thumbnail","hentry","category-politica","category-reportajes","category-republica-dominicana"],"_links":{"self":[{"href":"https:\/\/2horizontes.com\/index.php?rest_route=\/wp\/v2\/posts\/65570","targetHints":{"allow":["GET"]}}],"collection":[{"href":"https:\/\/2horizontes.com\/index.php?rest_route=\/wp\/v2\/posts"}],"about":[{"href":"https:\/\/2horizontes.com\/index.php?rest_route=\/wp\/v2\/types\/post"}],"author":[{"embeddable":true,"href":"https:\/\/2horizontes.com\/index.php?rest_route=\/wp\/v2\/users\/4"}],"replies":[{"embeddable":true,"href":"https:\/\/2horizontes.com\/index.php?rest_route=%2Fwp%2Fv2%2Fcomments&post=65570"}],"version-history":[{"count":1,"href":"https:\/\/2horizontes.com\/index.php?rest_route=\/wp\/v2\/posts\/65570\/revisions"}],"predecessor-version":[{"id":65572,"href":"https:\/\/2horizontes.com\/index.php?rest_route=\/wp\/v2\/posts\/65570\/revisions\/65572"}],"wp:featuredmedia":[{"embeddable":true,"href":"https:\/\/2horizontes.com\/index.php?rest_route=\/wp\/v2\/media\/65571"}],"wp:attachment":[{"href":"https:\/\/2horizontes.com\/index.php?rest_route=%2Fwp%2Fv2%2Fmedia&parent=65570"}],"wp:term":[{"taxonomy":"category","embeddable":true,"href":"https:\/\/2horizontes.com\/index.php?rest_route=%2Fwp%2Fv2%2Fcategories&post=65570"},{"taxonomy":"post_tag","embeddable":true,"href":"https:\/\/2horizontes.com\/index.php?rest_route=%2Fwp%2Fv2%2Ftags&post=65570"}],"curies":[{"name":"wp","href":"https:\/\/api.w.org\/{rel}","templated":true}]}}