{"id":65558,"date":"2018-04-06T14:57:53","date_gmt":"2018-04-06T13:57:53","guid":{"rendered":"http:\/\/2horizontes.com\/?p=65558"},"modified":"2018-04-06T14:57:53","modified_gmt":"2018-04-06T13:57:53","slug":"euforia-en-el-independentismo-tras-quedar-puigdemont-en-libertad","status":"publish","type":"post","link":"https:\/\/2horizontes.com\/?p=65558","title":{"rendered":"Euforia en el independentismo tras quedar Puigdemont en libertad"},"content":{"rendered":"<div id=\"articulo-titulares\" class=\"articulo-titulares\">\n<div class=\"articulo-subtitulos\">\n<h2 class=\"articulo-subtitulo\">La CUP afirma que la liberaci\u00f3n del expresident es una \u00abvictoria republicana\u00bb y pide investirlo<\/h2>\n<\/div>\n<\/div>\n<aside id=\"compartir_superior\" class=\"compartir\">\n<div class=\"compartir__interior\">\n<div id=\"compartir_social\" class=\"compartir-social\">\n<p>La decisi\u00f3n de la Audiencia Territorial de Schleswig-Holsteinl de Alemania de decretar la libertad de Carles Puigdemont ha desatado la\u00a0euforia entre el independentismo al considerar que pone en jaque toda la instrucci\u00f3n del juez del Tribunal Supremo, Pablo Llarena.\u00a0Roger Torrent, presidente del Parlament, ha celebrado la noticia y ha afirmado que los grupos independentistas siempre han defendido que no hubo violencia. \u00abEl delito de rebeli\u00f3n es totalmente infundado. Se tiene que acabar ya esta persecuci\u00f3n pol\u00edtica basado en un relato completamente falso\u00bb, ha afirmado Torrent en las redes sociales.La CUP ha pedido ya que el independentismo de el paso e invista a Puigdemont: \u00abSu libertad en Alemania es una victoria republicana, confirm\u00e9mosla invisti\u00e9ndolo presidente\u00bb. La ANC ha pagado esta noche v\u00eda transferencia la fianza de Puigdemont fijada en 75.000 euros.<\/p>\n<section id=\"sumario_1|apoyos\" class=\"sumario_apoyos derecha\"><a name=\"sumario_1\"><\/a><\/p>\n<div class=\"sumario__interior\">\n<header class=\"sumario-encabezado\">\n<h3 class=\"sumario-titulo\"><span class=\"sin_enlace\">M\u00c1S INFORMACI\u00d3N<\/span><\/h3>\n<\/header>\n<div class=\"sumario-texto\">\n<div class=\"apoyos\">\n<ul class=\"apoyos-listado\">\n<li class=\"apoyo_normal apoyo_sinfoto\"><span class=\"apoyo-titulo\">La Justicia alemana deja en libertad a Puigdemont y descarta delito de rebeli\u00f3n<\/span><\/li>\n<li class=\"apoyo_normal apoyo_sinfoto\"><span class=\"apoyo-titulo\">El abogado de Puigdemont anuncia alegaciones ante la justicia alemana para evitar la extradici\u00f3n<\/span><\/li>\n<li class=\"apoyo_normal apoyo_sinfoto\"><span class=\"apoyo-titulo\">Puigdemont estrena su voto delegado en el Parlament<\/span><\/li>\n<\/ul>\n<\/div>\n<\/div>\n<\/div>\n<\/section>\n<p>Los comunes, que han denunciado la judicializaci\u00f3n de la pol\u00edtica, han emitido un valoraci\u00f3n similar a la de Roger Torrent:\u00a0\u00abLa justicia alemana desmonta la causa general por rebeli\u00f3n. Deja en una posici\u00f3n insostenible las actuaciones del Supremo y al PP y Ciudadanos que han alimentado la judicializaci\u00f3n de la pol\u00edtica\u00bb, ha afirmado\u00a0Xavier Dom\u00e8nech. Ada Colau, alcaldesa de Barcelona, ha mostrado su confianza en que el juez Pablo Llarena recapacite. Oriol Junqueras, exvicepresidente de la Generalitat, ha publicado un elocuente tuit con un emoticono sonriendo. \u00abEs un nuevo rev\u00e9s para la justicia espa\u00f1ola. Nunca ha habido violencia y hoy lo dice tambi\u00e9n la justicia alemana. El delito de rebeli\u00f3n es inexistente. Celebremos mucho que Puigdemont quede en libertad\u00bb, ha afirmado el portavoz de ERC, Sergi Sabri\u00e0. Josep Costa, diputado de Junts per Catalunya y vicepresidente del Parlament, ha afirmado: \u201cSe demuestra que la justicia espa\u00f1ola es una anomal\u00eda europea\u201d<\/p>\n<section id=\"sumario_2|html\" class=\"sumario_html izquierda\">\n<div class=\"sumario__interior\">\n<div class=\"sumario-texto\">\n<div class=\"SandboxRoot env-bp-min\" data-twitter-event-id=\"0\">\n<div id=\"twitter-widget-0\" class=\"EmbeddedTweet EmbeddedTweet--edge js-clickToOpenTarget tweet-InformationCircle-widgetParent\" lang=\"es\" data-click-to-open-target=\"https:\/\/twitter.com\/junqueras\/status\/981955961291145217\" data-iframe-title=\"Tweet de Twitter\" data-dt-full=\"%{hours24}:%{minutes} - %{day} %{month} %{year}\" data-dt-explicit-timestamp=\"20:05 - 5 abr. 2018\" data-dt-months=\"ene|feb|mar|abr|Mayo|jun|jul|ago|sep|oct|nov|dic\" data-dt-am=\"AM\" data-dt-pm=\"PM\" data-dt-now=\"ahora\" data-dt-s=\"s\" data-dt-m=\"m\" data-dt-h=\"h\" data-dt-second=\"segundo\" data-dt-seconds=\"segundos\" data-dt-minute=\"minuto\" data-dt-minutes=\"minutos\" data-dt-hour=\"hora\" data-dt-hours=\"horas\" data-dt-abbr=\"%{number}%{symbol}\" data-dt-short=\"%{day} %{month}\" data-dt-long=\"%{day} %{month} %{year}\" data-scribe=\"page:tweet\" data-twitter-event-id=\"5\">\n<div class=\"EmbeddedTweet-tweet\">\n<blockquote class=\"Tweet h-entry js-tweetIdInfo subject expanded\" cite=\"https:\/\/twitter.com\/junqueras\/status\/981955961291145217\" data-tweet-id=\"981955961291145217\" data-scribe=\"section:subject\">\n<div class=\"Tweet-body e-entry-content\" data-scribe=\"component:tweet\">\n<div class=\"u-hiddenVisually js-inViewportScribingTarget\"><\/div>\n<\/div>\n<\/blockquote>\n<\/div>\n<\/div>\n<\/div>\n<\/div>\n<\/div>\n<\/section>\n<p>s \u00abreaccionaria\u00bb.<\/p>\n<\/div>\n<\/div>\n<\/aside>\n","protected":false},"excerpt":{"rendered":"<p>La CUP afirma que la liberaci\u00f3n del expresident es una \u00abvictoria republicana\u00bb y pide investirlo La decisi\u00f3n de la Audiencia Territorial de Schleswig-Holsteinl de Alemania de decretar la libertad de Carles Puigdemont ha desatado la\u00a0euforia entre el independentismo al considerar que pone en jaque toda la instrucci\u00f3n del juez del Tribunal Supremo, Pablo Llarena.\u00a0Roger Torrent, [&hellip;]<\/p>\n","protected":false},"author":4,"featured_media":65559,"comment_status":"open","ping_status":"open","sticky":false,"template":"","format":"standard","meta":{"footnotes":""},"categories":[85,43],"tags":[],"class_list":["post-65558","post","type-post","status-publish","format-standard","has-post-thumbnail","hentry","category-espana","category-politica"],"_links":{"self":[{"href":"https:\/\/2horizontes.com\/index.php?rest_route=\/wp\/v2\/posts\/65558","targetHints":{"allow":["GET"]}}],"collection":[{"href":"https:\/\/2horizontes.com\/index.php?rest_route=\/wp\/v2\/posts"}],"about":[{"href":"https:\/\/2horizontes.com\/index.php?rest_route=\/wp\/v2\/types\/post"}],"author":[{"embeddable":true,"href":"https:\/\/2horizontes.com\/index.php?rest_route=\/wp\/v2\/users\/4"}],"replies":[{"embeddable":true,"href":"https:\/\/2horizontes.com\/index.php?rest_route=%2Fwp%2Fv2%2Fcomments&post=65558"}],"version-history":[{"count":1,"href":"https:\/\/2horizontes.com\/index.php?rest_route=\/wp\/v2\/posts\/65558\/revisions"}],"predecessor-version":[{"id":65560,"href":"https:\/\/2horizontes.com\/index.php?rest_route=\/wp\/v2\/posts\/65558\/revisions\/65560"}],"wp:featuredmedia":[{"embeddable":true,"href":"https:\/\/2horizontes.com\/index.php?rest_route=\/wp\/v2\/media\/65559"}],"wp:attachment":[{"href":"https:\/\/2horizontes.com\/index.php?rest_route=%2Fwp%2Fv2%2Fmedia&parent=65558"}],"wp:term":[{"taxonomy":"category","embeddable":true,"href":"https:\/\/2horizontes.com\/index.php?rest_route=%2Fwp%2Fv2%2Fcategories&post=65558"},{"taxonomy":"post_tag","embeddable":true,"href":"https:\/\/2horizontes.com\/index.php?rest_route=%2Fwp%2Fv2%2Ftags&post=65558"}],"curies":[{"name":"wp","href":"https:\/\/api.w.org\/{rel}","templated":true}]}}