{"id":6554,"date":"2015-05-10T13:55:18","date_gmt":"2015-05-10T12:55:18","guid":{"rendered":"http:\/\/2horizontes.com\/?p=6554"},"modified":"2015-05-10T13:58:14","modified_gmt":"2015-05-10T12:58:14","slug":"homosexuales-marchan-y-protagonizan-bodas-simbolicas-en-cuba","status":"publish","type":"post","link":"https:\/\/2horizontes.com\/?p=6554","title":{"rendered":"Homosexuales marchan y protagonizan bodas simb\u00f3licas en Cuba"},"content":{"rendered":"<p>LA HABANA &#8211; M\u00e1s de mil gays, lesbianas y transg\u00e9neros marcharon el s\u00e1bado por las calles de La Habana, mostrando orgullosamente su orientaci\u00f3n sexual en una sociedad en que la persisten fuertes rasgos de discriminaci\u00f3n.<\/p>\n<p>La \u00abVIII Jornada Cubana Contra la Homofobia y la Transfobia\u00bb tuvo un significado adicional este a\u00f1o para unas 20 parejas que participaron de una celebraci\u00f3n en la que intercambiaron votos simb\u00f3licamente, ya que los matrimonios entre personas del mismo sexo son ilegales en Cuba.<\/p>\n<p>La multitudinaria ceremonia estuvo inspirada en las bodas masivas de m\u00e1s de 100 parejas del mismo sexo realizadas en un evento del Orgullo Gay que se llev\u00f3 a cabo en Toronto en junio.<\/p>\n<p>\u00abNuestra familia nos acepta, pero la sociedad no. Y si ma\u00f1ana uno no est\u00e1, el otro pierde todo. No es justo\u00bb, dijo Ra\u00fal Orta, quien se \u00abcas\u00f3\u00bb con su pareja desde hace 13 a\u00f1os, Yaimel Medina.<\/p>\n<p>\u00abLlevamos ocho a\u00f1os viviendo un sue\u00f1o que no pensamos que fuera posible\u00bb, a\u00f1adi\u00f3.<\/p>\n<p>La marcha, al ritmo de la conga y los tambores que marcaban el ondeo de las banderas del arco iris, dio a los gay en Cuba y a quienes los apoyan una inusual oportunidad de celebrar sin temor.<\/p>\n<p>Orta dijo que la situaci\u00f3n para los homosexuales al interior del pa\u00eds era m\u00e1s dura que en la capital.<\/p>\n<p>Para muchos homosexuales cubanos de provincias, el abierto despliegue de la celebraci\u00f3n en La Habana fue incluso m\u00e1s liberador.<\/p>\n<p>\u00abEn el interior del pa\u00eds, ni tan siquiera so\u00f1ar con un evento como \u00e9ste. Es un evento \u00fanico que es sorprendente para los gays que uno puede mostrar realmente la cara que tiene sin esconderse a nadie\u00bb, dijo Raiza Marmol, que se mud\u00f3 desde<\/p>\n<p>Camag\u00fcey hace dos a\u00f1os e intercambi\u00f3 votos con su pareja, Yatiana Garc\u00eda.<\/p>\n<p>\u00abEs un evento \u00fanico y sorprendente para los gay, que pueden mostrar sus rostros sin tener que esconderse\u00bb, dijo.<\/p>\n<p>Cuba en el pasado mand\u00f3 a las personas homosexuales a campos de trabajo, una pol\u00edtica que el presidente cubano admiti\u00f3 que fue errada.<\/p>\n<p>Los homosexuales en Cuba han causado gran revuelo en a\u00f1os recientes por la ayuda prestada por Mariela Castro, hija del actual presidente cubano Ra\u00fal Castro y sobrina de Fidel.<\/p>\n<p>En otros sitios de Latinoam\u00e9rica, Argentina y Uruguay han legalizado los matrimonios del mismo sexo, pero en Cuba la posibilidad de las uniones homosexuales parecen a\u00fan lejanas.<\/p>\n<p>\u00abNo nos importa ser el primero. Lo que importa es lograrlo\u00bb, dijo Mariela Castro a periodistas.<\/p>\n<p>&nbsp;<\/p>\n","protected":false},"excerpt":{"rendered":"<p>LA HABANA &#8211; M\u00e1s de mil gays, lesbianas y transg\u00e9neros marcharon el s\u00e1bado por las calles de La Habana, mostrando orgullosamente su orientaci\u00f3n sexual en una sociedad en que la persisten fuertes rasgos de discriminaci\u00f3n. La \u00abVIII Jornada Cubana Contra la Homofobia y la Transfobia\u00bb tuvo un significado adicional este a\u00f1o para unas 20 parejas [&hellip;]<\/p>\n","protected":false},"author":3,"featured_media":6555,"comment_status":"open","ping_status":"open","sticky":false,"template":"","format":"standard","meta":{"footnotes":""},"categories":[49,57],"tags":[],"class_list":["post-6554","post","type-post","status-publish","format-standard","has-post-thumbnail","hentry","category-cuba","category-mundo-gay"],"_links":{"self":[{"href":"https:\/\/2horizontes.com\/index.php?rest_route=\/wp\/v2\/posts\/6554","targetHints":{"allow":["GET"]}}],"collection":[{"href":"https:\/\/2horizontes.com\/index.php?rest_route=\/wp\/v2\/posts"}],"about":[{"href":"https:\/\/2horizontes.com\/index.php?rest_route=\/wp\/v2\/types\/post"}],"author":[{"embeddable":true,"href":"https:\/\/2horizontes.com\/index.php?rest_route=\/wp\/v2\/users\/3"}],"replies":[{"embeddable":true,"href":"https:\/\/2horizontes.com\/index.php?rest_route=%2Fwp%2Fv2%2Fcomments&post=6554"}],"version-history":[{"count":1,"href":"https:\/\/2horizontes.com\/index.php?rest_route=\/wp\/v2\/posts\/6554\/revisions"}],"predecessor-version":[{"id":6556,"href":"https:\/\/2horizontes.com\/index.php?rest_route=\/wp\/v2\/posts\/6554\/revisions\/6556"}],"wp:featuredmedia":[{"embeddable":true,"href":"https:\/\/2horizontes.com\/index.php?rest_route=\/wp\/v2\/media\/6555"}],"wp:attachment":[{"href":"https:\/\/2horizontes.com\/index.php?rest_route=%2Fwp%2Fv2%2Fmedia&parent=6554"}],"wp:term":[{"taxonomy":"category","embeddable":true,"href":"https:\/\/2horizontes.com\/index.php?rest_route=%2Fwp%2Fv2%2Fcategories&post=6554"},{"taxonomy":"post_tag","embeddable":true,"href":"https:\/\/2horizontes.com\/index.php?rest_route=%2Fwp%2Fv2%2Ftags&post=6554"}],"curies":[{"name":"wp","href":"https:\/\/api.w.org\/{rel}","templated":true}]}}