{"id":65501,"date":"2018-03-13T01:05:38","date_gmt":"2018-03-13T00:05:38","guid":{"rendered":"http:\/\/2horizontes.com\/?p=65501"},"modified":"2018-03-13T01:05:38","modified_gmt":"2018-03-13T00:05:38","slug":"la-detenida-por-la-muerte-del-pequeno-gabriel-se-mantiene-muda","status":"publish","type":"post","link":"https:\/\/2horizontes.com\/?p=65501","title":{"rendered":"La detenida por la muerte del peque\u00f1o Gabriel se mantiene \u201cmuda\u201d"},"content":{"rendered":"<p>Muda. As\u00ed se mantuvo, seg\u00fan fuentes de la investigaci\u00f3n,\u00a0Ana Julia Quezadacuando la Guardia Civil la llev\u00f3 este lunes a los escenarios de N\u00edjar (Almer\u00eda) donde\u00a0presuntamente asesin\u00f3 al peque\u00f1o Gabriel Cruz, de ocho a\u00f1os, y ocult\u00f3 su cuerpo. La autopsia revel\u00f3 que el ni\u00f1o fue estrangulado el d\u00eda de su desaparici\u00f3n, el 27 de febrero. Ella, dominicana de 43 a\u00f1os y pareja del padre de Gabriel, fue detenida el domingo cuando llevaba el cad\u00e1ver del menor en el maletero de su coche para cambiarlo de sitio y evitar que lo encontraran los agentes. En 1996 una hija suya de cuatro a\u00f1os muri\u00f3 en Burgos en extra\u00f1as circunstancias.<\/p>\n<section id=\"sumario_1|apoyos\" class=\"sumario_apoyos derecha\">\n<div class=\"sumario__interior\">\n<header class=\"sumario-encabezado\">\n<h3 class=\"sumario-titulo\"><\/h3>\n<\/header>\n<div class=\"sumario-texto\">\n<div class=\"apoyos\"><\/div>\n<\/div>\n<\/div>\n<\/section>\n<div id=\"elpais_gpt-INTEXT\" data-google-query-id=\"CJe2r9j_59kCFZMfHwodCx4NxA\">\n<div id=\"google_ads_iframe_\/7811748\/elpais_web\/politica\/intext_0__container__\"><\/div>\n<\/div>\n<p>Ana Julia Quezada pas\u00f3 este lunes su primer d\u00eda en un calabozo de la comandancia de la Guardia Civil de Almer\u00eda acusada de la muerte del peque\u00f1o Gabriel Cruz y a la espera de que se le tome declaraci\u00f3n un juez. Los investigadores de la Guardia Civil tienen un margen de 72 horas antes de ponerla a disposici\u00f3n judicial.<\/p>\n<p>Pese a haber sido sorprendida\u00a0<em>in fraganti<\/em>\u00a0el domingo por la ma\u00f1ana con el cad\u00e1ver del peque\u00f1o en el maletero de su coche dispuesta a cambiarlo de sitio para evitar que fuese encontrado, Ana Julia se mostr\u00f3 este lunes completamente herm\u00e9tica.<\/p>\n<p>Frente a su mutismo, la autopsia del cuerpo del ni\u00f1o arroj\u00f3 informaci\u00f3n sobre el terrible suceso. Seg\u00fan el informe preliminar realizado en el Instituto Anat\u00f3mico Forense de Almer\u00eda,\u00a0Gabriel muri\u00f3 estrangulado el d\u00eda que desapareci\u00f3. Su peque\u00f1o cuerpo, de apenas 24 kilos, presentaba se\u00f1ales en el cuello y se encontraba \u201cmanchado de tierra\u201d, seg\u00fan fuentes de la investigaci\u00f3n.<\/p>\n<p>La detenida no abri\u00f3 la boca en los registros a los que fue acompa\u00f1ada por los investigadores para reconstruir lo ocurrido. De la mano de los agentes de la Polic\u00eda Judicial de Almer\u00eda, de los de la Unidad Central Operativa (UCO) y de los de la Secci\u00f3n de An\u00e1lisis del Comportamiento Delictivo llegados de Madrid, recorri\u00f3 los escenarios relacionados con el horrible crimen.<\/p>\n<p>Primero la casa, el pozo y el dep\u00f3sito de agua de la finca de Rodalquilar, a cuatro kil\u00f3metros de la casa de la abuela paterna en Las Hortichuelas, donde desapareci\u00f3 el peque\u00f1o. La finca, de la familia del padre del chiquillo, \u00c1ngel Cruz, era el lugar elegido por la pareja para instalarse pr\u00f3ximamente, cuando terminasen de arreglar la vivienda. Por ese motivo ella ten\u00eda las llaves.<\/p>\n<p>La amplia finca fue inspeccionada por los familiares, \u201cvarias veces, con la idea de que el ni\u00f1o pudiese estar all\u00ed, vivo\u201d. Tanto la casa como los pozos. Pero no encontraron nada, lo que lleva a pensar a los investigadores que lo pudo mover varias veces. La propiedad privada iba a ser rastreada por los agentes, que progresivamente centraron sus sospechas en Ana Julia. De hecho, le hicieron saber de manera indirecta que iban a acudir al lugar. Y que ten\u00edan los registros de unas c\u00e1maras de un hotel de Las Negras \u2014a tres kil\u00f3metros de donde se le perdi\u00f3 la pista al peque\u00f1o\u2014 en los que supuestamente se la pod\u00eda ver a ella. Todo ello hizo que se pusiera nerviosa y precipitara su actuaci\u00f3n, tal y como esperaban los investigadores.<\/p>\n<p>A falta de que declare, los agentes sospechan que la detenida intent\u00f3 alejarles de ese punto colocando una camiseta del ni\u00f1o en la zona de la depuradora de Las Negras, donde ella dijo luego haberla encontrado, a los cuatro d\u00edas de la desaparici\u00f3n del peque\u00f1o. Del mismo modo que insist\u00eda a los familiares en dar una recompensa de miles de euros, pese a que la Guardia Civil aconsejaba lo contrario porque las llamadas en ese sentido pod\u00edan interferir, desviar y retrasar la investigaci\u00f3n.<br \/>\nEn los d\u00edas previos al fatal desenlace, los padres de Gabriel actuaron como c\u00f3mplices de los agentes de la Guardia Civil, evitando levantar sospechas que escamaran a la que ya era sospechosa n\u00famero uno del caso. \u201cYo, aunque no pod\u00eda decir nada para no interferir en la investigaci\u00f3n y poner en riesgo la vida de mi peque\u00f1o, intentaba ablandarla con mis palabras\u201d,\u00a0reconoci\u00f3 la madre, Patricia Ram\u00edrez,\u00a0en una entrevista radiof\u00f3nica en Onda Cero.<\/p>\n<p>Los registros tambi\u00e9n se llevaron a cabo en Puebla de V\u00edcar, donde viv\u00edan Ana Julia y el padre del ni\u00f1o, \u00c1ngel Cruz. Fue el lugar donde la detuvieron al medio d\u00eda del domingo, cuando iba a acceder al garaje de la vivienda. En ese momento incluso trat\u00f3 de exculparse: \u201cYo he cogido el coche esta ma\u00f1ana\u201d, grit\u00f3. Aunque acto seguido,seg\u00fan relataron testigos, dijo: \u201cLo siento, te quiero\u201d. Pasaron cerca de dos horas en la casa que compart\u00eda con \u00c1ngel Cruz en esa poblaci\u00f3n, a m\u00e1s de 70 kil\u00f3metros de Rodalquilar, Las Hortichuelas y Las Negras, la zona que ella mejor conoc\u00eda y adonde lleg\u00f3 hace cinco a\u00f1os junto a su anterior pareja. Ambos regentaron un pub en Las Negras.<\/p>\n<p>La declaraci\u00f3n de Ana Julia es clave para despejar las dudas sobre lo ocurrido: c\u00f3mo, cuando, d\u00f3nde y por qu\u00e9 mat\u00f3 al peque\u00f1o Gabriel. La hip\u00f3tesis que gana peso seg\u00fan avanza la investigaci\u00f3n es que el m\u00f3vil ser\u00eda emocional, por los celos y el estorbo que supon\u00eda para su vida con \u00c1ngel el peque\u00f1o Gabriel.<\/p>\n<section id=\"sumario_2|despiece\" class=\"sumario_despiece centro\"><a name=\"sumario_2\"><\/a><\/p>\n<div class=\"sumario__interior\">\n<header class=\"sumario-encabezado\">\n<h4 class=\"sumario-titulo\"><span class=\"sin_enlace\">LA CAPILLA ARDIENTE DE GABRIEL ABRE EN LA DIPUTACI\u00d3N DE ALMER\u00cdA<\/span><\/h4>\n<\/header>\n<div class=\"sumario-texto\">\n<p class=\"sumario-autor\">EUROPA PRESS<\/p>\n<p>La capilla ardiente instalada en la Diputaci\u00f3n Provincial de Almer\u00eda ha abierto sus puertas a la ciudadan\u00eda para celebrar el velatorio de Gabriel Cruz a las 17.00, si bien se espera que el cuerpo del menor llegue con anterioridad, de modo que las primeras horas se reservar\u00e1n para la familia y los familiares m\u00e1s cercanos de los padres, quienes han permanecido durante la ma\u00f1ana en Las Hortichuelas y en Las Negras, en N\u00edjar.<\/p>\n<p>El cad\u00e1ver del peque\u00f1o, seg\u00fan han indicado fuentes de la organizaci\u00f3n del sepelio, ser\u00e1 conducido tras la autopsia hasta un tanatorio para ser preparado antes de desplazarse a la sede de la Diputaci\u00f3n de Almer\u00eda, en la calle Navarro Rodrigo, donde desde esta ma\u00f1ana se han iniciado los preparativos para habilitar la capilla ardiente del menor para que los ciudadanos puedan trasladar el p\u00e9same a la familia y dar su \u00faltimo adi\u00f3s al peque\u00f1o.<\/p>\n<p>Hasta el lugar se desplazar\u00e1 en la tarde de este lunes la presidenta de la Junta de Andaluc\u00eda, Susana D\u00edaz, seg\u00fan han confirmado fuentes del Gobierno andaluz. Tambi\u00e9n acudir\u00e1 el ministro del Interior, Juan Ignacio Zoido. El horario de cierre de la capilla no est\u00e1 decidido a\u00fan por la familia del peque\u00f1o, seg\u00fan ha explicado la Diputaci\u00f3n de Almer\u00eda.<\/p>\n<p>Tras el velatorio se celebrar\u00e1 la misa funeral por Gabriel, que tambi\u00e9n ser\u00e1 abierta al p\u00fablico y que tendr\u00e1 lugar en la Catedral de la Encarnaci\u00f3n de la capital a partir de las 10.30 horas oficiada por el obispo de Almer\u00eda, Adolfo Gonz\u00e1lez Montes.<\/p>\n<p>Durante la ma\u00f1ana, y de forma paralela, se han dado nuevas muestras de dolor y apoyo a la familia del menor, una de ellas en la propia entrada de la Ciudad de la Justicia, a la que tambi\u00e9n se ha desplazado la delegada de la Junta en Almer\u00eda, Gracia Fern\u00e1ndez, y donde los funcionarios se han concentrado y han guardado cinco minutos de silencio que han roto con un fuerte aplauso.<\/p>\n<\/div>\n<\/div>\n<\/section>\n","protected":false},"excerpt":{"rendered":"<p>Muda. As\u00ed se mantuvo, seg\u00fan fuentes de la investigaci\u00f3n,\u00a0Ana Julia Quezadacuando la Guardia Civil la llev\u00f3 este lunes a los escenarios de N\u00edjar (Almer\u00eda) donde\u00a0presuntamente asesin\u00f3 al peque\u00f1o Gabriel Cruz, de ocho a\u00f1os, y ocult\u00f3 su cuerpo. La autopsia revel\u00f3 que el ni\u00f1o fue estrangulado el d\u00eda de su desaparici\u00f3n, el 27 de febrero. Ella, [&hellip;]<\/p>\n","protected":false},"author":1,"featured_media":65502,"comment_status":"open","ping_status":"open","sticky":false,"template":"","format":"standard","meta":{"footnotes":""},"categories":[85,53,83],"tags":[],"class_list":["post-65501","post","type-post","status-publish","format-standard","has-post-thumbnail","hentry","category-espana","category-provincias","category-reportajes"],"_links":{"self":[{"href":"https:\/\/2horizontes.com\/index.php?rest_route=\/wp\/v2\/posts\/65501","targetHints":{"allow":["GET"]}}],"collection":[{"href":"https:\/\/2horizontes.com\/index.php?rest_route=\/wp\/v2\/posts"}],"about":[{"href":"https:\/\/2horizontes.com\/index.php?rest_route=\/wp\/v2\/types\/post"}],"author":[{"embeddable":true,"href":"https:\/\/2horizontes.com\/index.php?rest_route=\/wp\/v2\/users\/1"}],"replies":[{"embeddable":true,"href":"https:\/\/2horizontes.com\/index.php?rest_route=%2Fwp%2Fv2%2Fcomments&post=65501"}],"version-history":[{"count":1,"href":"https:\/\/2horizontes.com\/index.php?rest_route=\/wp\/v2\/posts\/65501\/revisions"}],"predecessor-version":[{"id":65503,"href":"https:\/\/2horizontes.com\/index.php?rest_route=\/wp\/v2\/posts\/65501\/revisions\/65503"}],"wp:featuredmedia":[{"embeddable":true,"href":"https:\/\/2horizontes.com\/index.php?rest_route=\/wp\/v2\/media\/65502"}],"wp:attachment":[{"href":"https:\/\/2horizontes.com\/index.php?rest_route=%2Fwp%2Fv2%2Fmedia&parent=65501"}],"wp:term":[{"taxonomy":"category","embeddable":true,"href":"https:\/\/2horizontes.com\/index.php?rest_route=%2Fwp%2Fv2%2Fcategories&post=65501"},{"taxonomy":"post_tag","embeddable":true,"href":"https:\/\/2horizontes.com\/index.php?rest_route=%2Fwp%2Fv2%2Ftags&post=65501"}],"curies":[{"name":"wp","href":"https:\/\/api.w.org\/{rel}","templated":true}]}}