{"id":655,"date":"2014-04-29T13:46:36","date_gmt":"2014-04-29T13:46:36","guid":{"rendered":"http:\/\/2horizontes.com\/?p=655"},"modified":"2014-04-29T13:46:36","modified_gmt":"2014-04-29T13:46:36","slug":"los-viajes-de-espanoles-caen-el-235-por-ciento-en-marzo-por-el-efecto-semana-santa","status":"publish","type":"post","link":"https:\/\/2horizontes.com\/?p=655","title":{"rendered":"Los viajes de espa\u00f1oles caen el 23,5 por ciento en marzo por el efecto Semana Santa"},"content":{"rendered":"<div class=\"texto entradilla\" id=\"div_entradilla\" itemprop=\"articleBody\">\n<div id=\"attachment_656\" style=\"width: 310px\" class=\"wp-caption alignleft\"><a href=\"http:\/\/2horizontes.com\/wp-content\/uploads\/2014\/04\/imagen.aspx_3.jpg\"><img loading=\"lazy\" decoding=\"async\" aria-describedby=\"caption-attachment-656\" class=\"size-medium wp-image-656 \" alt=\"imagen.aspx\" src=\"http:\/\/2horizontes.com\/wp-content\/uploads\/2014\/04\/imagen.aspx_3-300x200.jpg\" width=\"300\" height=\"200\" srcset=\"https:\/\/2horizontes.com\/wp-content\/uploads\/2014\/04\/imagen.aspx_3-300x200.jpg 300w, https:\/\/2horizontes.com\/wp-content\/uploads\/2014\/04\/imagen.aspx_3.jpg 490w\" sizes=\"auto, (max-width: 300px) 100vw, 300px\" \/><\/a><p id=\"caption-attachment-656\" class=\"wp-caption-text\">Decenas de pasajeros esperan con sus equipajes en la T4 del aeropuerto de Barajas. EFE.<\/p><\/div>\n<p>EFE. Madrid.- Los espa\u00f1oles efectuaron a lo largo de marzo 9,7 millones de viajes, el 23,5 % menos que en el mismo mes de 2013, debido, principalmente, a que este a\u00f1o la Semana Santa se ha celebrado en abril, mientras que el a\u00f1o pasado fue en marzo.<\/p>\n<p>Descontando este efecto, los viajes de los residentes en Espa\u00f1a habr\u00edan crecido en el tercer mes del a\u00f1o un 4,1 %, con subidas tanto en los desplazamientos nacionales como al exterior, seg\u00fan la encuesta de Movimientos Tur\u00edsticos de los Espa\u00f1oles (Familitur) divulgada hoy.<\/p>\n<\/div>\n","protected":false},"excerpt":{"rendered":"<p>EFE. Madrid.- Los espa\u00f1oles efectuaron a lo largo de marzo 9,7 millones de viajes, el 23,5 % menos que en el mismo mes de 2013, debido, principalmente, a que este a\u00f1o la Semana Santa se ha celebrado en abril, mientras que el a\u00f1o pasado fue en marzo. Descontando este efecto, los viajes de los residentes [&hellip;]<\/p>\n","protected":false},"author":1,"featured_media":0,"comment_status":"open","ping_status":"open","sticky":false,"template":"","format":"standard","meta":{"footnotes":""},"categories":[1],"tags":[],"class_list":["post-655","post","type-post","status-publish","format-standard","hentry","category-entretenimiento"],"_links":{"self":[{"href":"https:\/\/2horizontes.com\/index.php?rest_route=\/wp\/v2\/posts\/655","targetHints":{"allow":["GET"]}}],"collection":[{"href":"https:\/\/2horizontes.com\/index.php?rest_route=\/wp\/v2\/posts"}],"about":[{"href":"https:\/\/2horizontes.com\/index.php?rest_route=\/wp\/v2\/types\/post"}],"author":[{"embeddable":true,"href":"https:\/\/2horizontes.com\/index.php?rest_route=\/wp\/v2\/users\/1"}],"replies":[{"embeddable":true,"href":"https:\/\/2horizontes.com\/index.php?rest_route=%2Fwp%2Fv2%2Fcomments&post=655"}],"version-history":[{"count":1,"href":"https:\/\/2horizontes.com\/index.php?rest_route=\/wp\/v2\/posts\/655\/revisions"}],"predecessor-version":[{"id":657,"href":"https:\/\/2horizontes.com\/index.php?rest_route=\/wp\/v2\/posts\/655\/revisions\/657"}],"wp:attachment":[{"href":"https:\/\/2horizontes.com\/index.php?rest_route=%2Fwp%2Fv2%2Fmedia&parent=655"}],"wp:term":[{"taxonomy":"category","embeddable":true,"href":"https:\/\/2horizontes.com\/index.php?rest_route=%2Fwp%2Fv2%2Fcategories&post=655"},{"taxonomy":"post_tag","embeddable":true,"href":"https:\/\/2horizontes.com\/index.php?rest_route=%2Fwp%2Fv2%2Ftags&post=655"}],"curies":[{"name":"wp","href":"https:\/\/api.w.org\/{rel}","templated":true}]}}