{"id":65495,"date":"2018-03-12T16:50:08","date_gmt":"2018-03-12T15:50:08","guid":{"rendered":"http:\/\/2horizontes.com\/?p=65495"},"modified":"2018-03-12T16:50:08","modified_gmt":"2018-03-12T15:50:08","slug":"la-autopsia-concluye-que-gabriel-murio-estrangulado-el-dia-de-su-desaparicion","status":"publish","type":"post","link":"https:\/\/2horizontes.com\/?p=65495","title":{"rendered":"La autopsia concluye que Gabriel muri\u00f3 estrangulado el d\u00eda de su desaparici\u00f3n"},"content":{"rendered":"<h2 class=\"articulo-subtitulo\">Fuentes de la investigaci\u00f3n destacan que el cuerpo ten\u00eda restos de tierra<\/h2>\n<div id=\"articulo_contenedor\" class=\"articulo__contenedor\">\n<div id=\"cuerpo_noticia\" class=\"articulo-cuerpo\">\n<p>La autopsia de\u00a0Gabriel Cruz\u00a0ha revelado que el ni\u00f1o muri\u00f3 estrangulado. Seg\u00fan fuentes de la investigaci\u00f3n, el peque\u00f1o de ocho a\u00f1os habr\u00eda fallecido el mismo d\u00eda en que desapareci\u00f3, el pasado 27 de febrero. Su cuerpo fue hallado en el maletero del coche de Ana Julia Quezada, la pareja de su padre, actualmente detenida y en dependencias de la Guardia Civil donde se le tomar\u00e1 declaraci\u00f3n en las pr\u00f3ximas horas. Es\u00a0la \u00fanica sospechosa de su muerte hasta el momento.Cuando fue encontrado, el cuerpo del menor ten\u00eda restos de tierra, seg\u00fan han se\u00f1alado las mismas fuentes.<\/p>\n<section id=\"sumario_1|apoyos\" class=\"sumario_apoyos derecha\"><a name=\"sumario_1\"><\/a><\/p>\n<div class=\"sumario__interior\">\n<header class=\"sumario-encabezado\">\n<h3 class=\"sumario-titulo\"><span class=\"sin_enlace\">M\u00c1S INFORMACI\u00d3N<\/span><\/h3>\n<\/header>\n<div class=\"sumario-texto\">\n<div class=\"apoyos\">\n<ul class=\"apoyos-listado\">\n<li class=\"apoyo_ apoyo_sinfoto\"><span class=\"apoyo-titulo\">Las claves del Caso Gabriel, el ni\u00f1o desaparecido en N\u00edjar<\/span><\/li>\n<li class=\"apoyo_ apoyo_sinfoto\"><span class=\"apoyo-titulo\">Una hija de Ana Julia Quezada muri\u00f3 tras caer por una ventana hace 22 a\u00f1os en Burgos<\/span><\/li>\n<li class=\"apoyo_ apoyo_sinfoto\"><span class=\"apoyo-titulo\">La madre de Gabriel: \u201cPido que no se extienda la rabia\u201d<\/span><\/li>\n<\/ul>\n<\/div>\n<\/div>\n<\/div>\n<\/section>\n<p>La mujer, de 43 a\u00f1os y de origen dominicano, sali\u00f3 la ma\u00f1ana de domingo \u2014cuando se cumpl\u00edan 12 d\u00edas desde la desaparici\u00f3n del peque\u00f1o\u2014 del mismo lugar en el que se le hab\u00eda perdido pista, la casa de su abuela paterna, Carmen, en Las Hortichuelas, una peque\u00f1a pedan\u00eda en el t\u00e9rmino municipal de N\u00edjar, en pleno Parque Natural del Cabo de Gata. Los agentes de la Guardia Civil la siguieron, como ven\u00edan haciendo con intensidad en los \u00faltimos d\u00edas, convertida ya en principal sospechosa. Dej\u00f3 al padre de Gabriel, \u00c1ngel Cruz, en un hotel de Las Negras, a tres kil\u00f3metros, y continu\u00f3 sola en el veh\u00edculo hasta Rodalquilar, una poblaci\u00f3n a siete kil\u00f3metros. All\u00ed entr\u00f3 en una finca propiedad de la familia, conocida como \u00abLa Ca\u00f1ada de la Soledad\u00bb, donde los investigadores observaron como sacaba de un pozo el cuerpo del peque\u00f1o envuelto en una manta y lo met\u00eda en le maletero de su veh\u00edculo.<\/p>\n<p>Acto seguido Ana Julia, en un desesperado viaje por ocultar el cuerpo del brutal crimen, viaj\u00f3 a 74 kil\u00f3metros de ese lugar, a Puebla de Vicar, donde viv\u00eda con el padre del ni\u00f1o. Cuando pretend\u00eda entrar en el garaje de la casa fue interceptada por la Guardia Civil y detenida.<\/p>\n<p>La Guardia Civil estaba pendiente de la autopsia de Gabriel. El resultado de las pruebas forenses, de las que solo se conocen los primeros datos de momento, es clave para determinar exactamente qu\u00e9 ocurri\u00f3 con el ni\u00f1o de ocho a\u00f1os desde la \u00faltima vez que fue visto, cuando abandon\u00f3 la casa de su abuela Carmen para ir a jugar con unos primos a una casa situada a poco m\u00e1s de 100 metros. Nunca lleg\u00f3. Su abuela y Ana Julia, que tambi\u00e9n se encontraba en la casa de Las Hortichuelas aquella tarde, fueron las \u00faltimas que lo vieron con vida.<\/p>\n<p>Patricia Ram\u00edrez, la madre del peque\u00f1o Gabriel,\u00a0ha pedido este lunes que cesen los mensajes de rabia\u00a0contra la detenida. \u00abNo quiero que todo termine con la rabia que esta mujer ha sembrado. Gabriel no se lo merece\u00bb, ha pedido en el programa\u00a0<em>M\u00e1s de Un<\/em>o de Onda Cero. Ram\u00edrez tambi\u00e9n ha agradecido el apoyo y los mensajes de cari\u00f1o que ha recibido desde que el menor desapareci\u00f3: \u00abAunque no haya habido final feliz; el pesca\u00edto se nos va nadando hacia el cielo\u00bb, ha a\u00f1adido.<\/p>\n<p>Tras la detenci\u00f3n de Quezada, la polic\u00eda est\u00e1 revisando un viejo caso.\u00a0Una hija de cuatro a\u00f1os de Quezada muri\u00f3 tras caer por una ventana hace 22 a\u00f1os en Burgos, en 1996. La muerte de la peque\u00f1a fue investigada entonces por la Polic\u00eda Nacional y se concluy\u00f3 que fue un accidente. En aquella \u00e9poca, Ana Julia ten\u00eda 21 a\u00f1os y viv\u00eda en la conocida barriada de Gamonal con su marido, con el que ten\u00eda una hija dos a\u00f1os y con la menor fallecida, que el hombre hab\u00eda adoptado, seg\u00fan fuentes de la investigaci\u00f3n.<\/p>\n<\/div>\n<\/div>\n","protected":false},"excerpt":{"rendered":"<p>Fuentes de la investigaci\u00f3n destacan que el cuerpo ten\u00eda restos de tierra La autopsia de\u00a0Gabriel Cruz\u00a0ha revelado que el ni\u00f1o muri\u00f3 estrangulado. Seg\u00fan fuentes de la investigaci\u00f3n, el peque\u00f1o de ocho a\u00f1os habr\u00eda fallecido el mismo d\u00eda en que desapareci\u00f3, el pasado 27 de febrero. Su cuerpo fue hallado en el maletero del coche de [&hellip;]<\/p>\n","protected":false},"author":1,"featured_media":65496,"comment_status":"open","ping_status":"open","sticky":false,"template":"","format":"standard","meta":{"footnotes":""},"categories":[85,53,83],"tags":[],"class_list":["post-65495","post","type-post","status-publish","format-standard","has-post-thumbnail","hentry","category-espana","category-provincias","category-reportajes"],"_links":{"self":[{"href":"https:\/\/2horizontes.com\/index.php?rest_route=\/wp\/v2\/posts\/65495","targetHints":{"allow":["GET"]}}],"collection":[{"href":"https:\/\/2horizontes.com\/index.php?rest_route=\/wp\/v2\/posts"}],"about":[{"href":"https:\/\/2horizontes.com\/index.php?rest_route=\/wp\/v2\/types\/post"}],"author":[{"embeddable":true,"href":"https:\/\/2horizontes.com\/index.php?rest_route=\/wp\/v2\/users\/1"}],"replies":[{"embeddable":true,"href":"https:\/\/2horizontes.com\/index.php?rest_route=%2Fwp%2Fv2%2Fcomments&post=65495"}],"version-history":[{"count":1,"href":"https:\/\/2horizontes.com\/index.php?rest_route=\/wp\/v2\/posts\/65495\/revisions"}],"predecessor-version":[{"id":65497,"href":"https:\/\/2horizontes.com\/index.php?rest_route=\/wp\/v2\/posts\/65495\/revisions\/65497"}],"wp:featuredmedia":[{"embeddable":true,"href":"https:\/\/2horizontes.com\/index.php?rest_route=\/wp\/v2\/media\/65496"}],"wp:attachment":[{"href":"https:\/\/2horizontes.com\/index.php?rest_route=%2Fwp%2Fv2%2Fmedia&parent=65495"}],"wp:term":[{"taxonomy":"category","embeddable":true,"href":"https:\/\/2horizontes.com\/index.php?rest_route=%2Fwp%2Fv2%2Fcategories&post=65495"},{"taxonomy":"post_tag","embeddable":true,"href":"https:\/\/2horizontes.com\/index.php?rest_route=%2Fwp%2Fv2%2Ftags&post=65495"}],"curies":[{"name":"wp","href":"https:\/\/api.w.org\/{rel}","templated":true}]}}