{"id":65491,"date":"2018-02-27T16:57:38","date_gmt":"2018-02-27T15:57:38","guid":{"rendered":"http:\/\/2horizontes.com\/?p=65491"},"modified":"2018-02-27T16:58:26","modified_gmt":"2018-02-27T15:58:26","slug":"dios-patria-y-libertad","status":"publish","type":"post","link":"https:\/\/2horizontes.com\/?p=65491","title":{"rendered":"\u00a1Dios, Patria y Libertad!"},"content":{"rendered":"<h2 id=\"ArticlePostTitleDiv\" class=\"art_postitulo\">HACE 174 A\u00d1OS SE PRONUNCI\u00d3 ESTE LEMA EN LA PUERTA DEL CONDE, TRES PALABRAS QUE COBRAN SENTIDO AL REMEMORAR ESA LUCHA QUE COST\u00d3 TANTOS SACRIFICIOS POR PARTE DE UN PUEBLO QUE ANHELABA SER LIBRE AUNQUE EN EL CAMINO SE DESPLOMARAN LOS CIELOS.<\/h2>\n<p><strong>A continuaci\u00f3n una cr\u00f3nica de Juan Daniel Balc\u00e1cer para recrear ese momento en que nuestro pa\u00eds declar\u00f3 su soberan\u00eda.<\/strong><\/p>\n<p>Los trinitarios, conscientes de que Duarte se hallaba fuera del pa\u00eds, hicieron todo cuanto estuvo a su alcance para evitar que se les adelantara otro grupo pol\u00edtico con objetivos diametralmente opuestos al de ellos.<\/p>\n<p>Fue as\u00ed como fijaron el martes 27 de febrero de 1844 para hacer el pronunciamiento. Ese hist\u00f3rico d\u00eda, los trinitarios acordaron dividirse en dos grupos: uno, con S\u00e1nchez y Vicente Celestino a la cabeza, ir\u00edan directamente a la Puerta del Conde; mientras que el otro, dirigido por Mella, se congregar\u00eda en la Puerta de la Misericordia.<\/p>\n<p>La se\u00f1al acordada, para que todos los dem\u00e1s conjurados salieran de sus casas en direcci\u00f3n al Conde, era un disparo al aire que har\u00eda Mella. A las once de la noche, no hab\u00edan podido llegar todos los convidados a la Puerta de la Misericordia. Uno de los involucrados sugiri\u00f3 entonces que se pospusieran los planes.<\/p>\n<p>En ese momento fue cuando Ram\u00f3n Mat\u00edas Mella dijo que no hab\u00eda tiempo para arrepentirse y con su trabuco hizo el c\u00e9lebre disparo, anunciando a todos los convocados que el plan estaba en marcha. Tras escuchar la detonaci\u00f3n, los involucrados comprometidos se dirigieron a la Puerta del Conde, en donde ya estaban S\u00e1nchez y los restantes trinitarios, junto a Tom\u00e1s Bobadilla. Una vez reunidos todos all\u00ed procedieron a proclamar la Independencia Nacional y a formar un gobierno propio, integrado por nacionales solamente.<\/p>\n<div id=\"FIOnDemandWrapper_fiInstance_101888_4_4724539\" class=\"FIOnDemandWrapper\">\n<div class=\"apd_static_banner \"><\/div>\n<\/div>\n<p>Francisco del Rosario S\u00e1nchez tuvo la gloria de ser el primer dominicano que plant\u00f3 la bandera nacional sobre el Baluarte del Conde, y luego pronunci\u00f3 emotivas palabras exhortando al pueblo a respaldar la revoluci\u00f3n. Naci\u00f3 as\u00ed el Estado dominicano, que su fundador, Duarte, bautiz\u00f3 con el nombre de Rep\u00fablica Dominicana. Al final de la alocuci\u00f3n, se escuch\u00f3 por labios de Bobadilla el lema de los revolucionarios:<\/p>\n<p>&nbsp;<\/p>\n<p>&nbsp;<\/p>\n<p>&nbsp;<\/p>\n<div class=\"impresion\">\n<table class=\"bg_navi\" border=\"0\" width=\"100%\" cellspacing=\"0\" cellpadding=\"0\">\n<tbody>\n<tr>\n<td align=\"left\" valign=\"middle\">\n<table border=\"0\" width=\"197\" cellspacing=\"0\" cellpadding=\"0\">\n<tbody>\n<tr>\n<td align=\"left\" valign=\"middle\" width=\"56\">\n<div id=\"artab_1\" class=\"art_inavi\"><\/div>\n<\/td>\n<td align=\"left\" valign=\"middle\"><\/td>\n<td align=\"left\" valign=\"middle\" width=\"64\"><\/td>\n<\/tr>\n<\/tbody>\n<\/table>\n<\/td>\n<\/tr>\n<\/tbody>\n<\/table>\n<\/div>\n","protected":false},"excerpt":{"rendered":"<p>HACE 174 A\u00d1OS SE PRONUNCI\u00d3 ESTE LEMA EN LA PUERTA DEL CONDE, TRES PALABRAS QUE COBRAN SENTIDO AL REMEMORAR ESA LUCHA QUE COST\u00d3 TANTOS SACRIFICIOS POR PARTE DE UN PUEBLO QUE ANHELABA SER LIBRE AUNQUE EN EL CAMINO SE DESPLOMARAN LOS CIELOS. A continuaci\u00f3n una cr\u00f3nica de Juan Daniel Balc\u00e1cer para recrear ese momento en [&hellip;]<\/p>\n","protected":false},"author":1,"featured_media":65493,"comment_status":"open","ping_status":"open","sticky":false,"template":"","format":"standard","meta":{"footnotes":""},"categories":[62,83,44],"tags":[],"class_list":["post-65491","post","type-post","status-publish","format-standard","has-post-thumbnail","hentry","category-cultura","category-reportajes","category-republica-dominicana"],"_links":{"self":[{"href":"https:\/\/2horizontes.com\/index.php?rest_route=\/wp\/v2\/posts\/65491","targetHints":{"allow":["GET"]}}],"collection":[{"href":"https:\/\/2horizontes.com\/index.php?rest_route=\/wp\/v2\/posts"}],"about":[{"href":"https:\/\/2horizontes.com\/index.php?rest_route=\/wp\/v2\/types\/post"}],"author":[{"embeddable":true,"href":"https:\/\/2horizontes.com\/index.php?rest_route=\/wp\/v2\/users\/1"}],"replies":[{"embeddable":true,"href":"https:\/\/2horizontes.com\/index.php?rest_route=%2Fwp%2Fv2%2Fcomments&post=65491"}],"version-history":[{"count":1,"href":"https:\/\/2horizontes.com\/index.php?rest_route=\/wp\/v2\/posts\/65491\/revisions"}],"predecessor-version":[{"id":65492,"href":"https:\/\/2horizontes.com\/index.php?rest_route=\/wp\/v2\/posts\/65491\/revisions\/65492"}],"wp:featuredmedia":[{"embeddable":true,"href":"https:\/\/2horizontes.com\/index.php?rest_route=\/wp\/v2\/media\/65493"}],"wp:attachment":[{"href":"https:\/\/2horizontes.com\/index.php?rest_route=%2Fwp%2Fv2%2Fmedia&parent=65491"}],"wp:term":[{"taxonomy":"category","embeddable":true,"href":"https:\/\/2horizontes.com\/index.php?rest_route=%2Fwp%2Fv2%2Fcategories&post=65491"},{"taxonomy":"post_tag","embeddable":true,"href":"https:\/\/2horizontes.com\/index.php?rest_route=%2Fwp%2Fv2%2Ftags&post=65491"}],"curies":[{"name":"wp","href":"https:\/\/api.w.org\/{rel}","templated":true}]}}