{"id":65426,"date":"2018-01-15T19:38:25","date_gmt":"2018-01-15T18:38:25","guid":{"rendered":"http:\/\/2horizontes.com\/?p=65426"},"modified":"2018-01-15T19:39:47","modified_gmt":"2018-01-15T18:39:47","slug":"la-embajadora-laura-faxas-se-reune-con-la-comunidad-dominicana-en-suecia","status":"publish","type":"post","link":"https:\/\/2horizontes.com\/?p=65426","title":{"rendered":"La Embajadora Laura Faxas se re\u00fane con la comunidad dominicana en Suecia"},"content":{"rendered":"<p><strong>Estocolmo.- <\/strong>La embajadora de la Rep\u00fablica Dominicana ante el Reino de Suecia Laura Faxas se reuni\u00f3 \u00a0en la sede de la misi\u00f3n diplom\u00e1tica con representantes de la di\u00e1spora dominicana, con el inter\u00e9s de tener un acercamiento y conocer de primera mano cu\u00e1les son sus intereses, necesidades y visi\u00f3n del trabajo de la representaci\u00f3n del pa\u00eds caribe\u00f1o.<\/p>\n<p><a href=\"http:\/\/2horizontes.com\/wp-content\/uploads\/2018\/01\/ReunionEmbajadoracomunidad1.jpg\"><img loading=\"lazy\" decoding=\"async\" class=\"size-medium wp-image-65428 alignleft\" src=\"http:\/\/2horizontes.com\/wp-content\/uploads\/2018\/01\/ReunionEmbajadoracomunidad1-300x225.jpg\" alt=\"\" width=\"300\" height=\"225\" srcset=\"https:\/\/2horizontes.com\/wp-content\/uploads\/2018\/01\/ReunionEmbajadoracomunidad1-300x225.jpg 300w, https:\/\/2horizontes.com\/wp-content\/uploads\/2018\/01\/ReunionEmbajadoracomunidad1-768x576.jpg 768w, https:\/\/2horizontes.com\/wp-content\/uploads\/2018\/01\/ReunionEmbajadoracomunidad1-510x383.jpg 510w, https:\/\/2horizontes.com\/wp-content\/uploads\/2018\/01\/ReunionEmbajadoracomunidad1-100x75.jpg 100w\" sizes=\"auto, (max-width: 300px) 100vw, 300px\" \/><\/a><\/p>\n<p>La embajadora se\u00f1al\u00f3 que \u201csiguiendo las pol\u00edticas del Presidente Danilo Medina de que el rol de las embajadas est\u00e9 vinculado con el fortalecimiento de las relaciones con los dominicanos\u201d, se organiz\u00f3 este encuentro para abordar los problemas puntuales que enfrenta la comunidad dominicana en materia de seguridad social, la homologaci\u00f3n de estudios, el otorgamiento de visas de estudiantes para realizar estudios en Suecia, entre otros.<\/p>\n<p>&nbsp;<\/p>\n<p>Este acercamiento es fruto adem\u00e1s de la preocupaci\u00f3n que siente la misi\u00f3n por el bienestar de la di\u00e1spora y \u00a0es\u00a0 el inicio de una serie de actividades que ser\u00e1n impulsadas con la finalidad de fortalecer la presencia de la Rep\u00fablica Dominicana y lo dominicano en Suecia y los dem\u00e1s pa\u00edses n\u00f3rdicos.<\/p>\n<p>&nbsp;<\/p>\n<p>Faxas destac\u00f3 que una de sus prioridades en esta misi\u00f3n es la di\u00e1spora dominicana y dijo \u201cque nuestros emigrantes son los representantes del pa\u00eds fuera de nuestras fronteras y debemos esforzarnos para que no pierdan sus v\u00ednculos con la Rep\u00fablica Dominicana\u201d.<\/p>\n<p><a href=\"http:\/\/2horizontes.com\/wp-content\/uploads\/2018\/01\/ReunionEmbajadoracomunidad2.jpg\"><img loading=\"lazy\" decoding=\"async\" class=\"size-medium wp-image-65430 alignleft\" src=\"http:\/\/2horizontes.com\/wp-content\/uploads\/2018\/01\/ReunionEmbajadoracomunidad2-225x300.jpg\" alt=\"\" width=\"225\" height=\"300\" srcset=\"https:\/\/2horizontes.com\/wp-content\/uploads\/2018\/01\/ReunionEmbajadoracomunidad2-225x300.jpg 225w, https:\/\/2horizontes.com\/wp-content\/uploads\/2018\/01\/ReunionEmbajadoracomunidad2-768x1024.jpg 768w, https:\/\/2horizontes.com\/wp-content\/uploads\/2018\/01\/ReunionEmbajadoracomunidad2-510x680.jpg 510w\" sizes=\"auto, (max-width: 225px) 100vw, 225px\" \/><\/a><\/p>\n<p>Reconociendo que uno de los principales pilares de la diplomacia es la cultura, la diplom\u00e1tica expres\u00f3 que \u201cnuestra labor al frente de la embajada est\u00e1 encaminada a realizar todos los esfuerzos necesarios para que ustedes mantengan sus v\u00ednculos culturales con la Rep\u00fablica Dominicana y que hagamos de \u00e9sta nuestra principal herramienta en este pa\u00eds de acogida, a la vez que nos comprometemos por velar para que sus derechos sean respetados\u201d.<\/p>\n<p>&nbsp;<\/p>\n<p>&nbsp;<\/p>\n","protected":false},"excerpt":{"rendered":"<p>Estocolmo.- La embajadora de la Rep\u00fablica Dominicana ante el Reino de Suecia Laura Faxas se reuni\u00f3 \u00a0en la sede de la misi\u00f3n diplom\u00e1tica con representantes de la di\u00e1spora dominicana, con el inter\u00e9s de tener un acercamiento y conocer de primera mano cu\u00e1les son sus intereses, necesidades y visi\u00f3n del trabajo de la representaci\u00f3n del pa\u00eds [&hellip;]<\/p>\n","protected":false},"author":4,"featured_media":65427,"comment_status":"open","ping_status":"open","sticky":false,"template":"","format":"standard","meta":{"footnotes":""},"categories":[86,43,44],"tags":[],"class_list":["post-65426","post","type-post","status-publish","format-standard","has-post-thumbnail","hentry","category-europa","category-politica","category-republica-dominicana"],"_links":{"self":[{"href":"https:\/\/2horizontes.com\/index.php?rest_route=\/wp\/v2\/posts\/65426","targetHints":{"allow":["GET"]}}],"collection":[{"href":"https:\/\/2horizontes.com\/index.php?rest_route=\/wp\/v2\/posts"}],"about":[{"href":"https:\/\/2horizontes.com\/index.php?rest_route=\/wp\/v2\/types\/post"}],"author":[{"embeddable":true,"href":"https:\/\/2horizontes.com\/index.php?rest_route=\/wp\/v2\/users\/4"}],"replies":[{"embeddable":true,"href":"https:\/\/2horizontes.com\/index.php?rest_route=%2Fwp%2Fv2%2Fcomments&post=65426"}],"version-history":[{"count":2,"href":"https:\/\/2horizontes.com\/index.php?rest_route=\/wp\/v2\/posts\/65426\/revisions"}],"predecessor-version":[{"id":65431,"href":"https:\/\/2horizontes.com\/index.php?rest_route=\/wp\/v2\/posts\/65426\/revisions\/65431"}],"wp:featuredmedia":[{"embeddable":true,"href":"https:\/\/2horizontes.com\/index.php?rest_route=\/wp\/v2\/media\/65427"}],"wp:attachment":[{"href":"https:\/\/2horizontes.com\/index.php?rest_route=%2Fwp%2Fv2%2Fmedia&parent=65426"}],"wp:term":[{"taxonomy":"category","embeddable":true,"href":"https:\/\/2horizontes.com\/index.php?rest_route=%2Fwp%2Fv2%2Fcategories&post=65426"},{"taxonomy":"post_tag","embeddable":true,"href":"https:\/\/2horizontes.com\/index.php?rest_route=%2Fwp%2Fv2%2Ftags&post=65426"}],"curies":[{"name":"wp","href":"https:\/\/api.w.org\/{rel}","templated":true}]}}