{"id":65365,"date":"2017-11-21T16:19:30","date_gmt":"2017-11-21T15:19:30","guid":{"rendered":"http:\/\/2horizontes.com\/?p=65365"},"modified":"2017-11-21T16:19:30","modified_gmt":"2017-11-21T15:19:30","slug":"madre-de-emely-atribuye-a-estrategia-supuestos-problemas-mentales-de-marlon","status":"publish","type":"post","link":"https:\/\/2horizontes.com\/?p=65365","title":{"rendered":"Madre de Emely atribuye a estrategia supuestos problemas mentales de Marlon"},"content":{"rendered":"<p>La madre de la adolescente Emely Peguero lleg\u00f3 al Palacio de Justicia de San Francisco de Macor\u00eds, confiada en que los jueces del Primer Juzgado de la Instrucci\u00f3n mantendr\u00e1n en prisi\u00f3n a los tres imputados en el asesinato de su hija.<\/p>\n<p>\u201cEspero una buena decisi\u00f3n de los jueces. Yo tengo fe en Dios que va a ser as\u00ed, porque va a ser as\u00ed\u201d expres\u00f3 con voz serena Adalgisa Polanco, en el tribunal donde conocer\u00e1n la revisi\u00f3n de la medida de coerci\u00f3n \u00a0a Marlon Mart\u00ednez, la madre de \u00e9ste, Marl\u00edn Mart\u00ednez y Sim\u00f3n Bol\u00edvar Ure\u00f1a Alm\u00e1nzar (El Boli).<\/p>\n<p>Dijo que el principal acusado del asesinato de Emely podr\u00e1 apelar la decisi\u00f3n del tribunal, porque es su decisi\u00f3n, pero reiter\u00f3 su confianza en la justicia para que los asesinos de su hija de 16 a\u00f1os paguen por ello.<\/p>\n<p>Al preguntarle sobre unas im\u00e1genes que circularon en las redes sociales de Marlon, orinado en la cama y con alegados problemas mentales, la se\u00f1ora Adalgisa respondi\u00f3 que \u201cpara m\u00ed esa son estrategias de \u00e9l, \u00a0nada m\u00e1s\u201d.<\/p>\n<p>La jueza Isolina Contreras, del Primer Juzgado de la Instrucci\u00f3n de este distrito judicial, revisar\u00e1 la medida de coerci\u00f3n obligatoria a los imputados. Este viernes se cumplen tres meses de que se le impusiera prisi\u00f3n preventiva a Marlon Mart\u00ednez, exnovio de Emely y padre de la criatura que llevaba en su vientre.<\/p>\n","protected":false},"excerpt":{"rendered":"<p>La madre de la adolescente Emely Peguero lleg\u00f3 al Palacio de Justicia de San Francisco de Macor\u00eds, confiada en que los jueces del Primer Juzgado de la Instrucci\u00f3n mantendr\u00e1n en prisi\u00f3n a los tres imputados en el asesinato de su hija. \u201cEspero una buena decisi\u00f3n de los jueces. Yo tengo fe en Dios que va [&hellip;]<\/p>\n","protected":false},"author":1,"featured_media":65366,"comment_status":"open","ping_status":"open","sticky":false,"template":"","format":"standard","meta":{"footnotes":""},"categories":[44],"tags":[],"class_list":["post-65365","post","type-post","status-publish","format-standard","has-post-thumbnail","hentry","category-republica-dominicana"],"_links":{"self":[{"href":"https:\/\/2horizontes.com\/index.php?rest_route=\/wp\/v2\/posts\/65365","targetHints":{"allow":["GET"]}}],"collection":[{"href":"https:\/\/2horizontes.com\/index.php?rest_route=\/wp\/v2\/posts"}],"about":[{"href":"https:\/\/2horizontes.com\/index.php?rest_route=\/wp\/v2\/types\/post"}],"author":[{"embeddable":true,"href":"https:\/\/2horizontes.com\/index.php?rest_route=\/wp\/v2\/users\/1"}],"replies":[{"embeddable":true,"href":"https:\/\/2horizontes.com\/index.php?rest_route=%2Fwp%2Fv2%2Fcomments&post=65365"}],"version-history":[{"count":1,"href":"https:\/\/2horizontes.com\/index.php?rest_route=\/wp\/v2\/posts\/65365\/revisions"}],"predecessor-version":[{"id":65367,"href":"https:\/\/2horizontes.com\/index.php?rest_route=\/wp\/v2\/posts\/65365\/revisions\/65367"}],"wp:featuredmedia":[{"embeddable":true,"href":"https:\/\/2horizontes.com\/index.php?rest_route=\/wp\/v2\/media\/65366"}],"wp:attachment":[{"href":"https:\/\/2horizontes.com\/index.php?rest_route=%2Fwp%2Fv2%2Fmedia&parent=65365"}],"wp:term":[{"taxonomy":"category","embeddable":true,"href":"https:\/\/2horizontes.com\/index.php?rest_route=%2Fwp%2Fv2%2Fcategories&post=65365"},{"taxonomy":"post_tag","embeddable":true,"href":"https:\/\/2horizontes.com\/index.php?rest_route=%2Fwp%2Fv2%2Ftags&post=65365"}],"curies":[{"name":"wp","href":"https:\/\/api.w.org\/{rel}","templated":true}]}}