{"id":65307,"date":"2017-10-26T14:49:26","date_gmt":"2017-10-26T13:49:26","guid":{"rendered":"http:\/\/2horizontes.com\/?p=65307"},"modified":"2017-10-26T14:49:26","modified_gmt":"2017-10-26T13:49:26","slug":"la-capital-prorroga-la-prohibicion-de-aparcar-en-el-ser-hasta-el-viernes","status":"publish","type":"post","link":"https:\/\/2horizontes.com\/?p=65307","title":{"rendered":"La capital prorroga la prohibici\u00f3n de aparcar en el SER hasta el viernes"},"content":{"rendered":"<div id=\"articulo-titulares\" class=\"articulo-titulares\">\n<div class=\"articulo-subtitulos\">\n<h2 class=\"articulo-subtitulo\">Los niveles de contaminaci\u00f3n se mantienen a consecuencia del buen tiempo<\/h2>\n<\/div>\n<p>El Ayuntamiento de Madrid ha decidido mantener hasta ma\u00f1ana viernes las restricciones de aparcamiento en la zona del Servicio de Estacionamiento Regulado (SER), de forma que\u00a0los no residentes no podr\u00e1n estacionar por tercer d\u00eda consecutivo.\u00a0De nuevo, se ha superado\u00a0el nivel de preaviso por di\u00f3xido de nitr\u00f3geno (NO<sub>2<\/sub>)\u00a0la noche del martes y del mi\u00e9rcoles en varias estaciones de la zona 1 de la Red de Vigilancia de la Calidad del Aire.<\/p>\n<p>La velocidad de circulaci\u00f3n en el interior de la M-30 y en las v\u00edas de acceso a la ciudad desde la M-40,\u00a0en ambos sentidos, contin\u00faa limitada a 70 kil\u00f3metros por hora.<\/p>\n<div id=\"inread1\" data-inread-tag=\"https:\/\/pubads.g.doubleclick.net\/gampad\/ads?sz=640x480|640x380&amp;iu=\/7811748\/elpais_web\/player_intext\/html5&amp;impl=s&amp;cust_params=pbskey%3Dcontaminacion_a%2ctrafico_a%2cproblemas_ambientales_a%2cdesarrollo_sostenible_a%2cespana_a%2ctransporte_a%2curbanismo_a%2cmedio_ambiente_a%2cparquimetros_a%2crestricciones_circulacion_a%2ccontaminacion_atmosferica_a%2caparcamientos_a%2cmovilidad_urbana_a%2cincidencias_transporte_a%2cmadrid_a%2cpoliticas_movilidad_a%2ccomunidad_madrid_a%2c1508922715_376263%2carticuloportada%2cpbs0&amp;gdfp_req=1&amp;env=vp&amp;output=vast&amp;unviewed_position_start=1&amp;url=[referrer_url]&amp;description_url=[description_url]&amp;correlator=982663\" data-inread-width=\"640\" data-inread-height=\"360\" data-inread-transition-time=\"1\" data-inread-preload=\"false\" data-inread-debug=\"false\"><\/div>\n<p>La delegada de Medio Ambiente y Movilidad, In\u00e9s Saban\u00e9s, firm\u00f3 el decreto que permite poner en marcha las medidas de restricciones de aparcamiento y circulaci\u00f3n en la almendra central, en aplicaci\u00f3n del Protocolo de medidas por alta contaminaci\u00f3n de di\u00f3xido de nitr\u00f3geno.<\/p>\n<div class=\"teads-inread\"><\/div>\n<p>Durante todo el d\u00eda de ma\u00f1ana al igual que ocurre desde el mi\u00e9rcoles, las aplicaciones de los tel\u00e9fonos m\u00f3viles y los parqu\u00edmetros informar\u00e1n en sus pantallas de la prohibici\u00f3n de aparcar en la zona SER y no se expender\u00e1n tiques.<\/p>\n<p>Antes de las 12 horas de ma\u00f1ana viernes, se informar\u00e1 a la ciudadan\u00eda de las medidas a adoptar y que deber\u00e1n aplicarse durante el fin de semana, en el caso de que la previsi\u00f3n meteorol\u00f3gica desfavorable se mantenga y los niveles de contaminaci\u00f3n contin\u00faen altos.<\/p>\n<p>El Ayuntamiento recomienda la utilizaci\u00f3n del transporte p\u00fablico y, para aquellas personas que necesiten desplazarse en veh\u00edculo privado, el uso compartido de dichos veh\u00edculos.<\/p>\n<\/div>\n<aside id=\"compartir_superior\" class=\"compartir\">\n<div class=\"compartir__interior\">\n<div class=\"compartir-varios\"><\/div>\n<\/div>\n<\/aside>\n","protected":false},"excerpt":{"rendered":"<p>Los niveles de contaminaci\u00f3n se mantienen a consecuencia del buen tiempo El Ayuntamiento de Madrid ha decidido mantener hasta ma\u00f1ana viernes las restricciones de aparcamiento en la zona del Servicio de Estacionamiento Regulado (SER), de forma que\u00a0los no residentes no podr\u00e1n estacionar por tercer d\u00eda consecutivo.\u00a0De nuevo, se ha superado\u00a0el nivel de preaviso por di\u00f3xido [&hellip;]<\/p>\n","protected":false},"author":4,"featured_media":65308,"comment_status":"open","ping_status":"open","sticky":false,"template":"","format":"standard","meta":{"footnotes":""},"categories":[85],"tags":[],"class_list":["post-65307","post","type-post","status-publish","format-standard","has-post-thumbnail","hentry","category-espana"],"_links":{"self":[{"href":"https:\/\/2horizontes.com\/index.php?rest_route=\/wp\/v2\/posts\/65307","targetHints":{"allow":["GET"]}}],"collection":[{"href":"https:\/\/2horizontes.com\/index.php?rest_route=\/wp\/v2\/posts"}],"about":[{"href":"https:\/\/2horizontes.com\/index.php?rest_route=\/wp\/v2\/types\/post"}],"author":[{"embeddable":true,"href":"https:\/\/2horizontes.com\/index.php?rest_route=\/wp\/v2\/users\/4"}],"replies":[{"embeddable":true,"href":"https:\/\/2horizontes.com\/index.php?rest_route=%2Fwp%2Fv2%2Fcomments&post=65307"}],"version-history":[{"count":1,"href":"https:\/\/2horizontes.com\/index.php?rest_route=\/wp\/v2\/posts\/65307\/revisions"}],"predecessor-version":[{"id":65309,"href":"https:\/\/2horizontes.com\/index.php?rest_route=\/wp\/v2\/posts\/65307\/revisions\/65309"}],"wp:featuredmedia":[{"embeddable":true,"href":"https:\/\/2horizontes.com\/index.php?rest_route=\/wp\/v2\/media\/65308"}],"wp:attachment":[{"href":"https:\/\/2horizontes.com\/index.php?rest_route=%2Fwp%2Fv2%2Fmedia&parent=65307"}],"wp:term":[{"taxonomy":"category","embeddable":true,"href":"https:\/\/2horizontes.com\/index.php?rest_route=%2Fwp%2Fv2%2Fcategories&post=65307"},{"taxonomy":"post_tag","embeddable":true,"href":"https:\/\/2horizontes.com\/index.php?rest_route=%2Fwp%2Fv2%2Ftags&post=65307"}],"curies":[{"name":"wp","href":"https:\/\/api.w.org\/{rel}","templated":true}]}}