{"id":65292,"date":"2017-10-26T14:34:57","date_gmt":"2017-10-26T13:34:57","guid":{"rendered":"http:\/\/2horizontes.com\/?p=65292"},"modified":"2017-10-26T14:34:57","modified_gmt":"2017-10-26T13:34:57","slug":"buscan-anular-por-via-judicial-suspension-del-periodista-arvelo","status":"publish","type":"post","link":"https:\/\/2horizontes.com\/?p=65292","title":{"rendered":"Buscan anular por v\u00eda judicial suspensi\u00f3n del periodista Arvelo"},"content":{"rendered":"<p>SANTO DOMINGO, Rep\u00fablica Dominicana.-\u00a0 El periodista Alvaro Arvelo Hijo est\u00e1 intentando,\u00a0 por v\u00eda judicial, que le sea levantada la suspensi\u00f3n de 20 d\u00edas de hablar por radio y televisi\u00f3n, la cual le fue impuesta por la Comisi\u00f3n Nacional de Espect\u00e1culos P\u00fablicos y Radiofon\u00eda (CNEPR), tras considerar que \u00e9l ofendi\u00f3 la figura de Juan Pablo Duarte, en el programa radial \u201cEl Gobierno de la Ma\u00f1ana\u201d.<\/p>\n<p>En este sentido hubo una solicitud del referido comunicador,\u00a0 quien considera que dicha suspensi\u00f3n viola de la Constituci\u00f3n y varias leyes.\u00a0 El conocimiento de la misma fue aplazado para el pr\u00f3ximo mi\u00e9rcoles a solicitud de la\u00a0CNEPR, \u00a0la cual desea\u00a0estudiar los documentos del expediente que han sido depositados.<\/p>\n<p>\u201cLa\u00a0 jueza Vanessa Acosta procedi\u00f3 a aplazar la audiencia de medida cautelar para el mi\u00e9rcoles 1 de noviembre, a las 9:00 de la ma\u00f1ana\u201d, agregaron fuentes de dicho tribunal.<\/p>\n<p>\u201cEs importante resaltar que la resoluci\u00f3n No. 002-2017, de fecha 10 de octubre, dictada por esta entidad estatal a\u00fan sigue vigente\u201d, aclar\u00f3 de su lado JM Hidalgo, presidente de la Comisi\u00f3n,\u00a0 al desmentir la versi\u00f3n de que hab\u00eda quedado sin efecto la suspensi\u00f3n de hablar por radio y televisi\u00f3n dictada contra Arvelo Hijo.<\/p>\n<p>Mientras que Candido Sim\u00f3, abogado de la la emisora Z-101, donde labora \u00c1lvaro Arvelo, sostuvo que el comunicador est\u00e1 en libre derecho de presentarse en el programa \u201cEl Gobierno de la Ma\u00f1ana\u201d y en todos los medios de comunicaci\u00f3n locales, debido a que esa resoluci\u00f3n es contradictoria a la Constituci\u00f3n.<\/p>\n<p>La sentencia emitida por la Comisi\u00f3n Nacional de Espect\u00e1culos P\u00fablicos y Radiofon\u00eda suspendi\u00f3 por 20 d\u00edas al locutor, co<\/p>\n","protected":false},"excerpt":{"rendered":"<p>SANTO DOMINGO, Rep\u00fablica Dominicana.-\u00a0 El periodista Alvaro Arvelo Hijo est\u00e1 intentando,\u00a0 por v\u00eda judicial, que le sea levantada la suspensi\u00f3n de 20 d\u00edas de hablar por radio y televisi\u00f3n, la cual le fue impuesta por la Comisi\u00f3n Nacional de Espect\u00e1culos P\u00fablicos y Radiofon\u00eda (CNEPR), tras considerar que \u00e9l ofendi\u00f3 la figura de Juan Pablo Duarte, [&hellip;]<\/p>\n","protected":false},"author":4,"featured_media":65293,"comment_status":"open","ping_status":"open","sticky":false,"template":"","format":"standard","meta":{"footnotes":""},"categories":[44],"tags":[],"class_list":["post-65292","post","type-post","status-publish","format-standard","has-post-thumbnail","hentry","category-republica-dominicana"],"_links":{"self":[{"href":"https:\/\/2horizontes.com\/index.php?rest_route=\/wp\/v2\/posts\/65292","targetHints":{"allow":["GET"]}}],"collection":[{"href":"https:\/\/2horizontes.com\/index.php?rest_route=\/wp\/v2\/posts"}],"about":[{"href":"https:\/\/2horizontes.com\/index.php?rest_route=\/wp\/v2\/types\/post"}],"author":[{"embeddable":true,"href":"https:\/\/2horizontes.com\/index.php?rest_route=\/wp\/v2\/users\/4"}],"replies":[{"embeddable":true,"href":"https:\/\/2horizontes.com\/index.php?rest_route=%2Fwp%2Fv2%2Fcomments&post=65292"}],"version-history":[{"count":1,"href":"https:\/\/2horizontes.com\/index.php?rest_route=\/wp\/v2\/posts\/65292\/revisions"}],"predecessor-version":[{"id":65294,"href":"https:\/\/2horizontes.com\/index.php?rest_route=\/wp\/v2\/posts\/65292\/revisions\/65294"}],"wp:featuredmedia":[{"embeddable":true,"href":"https:\/\/2horizontes.com\/index.php?rest_route=\/wp\/v2\/media\/65293"}],"wp:attachment":[{"href":"https:\/\/2horizontes.com\/index.php?rest_route=%2Fwp%2Fv2%2Fmedia&parent=65292"}],"wp:term":[{"taxonomy":"category","embeddable":true,"href":"https:\/\/2horizontes.com\/index.php?rest_route=%2Fwp%2Fv2%2Fcategories&post=65292"},{"taxonomy":"post_tag","embeddable":true,"href":"https:\/\/2horizontes.com\/index.php?rest_route=%2Fwp%2Fv2%2Ftags&post=65292"}],"curies":[{"name":"wp","href":"https:\/\/api.w.org\/{rel}","templated":true}]}}