{"id":65282,"date":"2017-10-25T15:11:04","date_gmt":"2017-10-25T14:11:04","guid":{"rendered":"http:\/\/2horizontes.com\/?p=65282"},"modified":"2017-10-25T15:11:57","modified_gmt":"2017-10-25T14:11:57","slug":"identifican-cocinero-dominicano-asesino-a-companero-de-trabajo-durante-discusion-en-el-bronx-nueva-york","status":"publish","type":"post","link":"https:\/\/2horizontes.com\/?p=65282","title":{"rendered":"IDENTIFICAN COCINERO DOMINICANO ASESIN\u00d3 A COMPA\u00d1ERO DE TRABAJO DURANTE DISCUSI\u00d3N EN EL BRONX, NUEVA YORK"},"content":{"rendered":"<div>NUEVA YORK._ Fue identificado por las autoridades como Rafael Pe\u00f1a, el cocinero dominicano asesinado el martes en la tarde por su compa\u00f1ero de trabajo, el lavaplatos (tambi\u00e9n dominicano), Francisco Nicasio Ram\u00edrez alias \u201cSonrisa\u201d, cuando ambos se enfrascaron en una discusi\u00f3n en la cocina del establecimiento situado en la avenida McLean de Yonkers, un suburbio pr\u00f3ximo a el Bronx.<\/div>\n<div>La Polic\u00eda dijo que Pe\u00f1a fue detenido en la escena y acusado por asesinato en primer grado y posesi\u00f3n ilegal de un arma con prop\u00f3sitos criminales.<\/div>\n<div><\/div>\n<div>El motivo de la discusi\u00f3n entre los empleados dominicanos del restaurante \u201cD\u00eda y Noche\u201d, no ha sido esclarecido por la polic\u00eda, pero el manager, Wilo Polanco, dijo que pudo haberse relacionado por contradicciones del mismo trabajo.<\/div>\n<div>Ram\u00edrez fue detenido sin resistencia y dejado preso sin derecho a fianza en la c\u00e1rcel del condado Westchester.<\/div>\n<div>Pe\u00f1a, de \u00a0de 54 a\u00f1os, fue asesinado poco antes de las 5:00 de la tarde del martes con un cuchillo de cocina cuando el matador lo apu\u00f1al\u00f3 en el estomago, dijo el sargento Dean Politopoulos.<\/div>\n<div><\/div>\n<div>Muri\u00f3 en el hospital Saint Joseph de Yonkers, donde fue ingresado en estado cr\u00edtico.Despu\u00e9s de apu\u00f1alarlo, Ram\u00edrez permaneci\u00f3 dentro del restaurante, esperando que llegara la polic\u00eda.<\/div>\n<div>El cuchillo usado en el crimen fue recuperado.\u201cEl Departamento de Polic\u00eda de Yonkers ofrece sus m\u00e1s sinceras condolencias a la familia de Rafael Pena\u201d, dijo el sargento Politopoulos.<\/div>\n","protected":false},"excerpt":{"rendered":"<p>NUEVA YORK._ Fue identificado por las autoridades como Rafael Pe\u00f1a, el cocinero dominicano asesinado el martes en la tarde por su compa\u00f1ero de trabajo, el lavaplatos (tambi\u00e9n dominicano), Francisco Nicasio Ram\u00edrez alias \u201cSonrisa\u201d, cuando ambos se enfrascaron en una discusi\u00f3n en la cocina del establecimiento situado en la avenida McLean de Yonkers, un suburbio pr\u00f3ximo [&hellip;]<\/p>\n","protected":false},"author":4,"featured_media":65283,"comment_status":"open","ping_status":"open","sticky":false,"template":"","format":"standard","meta":{"footnotes":""},"categories":[40],"tags":[],"class_list":["post-65282","post","type-post","status-publish","format-standard","has-post-thumbnail","hentry","category-internacionales"],"_links":{"self":[{"href":"https:\/\/2horizontes.com\/index.php?rest_route=\/wp\/v2\/posts\/65282","targetHints":{"allow":["GET"]}}],"collection":[{"href":"https:\/\/2horizontes.com\/index.php?rest_route=\/wp\/v2\/posts"}],"about":[{"href":"https:\/\/2horizontes.com\/index.php?rest_route=\/wp\/v2\/types\/post"}],"author":[{"embeddable":true,"href":"https:\/\/2horizontes.com\/index.php?rest_route=\/wp\/v2\/users\/4"}],"replies":[{"embeddable":true,"href":"https:\/\/2horizontes.com\/index.php?rest_route=%2Fwp%2Fv2%2Fcomments&post=65282"}],"version-history":[{"count":2,"href":"https:\/\/2horizontes.com\/index.php?rest_route=\/wp\/v2\/posts\/65282\/revisions"}],"predecessor-version":[{"id":65285,"href":"https:\/\/2horizontes.com\/index.php?rest_route=\/wp\/v2\/posts\/65282\/revisions\/65285"}],"wp:featuredmedia":[{"embeddable":true,"href":"https:\/\/2horizontes.com\/index.php?rest_route=\/wp\/v2\/media\/65283"}],"wp:attachment":[{"href":"https:\/\/2horizontes.com\/index.php?rest_route=%2Fwp%2Fv2%2Fmedia&parent=65282"}],"wp:term":[{"taxonomy":"category","embeddable":true,"href":"https:\/\/2horizontes.com\/index.php?rest_route=%2Fwp%2Fv2%2Fcategories&post=65282"},{"taxonomy":"post_tag","embeddable":true,"href":"https:\/\/2horizontes.com\/index.php?rest_route=%2Fwp%2Fv2%2Ftags&post=65282"}],"curies":[{"name":"wp","href":"https:\/\/api.w.org\/{rel}","templated":true}]}}