{"id":65279,"date":"2017-10-17T20:36:10","date_gmt":"2017-10-17T19:36:10","guid":{"rendered":"http:\/\/2horizontes.com\/?p=65279"},"modified":"2017-10-17T20:36:10","modified_gmt":"2017-10-17T19:36:10","slug":"shakira-y-pique-ponen-fin-a-rumores-de-separacion-mira-la-prueba","status":"publish","type":"post","link":"https:\/\/2horizontes.com\/?p=65279","title":{"rendered":"Shakira y Piqu\u00e9 ponen fin a rumores de separaci\u00f3n; mira la prueba"},"content":{"rendered":"<p id=\"yui_3_18_0_3_1508263330924_2678\">Durante las \u00faltimas semanas Shakira y Piqu\u00e9 llenaron los titulares de varios medios de entretenimiento en el mundo por la presunta crisis que estaban atravesando en su relaci\u00f3n, y hasta se afirm\u00f3 que estaban separados, pero ellos acaban de poner fin al tema mostr\u00e1ndose nuevamente juntos.<\/p>\n<p>El futbolista de la Barcelona comparti\u00f3 en su cuenta de Instagran una foto en la que aparece con la madre de sus hijos ataviados con m\u00e1scaras, que de inmediato alegr\u00f3 a sus millones de fans.<\/p>\n<p>\u201cComprando nuestras m\u00e1scaras con Shakira\u201d, coment\u00f3 Piqu\u00e9 en la red social, donde se aprecia con una m\u00e1scara que le cubre el rostro por completo y donde se ve a la cantante con un antifaz.<\/p>\n<p>Aunque incluso hace unos d\u00edas Piqu\u00e9 public\u00f3 un video donde se le ve\u00eda col\u00e1ndose en uno de los ensayos de la colombiana, y los paparazzi los hab\u00edan captado juntos en otro lugar a la salida de un evento en actitud muy cari\u00f1osa, es la primera vez que vuelven a poner fotos juntos en redes sociales desde julio pasado, lo que hab\u00eda dado lugar a los rumores.<\/p>\n<p id=\"yui_3_18_0_3_1508263330924_2800\">Aunque fuentes cercanas a la pareja hab\u00edan dicho repetidas veces que todo entre ellos estaba marchando bien, haber, la falta de pruebas hab\u00eda encendido la mecha de la duda.<\/p>\n<p>Mira a Shakira y Piqu\u00e9 prepar\u00e1ndose para Halloween y dinos que te parece que ya confirmen con esto que siguen juntos y felices.<\/p>\n","protected":false},"excerpt":{"rendered":"<p>Durante las \u00faltimas semanas Shakira y Piqu\u00e9 llenaron los titulares de varios medios de entretenimiento en el mundo por la presunta crisis que estaban atravesando en su relaci\u00f3n, y hasta se afirm\u00f3 que estaban separados, pero ellos acaban de poner fin al tema mostr\u00e1ndose nuevamente juntos. El futbolista de la Barcelona comparti\u00f3 en su cuenta [&hellip;]<\/p>\n","protected":false},"author":4,"featured_media":65280,"comment_status":"open","ping_status":"open","sticky":false,"template":"","format":"standard","meta":{"footnotes":""},"categories":[1],"tags":[],"class_list":["post-65279","post","type-post","status-publish","format-standard","has-post-thumbnail","hentry","category-entretenimiento"],"_links":{"self":[{"href":"https:\/\/2horizontes.com\/index.php?rest_route=\/wp\/v2\/posts\/65279","targetHints":{"allow":["GET"]}}],"collection":[{"href":"https:\/\/2horizontes.com\/index.php?rest_route=\/wp\/v2\/posts"}],"about":[{"href":"https:\/\/2horizontes.com\/index.php?rest_route=\/wp\/v2\/types\/post"}],"author":[{"embeddable":true,"href":"https:\/\/2horizontes.com\/index.php?rest_route=\/wp\/v2\/users\/4"}],"replies":[{"embeddable":true,"href":"https:\/\/2horizontes.com\/index.php?rest_route=%2Fwp%2Fv2%2Fcomments&post=65279"}],"version-history":[{"count":1,"href":"https:\/\/2horizontes.com\/index.php?rest_route=\/wp\/v2\/posts\/65279\/revisions"}],"predecessor-version":[{"id":65281,"href":"https:\/\/2horizontes.com\/index.php?rest_route=\/wp\/v2\/posts\/65279\/revisions\/65281"}],"wp:featuredmedia":[{"embeddable":true,"href":"https:\/\/2horizontes.com\/index.php?rest_route=\/wp\/v2\/media\/65280"}],"wp:attachment":[{"href":"https:\/\/2horizontes.com\/index.php?rest_route=%2Fwp%2Fv2%2Fmedia&parent=65279"}],"wp:term":[{"taxonomy":"category","embeddable":true,"href":"https:\/\/2horizontes.com\/index.php?rest_route=%2Fwp%2Fv2%2Fcategories&post=65279"},{"taxonomy":"post_tag","embeddable":true,"href":"https:\/\/2horizontes.com\/index.php?rest_route=%2Fwp%2Fv2%2Ftags&post=65279"}],"curies":[{"name":"wp","href":"https:\/\/api.w.org\/{rel}","templated":true}]}}