{"id":65189,"date":"2017-09-28T12:22:44","date_gmt":"2017-09-28T11:22:44","guid":{"rendered":"http:\/\/2horizontes.com\/?p=65189"},"modified":"2017-09-28T12:22:44","modified_gmt":"2017-09-28T11:22:44","slug":"matan-dominicana-de-un-disparo-en-la-cabeza-en-el-distrito-madrileno-de-puente-de-vallecas","status":"publish","type":"post","link":"https:\/\/2horizontes.com\/?p=65189","title":{"rendered":"Matan dominicana de un disparo en la cabeza en  el distrito madrile\u00f1o de Puente de Vallecas"},"content":{"rendered":"<p>Una mujer de 30 a\u00f1os y origen dominicano falleci\u00f3 el mi\u00e9rcoles por la noche tras recibir un disparo en la cabeza cuando caminaba por la calle Mar\u00eda Encinas, en el distrito madrile\u00f1o de Puente de Vallecas, seg\u00fan inform\u00f3 un portavoz de Emergencias Madrid. Im\u00e1genes 1 Foto Los hechos ocurrieron alrededor de las 23.30 horas, cuando, al parecer, y seg\u00fan el testimonio de testigos presenciales, dos individuos se acercaron a la v\u00edctima y uno de ellos le dispar\u00f3 en la cabeza; los atacantes salieron huyendo de inmediato.<\/p>\n<p>Por el momento no se han producido detenciones. Una portavoz de la Jefatura Superior de Polic\u00eda de Madrid ha explicado que no se descarta ninguna hip\u00f3tesis, desde un caso de violencia de g\u00e9nero a un posible ajuste de cuentas. Se encarga de las labores de investigaci\u00f3n los agentes del Grupo VI de Homicidios.<\/p>\n<p>Al lugar acudi\u00f3 la Polic\u00eda Nacional que practic\u00f3 maniobras de reanimaci\u00f3n a la v\u00edctima hasta la llegada del Samur-Protecci\u00f3n Civil, cuyos efectivos siguieron tratando de recuperar a la mujer que finalmente falleci\u00f3, por lo que s\u00f3lo pudieron certificar su muerte. El cuerpo de la v\u00edctima ya se encuentra en el Instituto Anat\u00f3mico Forense.<\/p>\n","protected":false},"excerpt":{"rendered":"<p>Una mujer de 30 a\u00f1os y origen dominicano falleci\u00f3 el mi\u00e9rcoles por la noche tras recibir un disparo en la cabeza cuando caminaba por la calle Mar\u00eda Encinas, en el distrito madrile\u00f1o de Puente de Vallecas, seg\u00fan inform\u00f3 un portavoz de Emergencias Madrid. Im\u00e1genes 1 Foto Los hechos ocurrieron alrededor de las 23.30 horas, cuando, [&hellip;]<\/p>\n","protected":false},"author":4,"featured_media":65190,"comment_status":"open","ping_status":"open","sticky":false,"template":"","format":"standard","meta":{"footnotes":""},"categories":[46],"tags":[],"class_list":["post-65189","post","type-post","status-publish","format-standard","has-post-thumbnail","hentry","category-dominicanos-en-madrid"],"_links":{"self":[{"href":"https:\/\/2horizontes.com\/index.php?rest_route=\/wp\/v2\/posts\/65189","targetHints":{"allow":["GET"]}}],"collection":[{"href":"https:\/\/2horizontes.com\/index.php?rest_route=\/wp\/v2\/posts"}],"about":[{"href":"https:\/\/2horizontes.com\/index.php?rest_route=\/wp\/v2\/types\/post"}],"author":[{"embeddable":true,"href":"https:\/\/2horizontes.com\/index.php?rest_route=\/wp\/v2\/users\/4"}],"replies":[{"embeddable":true,"href":"https:\/\/2horizontes.com\/index.php?rest_route=%2Fwp%2Fv2%2Fcomments&post=65189"}],"version-history":[{"count":1,"href":"https:\/\/2horizontes.com\/index.php?rest_route=\/wp\/v2\/posts\/65189\/revisions"}],"predecessor-version":[{"id":65191,"href":"https:\/\/2horizontes.com\/index.php?rest_route=\/wp\/v2\/posts\/65189\/revisions\/65191"}],"wp:featuredmedia":[{"embeddable":true,"href":"https:\/\/2horizontes.com\/index.php?rest_route=\/wp\/v2\/media\/65190"}],"wp:attachment":[{"href":"https:\/\/2horizontes.com\/index.php?rest_route=%2Fwp%2Fv2%2Fmedia&parent=65189"}],"wp:term":[{"taxonomy":"category","embeddable":true,"href":"https:\/\/2horizontes.com\/index.php?rest_route=%2Fwp%2Fv2%2Fcategories&post=65189"},{"taxonomy":"post_tag","embeddable":true,"href":"https:\/\/2horizontes.com\/index.php?rest_route=%2Fwp%2Fv2%2Ftags&post=65189"}],"curies":[{"name":"wp","href":"https:\/\/api.w.org\/{rel}","templated":true}]}}