{"id":65186,"date":"2017-09-27T17:22:21","date_gmt":"2017-09-27T16:22:21","guid":{"rendered":"http:\/\/2horizontes.com\/?p=65186"},"modified":"2017-09-27T17:22:21","modified_gmt":"2017-09-27T16:22:21","slug":"los-espanoles-no-catalanes-que-si-quieren-un-referendum-de-independencia-en-cataluna","status":"publish","type":"post","link":"https:\/\/2horizontes.com\/?p=65186","title":{"rendered":"Los espa\u00f1oles (no catalanes) que s\u00ed quieren un refer\u00e9ndum de independencia en Catalu\u00f1a"},"content":{"rendered":"<p class=\"story-body__introduction\">El gobierno regional de Catalu\u00f1a se apresta a celebrar el pr\u00f3ximo 1 de octubre el refer\u00e9ndum de independencia prohibido por la justicia espa\u00f1ola.<\/p>\n<p>El Tribunal Constitucional declar\u00f3 ilegal la votaci\u00f3n y el presidente del gobierno espa\u00f1ol, Mariano Rajoy, ha asegurado en repetidas ocasiones que, con base en la Constituci\u00f3n espa\u00f1ola los catalanes no tienen derecho a votar sobre la independencia porque\u00a0<strong>\u00abla soberan\u00eda nacional corresponde al conjunto de los espa\u00f1oles\u00bb<\/strong>.<\/p>\n<p>Seg\u00fan las tesis del ejecutivo y de la corte constitucional, los habitantes de una parte del territorio no pueden decidir unilateralmente la secesi\u00f3n. Una decisi\u00f3n as\u00ed deber\u00eda ser tomada por todos los ciudadanos del pa\u00eds.<\/p>\n<ul class=\"story-body__unordered-list\">\n<li class=\"story-body__list-item\">5 claves para entender la tensi\u00f3n que se vive en Catalu\u00f1a por el referendo de independencia del 1\u00ba de octubre<\/li>\n<\/ul>\n<p>Sin embargo, hay voces de espa\u00f1oles fuera de Catalu\u00f1a que defienden que los catalanes decidan en las urnas su futuro y se muestran a favor del llamado \u00abderecho a decidir\u00bb que invocan los partidarios del plebiscito.<\/p>\n<p>Despu\u00e9s de que el pasado d\u00eda 20 de septiembre un juez ordenara detener a miembros a miembros de la administraci\u00f3n catalana implicados en los preparativos del referendo, adem\u00e1s de en el territorio de Catalu\u00f1a, tambi\u00e9n se produjeron manifestaciones en ciudades como Madrid y Valencia.<\/p>\n<p>La concentraci\u00f3n de Madrid tuvo lugar en la emblem\u00e1tica Puerta del Sol, la plaza en la que se produjeron las masivas movilizaciones del movimiento 15-M, que en 2011 surgi\u00f3 para exigir el fin de la corrupci\u00f3n y la regeneraci\u00f3n del sistema pol\u00edtico en Espa\u00f1a.<\/p>\n<p>&nbsp;<\/p>\n<p>De aquel movimiento naci\u00f3 el partido izquierdista Podemos, que se muestra partidario del derecho a decidir de los catalanes y censura lo que califica como \u00abinmovilismo\u00bb del gobierno espa\u00f1ol.<\/p>\n<p><strong>Podemos defiende que Catalu\u00f1a siga formando parte de Espa\u00f1a, pero sostiene que esa es una decisi\u00f3n que los catalanes deben tomar libremente\u00a0<\/strong>mediante un referendo.<\/p>\n<p>En conversaci\u00f3n con la BBC, Gloria Elizo, diputada de este partido en el Congreso espa\u00f1ol, afirma que \u00abcada vez m\u00e1s espa\u00f1oles asumen que hay una crisis territorial y cualquier dem\u00f3crata entiende que la \u00fanica soluci\u00f3n a este conflicto es una votaci\u00f3n con garant\u00edas\u00bb.<\/p>\n<p>Podemos, no obstante, est\u00e1 en contra de la votaci\u00f3n del 1\u00ba de octubre porque dice que no re\u00fane esas garant\u00edas necesarias ni ha sido pactado con el estado.<\/p>\n<p>\u00abNi el Gobierno ni el independentismo est\u00e1 en condiciones de resolver el problema; estamos ante un conflicto bloqueado\u00bb, se\u00f1ala Elizo.<\/p>\n<p>&nbsp;<\/p>\n<p>Al margen de la pol\u00edtica institucional, tambi\u00e9n han surgido plataformas que apoyan el reclamo de los partidarios de la autodeterminaci\u00f3n de Catalu\u00f1a. Es el caso del colectivo de Madrile\u00f1os por el Derecho a Decidir.<\/p>\n<p>\u00abEl gobierno espa\u00f1ol tiene la obligaci\u00f3n de respetar este leg\u00edtimo derecho y favorecer que la consulta se realice con plenas garant\u00edas democr\u00e1ticas\u00bb, proclama el manifiesto de este colectivo, que estos d\u00edas lleva a cabo diversas iniciativas en la capital de Espa\u00f1a en apoyo del referendo prohibido.<\/p>\n<ul class=\"story-body__unordered-list\">\n<li class=\"story-body__list-item\">\u00bfAcabar\u00e1 Catalu\u00f1a celebrando su referendo de independencia de Espa\u00f1a?<\/li>\n<\/ul>\n<p>Tambi\u00e9n est\u00e1n quienes, a pesar de apoyar que los catalanes voten sobre la independencia, censuran la actuaci\u00f3n de la Generalitat, el Gobierno aut\u00f3nomo de Catalu\u00f1a.<\/p>\n<p>El cineasta Fernando Colomo es uno de ellos. \u00abEstoy a favor de un referendo, pero uno con garant\u00edas, que sea debidamente preparado y con informaci\u00f3n para los ciudadanos\u00bb, le dijo al diario brit\u00e1nico\u00a0<i>The Guardian.<\/i><\/p>\n<p>Colomo firm\u00f3, junto con otras personalidades\u00a0<strong>un manifiesto en contra de la votaci\u00f3n del 1-O<\/strong>\u00a0y la actuaci\u00f3n del gobierno catal\u00e1n. \u00abLo que est\u00e1n haciendo es firmar un cheque en blanco sin saber a d\u00f3nde nos llevar\u00e1\u00bb.<\/p>\n<p>Su pron\u00f3stico es que \u00abser\u00e1 un desastre que afectar\u00e1 a todo el pa\u00eds\u00bb.<\/p>\n<figure class=\"media-landscape has-caption full-width\"><span class=\"image-and-copyright-container\"><img loading=\"lazy\" decoding=\"async\" class=\"responsive-image__img js-image-replace alignleft\" src=\"https:\/\/ichef.bbci.co.uk\/news\/624\/cpsprodpb\/5B91\/production\/_98014432_hi041170156.jpg\" alt=\"Puigdemont, junto a una bandera de Catalu\u00f1a, en una conferencia de prensa en Barcelona.\" width=\"976\" height=\"549\" data-highest-encountered-width=\"624\" \/><span class=\"off-screen\">Derechos de autor de la imagen<\/span><span class=\"story-image-copyright\">LLUIS GENE\/AFP\/GETTY<\/span><\/span><figcaption class=\"media-caption\"><span class=\"off-screen\">Image caption<\/span><span class=\"media-caption__text\">El presidente catal\u00e1n, Carles Puigdemont, asegura que no le qued\u00f3 alternativa al referendo unilateral por la negativa a negociar de Madrid.<\/span><\/figcaption><\/figure>\n<p>Los apoyos al refer\u00e9ndo que el presidente catal\u00e1n, Carles Puigdemont, intenta llevar a cabo desafiando a las autoridades espa\u00f1olas llegan siempre de\u00a0<strong>las posiciones m\u00e1s a la izquierda del arco pol\u00edtico<\/strong>.<\/p>\n<p>Una de sus figuras m\u00e1s respetadas, Julio Anguita, l\u00edder durante a\u00f1os de la coalici\u00f3n Izquierda Unida, se ha pronunciado en varias ocasiones sobre el conflicto catal\u00e1n, del que culpa tanto a los dirigentes estatales en Madrid como a los nacionalistas en Barcelona.<\/p>\n<p>Ya en 2015 advirti\u00f3 de que \u00abeste problema se viene cocinando porque nunca se ha querido abordar el problema del estado plurinacional espa\u00f1ol\u00bb.<\/p>\n<p>Si se les explicaran las consecuencias, rechazar\u00edan la independencia, pero a la gente hay que preguntarle\u00bb<\/p>\n<div class=\"story-body\">\n<div class=\"story-body__inner\">\n<div id=\"ns_datapic_cita\" class=\"idt__news ns_datapic_quote ns_datapic_quote--cita newsspec_infographic_template\">\n<div class=\"ns_outer_wrapper ns_outer_wrapper__align-bottom\">\n<div class=\"ns_inner_wrapper\">\n<div class=\"ns_author ns_\">Julio Anguita, hist\u00f3rico dirigente de izquierda<\/div>\n<\/div>\n<\/div>\n<\/div>\n<p>El hist\u00f3rico dirigente de izquierda lament\u00f3 la\u00a0<strong>falta de \u00abinteligencia pol\u00edtica\u00bb y \u00abvalor c\u00edvico\u00bb entre los gobernantes espa\u00f1oles<\/strong>, porque, en su opini\u00f3n, el problema se podr\u00eda solucionar muy f\u00e1cilmente.<\/p>\n<p>\u00abBastar\u00eda hacer una consulta al pueblo catal\u00e1n, pero advirtiendo de que la independencia implicar\u00eda que habr\u00eda unas fronteras, que saldr\u00edan de la Uni\u00f3n Europea, y que el Barcelona ya no jugar\u00eda en la liga espa\u00f1ola de f\u00fatbol\u00bb.<\/p>\n<p>Anguita est\u00e1 seguro de que, si tuvieran claro todo lo que acarrear\u00eda la separaci\u00f3n, \u00abelegir\u00edan seguir en Espa\u00f1a\u00bb, pero a\u00f1ade que \u00aba la gente hay que preguntarle\u00bb.<\/p>\n<p>\u00abY si optan por la independencia, eso es sagrado\u00bb, concluye.<\/p>\n<h2 class=\"story-body__crosshead\">El ejemplo de Quebec y Escocia<\/h2>\n<p>Quienes abogan por la celebraci\u00f3n de la consulta esgrimen los ejemplos de Quebec en Canad\u00e1 y Escocia en Reino Unido, donde se celebraron votaciones sobre la independencia.<\/p>\n<p>Sus detractores aseguran que esos ejemplos no son aplicables a Espa\u00f1a, cuya Constituci\u00f3n proclama \u00abla indisoluble unidad de la Naci\u00f3n espa\u00f1ola, patria com\u00fan e indivisible de todos los espa\u00f1oles\u00bb.<\/p>\n<figure class=\"media-landscape has-caption full-width\"><span class=\"image-and-copyright-container\"><img loading=\"lazy\" decoding=\"async\" class=\"responsive-image__img js-image-replace\" src=\"https:\/\/ichef.bbci.co.uk\/news\/624\/cpsprodpb\/0605\/production\/_98014510_hi041722883.jpg\" alt=\"Un grupo de guardias civiles durante el registro de una de las imprentas donde se buscaban las papeletas para la celebraci\u00f3n del referendo prohibido.\" width=\"976\" height=\"549\" data-highest-encountered-width=\"624\" \/><span class=\"off-screen\">Derechos de autor de la imagen<\/span><span class=\"story-image-copyright\">QUIQUE GARCIA\/EPA<\/span><\/span><figcaption class=\"media-caption\"><span class=\"off-screen\">Image caption<\/span><span class=\"media-caption__text\">El Ministerio del Interior espa\u00f1ol ha ordenado el env\u00edo de un fuerte contingente de polic\u00edas y guardias civiles a Catalu\u00f1a.<\/span><\/figcaption><\/figure>\n<p>A pocos d\u00edas del 1-O, la tensi\u00f3n alcanza niveles m\u00e1ximos en Catalu\u00f1a. La Generalitat sigue adelante con su convocatoria de referendo, mientras el gobierno espa\u00f1ol ha desplegado un operativo policial sin precedentes en democracia para impedirlo.<\/p>\n<p>En las \u00faltimas horas, incluso, el fiscal general del estado, Jos\u00e9 Manuel Maza, ha abierto la puerta al arresto de Puigdemont, que<strong>\u00a0insiste en hacer caso omiso de las resoluciones de los tribunales.<\/strong><\/p>\n<p>Elizo explica que \u00abel gobierno central quiere impedir a toda costa que se vote y el gobierno catal\u00e1n quiere que se vote a toda costa\u00bb.<\/p>\n<p>La dirigente de Podemos afirma: \u00abEspero que no haya violencia, pero la polarizaci\u00f3n es total\u00bb.<\/p>\n<p>En la misma l\u00ednea se expres\u00f3 en las p\u00e1ginas del diario El Pa\u00eds de Espa\u00f1a el historiador catal\u00e1n Jos\u00e9 \u00c1lvarez Junco, autor de varios libros sobre los fen\u00f3menos de la naci\u00f3n y el nacionalismo: \u00abEsperemos que no haya que lamentar desgracias irreparables\u00bb.<\/p>\n<figure class=\"media-landscape has-caption full-width\"><span class=\"image-and-copyright-container\"><img loading=\"lazy\" decoding=\"async\" class=\"responsive-image__img js-image-replace\" src=\"https:\/\/ichef-1.bbci.co.uk\/news\/624\/cpsprodpb\/486D\/production\/_98014581_mediaitem98014580.jpg\" alt=\"Catalu\u00f1a\" width=\"768\" height=\"432\" data-highest-encountered-width=\"624\" \/><span class=\"off-screen\">Derechos de autor de la imagen<\/span><span class=\"story-image-copyright\">REUTERS<\/span><\/span><figcaption class=\"media-caption\"><span class=\"off-screen\">Image caption<\/span><span class=\"media-caption__text\">Lo que suceder\u00e1 el pr\u00f3ximo domingo sigue siendo una inc\u00f3gnita.<\/span><\/figcaption><\/figure>\n<\/div>\n<\/div>\n<div class=\"tags-container\">\n<h2 class=\"tags-title story-body__crosshead\"><\/h2>\n<\/div>\n","protected":false},"excerpt":{"rendered":"<p>El gobierno regional de Catalu\u00f1a se apresta a celebrar el pr\u00f3ximo 1 de octubre el refer\u00e9ndum de independencia prohibido por la justicia espa\u00f1ola. El Tribunal Constitucional declar\u00f3 ilegal la votaci\u00f3n y el presidente del gobierno espa\u00f1ol, Mariano Rajoy, ha asegurado en repetidas ocasiones que, con base en la Constituci\u00f3n espa\u00f1ola los catalanes no tienen derecho [&hellip;]<\/p>\n","protected":false},"author":4,"featured_media":65187,"comment_status":"open","ping_status":"open","sticky":false,"template":"","format":"standard","meta":{"footnotes":""},"categories":[85,43,83],"tags":[],"class_list":["post-65186","post","type-post","status-publish","format-standard","has-post-thumbnail","hentry","category-espana","category-politica","category-reportajes"],"_links":{"self":[{"href":"https:\/\/2horizontes.com\/index.php?rest_route=\/wp\/v2\/posts\/65186","targetHints":{"allow":["GET"]}}],"collection":[{"href":"https:\/\/2horizontes.com\/index.php?rest_route=\/wp\/v2\/posts"}],"about":[{"href":"https:\/\/2horizontes.com\/index.php?rest_route=\/wp\/v2\/types\/post"}],"author":[{"embeddable":true,"href":"https:\/\/2horizontes.com\/index.php?rest_route=\/wp\/v2\/users\/4"}],"replies":[{"embeddable":true,"href":"https:\/\/2horizontes.com\/index.php?rest_route=%2Fwp%2Fv2%2Fcomments&post=65186"}],"version-history":[{"count":1,"href":"https:\/\/2horizontes.com\/index.php?rest_route=\/wp\/v2\/posts\/65186\/revisions"}],"predecessor-version":[{"id":65188,"href":"https:\/\/2horizontes.com\/index.php?rest_route=\/wp\/v2\/posts\/65186\/revisions\/65188"}],"wp:featuredmedia":[{"embeddable":true,"href":"https:\/\/2horizontes.com\/index.php?rest_route=\/wp\/v2\/media\/65187"}],"wp:attachment":[{"href":"https:\/\/2horizontes.com\/index.php?rest_route=%2Fwp%2Fv2%2Fmedia&parent=65186"}],"wp:term":[{"taxonomy":"category","embeddable":true,"href":"https:\/\/2horizontes.com\/index.php?rest_route=%2Fwp%2Fv2%2Fcategories&post=65186"},{"taxonomy":"post_tag","embeddable":true,"href":"https:\/\/2horizontes.com\/index.php?rest_route=%2Fwp%2Fv2%2Ftags&post=65186"}],"curies":[{"name":"wp","href":"https:\/\/api.w.org\/{rel}","templated":true}]}}