{"id":65183,"date":"2017-09-27T17:17:01","date_gmt":"2017-09-27T16:17:01","guid":{"rendered":"http:\/\/2horizontes.com\/?p=65183"},"modified":"2017-09-27T17:17:01","modified_gmt":"2017-09-27T16:17:01","slug":"haiti-libera-a-cuatro-dominicanos-apreso-intentando-viajar-ilegal-a-eu","status":"publish","type":"post","link":"https:\/\/2horizontes.com\/?p=65183","title":{"rendered":"Hait\u00ed libera a cuatro dominicanos apres\u00f3 intentando viajar ilegal a EU"},"content":{"rendered":"<p>SANTO DOMINGO.- Las autoridades de Hait\u00ed liberaron a cuatro dominicanos que hab\u00edan apresado en un puerto de esa naci\u00f3n, desde donde pretend\u00edan viajar de forma clandestina hacia Estados Unidos.<\/p>\n<p>Luis Guillermo Col\u00f3n de Lara, Elvin Hern\u00e1ndez, Kelvin de la Rosa F\u00e9liz y Jhonatan Manuel P\u00e9rez, quienes llevaban tres meses presos, ser\u00e1n traidos este mi\u00e9rcoles a la Rep\u00fablica Dominicana por el c\u00f3nsul Ram\u00f3n de la Rosa y el agregado militar de la embajada dominicana en Hait\u00ed, Salom\u00f3n S\u00e1nchez.<\/p>\n","protected":false},"excerpt":{"rendered":"<p>SANTO DOMINGO.- Las autoridades de Hait\u00ed liberaron a cuatro dominicanos que hab\u00edan apresado en un puerto de esa naci\u00f3n, desde donde pretend\u00edan viajar de forma clandestina hacia Estados Unidos. Luis Guillermo Col\u00f3n de Lara, Elvin Hern\u00e1ndez, Kelvin de la Rosa F\u00e9liz y Jhonatan Manuel P\u00e9rez, quienes llevaban tres meses presos, ser\u00e1n traidos este mi\u00e9rcoles a [&hellip;]<\/p>\n","protected":false},"author":4,"featured_media":65184,"comment_status":"open","ping_status":"open","sticky":false,"template":"","format":"standard","meta":{"footnotes":""},"categories":[47,44],"tags":[],"class_list":["post-65183","post","type-post","status-publish","format-standard","has-post-thumbnail","hentry","category-haiti","category-republica-dominicana"],"_links":{"self":[{"href":"https:\/\/2horizontes.com\/index.php?rest_route=\/wp\/v2\/posts\/65183","targetHints":{"allow":["GET"]}}],"collection":[{"href":"https:\/\/2horizontes.com\/index.php?rest_route=\/wp\/v2\/posts"}],"about":[{"href":"https:\/\/2horizontes.com\/index.php?rest_route=\/wp\/v2\/types\/post"}],"author":[{"embeddable":true,"href":"https:\/\/2horizontes.com\/index.php?rest_route=\/wp\/v2\/users\/4"}],"replies":[{"embeddable":true,"href":"https:\/\/2horizontes.com\/index.php?rest_route=%2Fwp%2Fv2%2Fcomments&post=65183"}],"version-history":[{"count":1,"href":"https:\/\/2horizontes.com\/index.php?rest_route=\/wp\/v2\/posts\/65183\/revisions"}],"predecessor-version":[{"id":65185,"href":"https:\/\/2horizontes.com\/index.php?rest_route=\/wp\/v2\/posts\/65183\/revisions\/65185"}],"wp:featuredmedia":[{"embeddable":true,"href":"https:\/\/2horizontes.com\/index.php?rest_route=\/wp\/v2\/media\/65184"}],"wp:attachment":[{"href":"https:\/\/2horizontes.com\/index.php?rest_route=%2Fwp%2Fv2%2Fmedia&parent=65183"}],"wp:term":[{"taxonomy":"category","embeddable":true,"href":"https:\/\/2horizontes.com\/index.php?rest_route=%2Fwp%2Fv2%2Fcategories&post=65183"},{"taxonomy":"post_tag","embeddable":true,"href":"https:\/\/2horizontes.com\/index.php?rest_route=%2Fwp%2Fv2%2Ftags&post=65183"}],"curies":[{"name":"wp","href":"https:\/\/api.w.org\/{rel}","templated":true}]}}