{"id":65175,"date":"2017-09-27T17:05:02","date_gmt":"2017-09-27T16:05:02","guid":{"rendered":"http:\/\/2horizontes.com\/?p=65175"},"modified":"2017-09-27T17:05:02","modified_gmt":"2017-09-27T16:05:02","slug":"esposo-sarah-pepen-celebra-su-libertad","status":"publish","type":"post","link":"https:\/\/2horizontes.com\/?p=65175","title":{"rendered":"Esposo Sarah Pep\u00e9n celebra su libertad"},"content":{"rendered":"<p>Dice que no tiene miedo, pero no descarta m\u00e1s acciones en su contra<\/p>\n<p>&nbsp;<\/p>\n<p>SD. Affe Guti\u00e9rrez, esposo de la comunicadora Sarah Pep\u00e9n, disfrutaba ayer de la calidez del hogar, luego de dos a\u00f1os y dos meses en prisi\u00f3n, acusado de asesinato.<\/p>\n<p>Gracias al descargo que le hizo la Corte de Apelaci\u00f3n de la provincia Santo Domingo, quit\u00e1ndole los 30 a\u00f1os de prisi\u00f3n que por dos ocasiones le impuso un tribunal, ayer cargaba a su peque\u00f1a hija de apenas un a\u00f1o y 5 meses, sentado en su casa.<\/p>\n<p>A su lado, su esposa, su padre, sus abogadas y parte de la familia, todos notablemente emocionados. \u00abEs una sensaci\u00f3n indescriptible\u00bb, comenta, haciendo alusi\u00f3n al momento. Insiste en lo ins\u00f3lito de su caso, y refiere el hecho de que no se le concediera una fianza, aun cuando la muerte del joven Wester Junio Sol\u00eds, por el que le acusaron, se hab\u00eda producido en el 2005, a\u00f1os antes de que lo acusaran.<\/p>\n<p>Guti\u00e9rrez asegura que a pesar de la persecuci\u00f3n que hubo en su contra, no tiene miedo, aunque no descarta que puedan seguir haciendo cosas malas en su contra. \u00abDios utiliza a unos para destapar a otros. Lo que espero es que los deseos morbosos hayan cesado, y que los hombres sean hombres. Quer\u00edan destruirnos, pero s\u00f3lo nos uni\u00f3 m\u00e1s\u00bb, dijo Guti\u00e9rrez.<\/p>\n","protected":false},"excerpt":{"rendered":"<p>Dice que no tiene miedo, pero no descarta m\u00e1s acciones en su contra &nbsp; SD. Affe Guti\u00e9rrez, esposo de la comunicadora Sarah Pep\u00e9n, disfrutaba ayer de la calidez del hogar, luego de dos a\u00f1os y dos meses en prisi\u00f3n, acusado de asesinato. Gracias al descargo que le hizo la Corte de Apelaci\u00f3n de la provincia [&hellip;]<\/p>\n","protected":false},"author":4,"featured_media":65176,"comment_status":"open","ping_status":"open","sticky":false,"template":"","format":"standard","meta":{"footnotes":""},"categories":[44],"tags":[],"class_list":["post-65175","post","type-post","status-publish","format-standard","has-post-thumbnail","hentry","category-republica-dominicana"],"_links":{"self":[{"href":"https:\/\/2horizontes.com\/index.php?rest_route=\/wp\/v2\/posts\/65175","targetHints":{"allow":["GET"]}}],"collection":[{"href":"https:\/\/2horizontes.com\/index.php?rest_route=\/wp\/v2\/posts"}],"about":[{"href":"https:\/\/2horizontes.com\/index.php?rest_route=\/wp\/v2\/types\/post"}],"author":[{"embeddable":true,"href":"https:\/\/2horizontes.com\/index.php?rest_route=\/wp\/v2\/users\/4"}],"replies":[{"embeddable":true,"href":"https:\/\/2horizontes.com\/index.php?rest_route=%2Fwp%2Fv2%2Fcomments&post=65175"}],"version-history":[{"count":1,"href":"https:\/\/2horizontes.com\/index.php?rest_route=\/wp\/v2\/posts\/65175\/revisions"}],"predecessor-version":[{"id":65177,"href":"https:\/\/2horizontes.com\/index.php?rest_route=\/wp\/v2\/posts\/65175\/revisions\/65177"}],"wp:featuredmedia":[{"embeddable":true,"href":"https:\/\/2horizontes.com\/index.php?rest_route=\/wp\/v2\/media\/65176"}],"wp:attachment":[{"href":"https:\/\/2horizontes.com\/index.php?rest_route=%2Fwp%2Fv2%2Fmedia&parent=65175"}],"wp:term":[{"taxonomy":"category","embeddable":true,"href":"https:\/\/2horizontes.com\/index.php?rest_route=%2Fwp%2Fv2%2Fcategories&post=65175"},{"taxonomy":"post_tag","embeddable":true,"href":"https:\/\/2horizontes.com\/index.php?rest_route=%2Fwp%2Fv2%2Ftags&post=65175"}],"curies":[{"name":"wp","href":"https:\/\/api.w.org\/{rel}","templated":true}]}}