{"id":65172,"date":"2017-09-26T22:51:27","date_gmt":"2017-09-26T21:51:27","guid":{"rendered":"http:\/\/2horizontes.com\/?p=65172"},"modified":"2017-09-26T22:51:27","modified_gmt":"2017-09-26T21:51:27","slug":"hombre-asesina-tres-sobrinos-e-hiere-a-un-hermano-en-republica-dominicana","status":"publish","type":"post","link":"https:\/\/2horizontes.com\/?p=65172","title":{"rendered":"Hombre asesina tres sobrinos e hiere a un hermano en Rep\u00fablica Dominicana"},"content":{"rendered":"<div class=\"post_author\">\n<ul>\n<li>\n<div class=\"buttons\" data-element=\"buttons\">\u00a0<i class=\"fa fa-whatsapp \"><\/i><\/div>\n<\/li>\n<\/ul>\n<\/div>\n<div class=\"entry-content\">\n<p><iframe loading=\"lazy\" src=\"https:\/\/www.youtube.com\/embed\/R1XhoT392B4?feature=oembed\" width=\"500\" height=\"281\" frameborder=\"0\" allowfullscreen=\"allowfullscreen\" data-mce-fragment=\"1\"><\/iframe><\/p>\n<p>MONTE PLATA, Rep\u00fablica Dominicana.- Un hombre mat\u00f3 a dos sobrinos, a la esposa de uno de estos ellos e hiri\u00f3 a un hermano en el sector Pueblo Nuevo, del municipio Sabana Grande de Boy\u00e1, en esta provincia.<\/p>\n<p>Los muertos son Juan Emmanuel Santana Minaya, de 22 a\u00f1os; \u00c1ngela Mar\u00eda Santana, de 19, y Mar\u00eda Nelly Olivo,\u00a0esposa del primero.<\/p>\n<p>Juan Alberto Santana Fern\u00e1ndez (Ni\u00f1o) tambi\u00e9n hiri\u00f3 a su hermano, Jos\u00e9 Antonio Santana, padre de Juan Manuel y \u00c1ngela Mar\u00eda.<\/p>\n<p>Trascendi\u00f3 que antes de la masacre, el hoy homicida hab\u00eda ingerido bebidas alcoh\u00f3licas.<\/p>\n<p>Hay rumores de que despu\u00e9s del hecho Nino se suicid\u00f3.<\/p>\n<p>Datos preliminares dan cuenta de que la madre de Nino falleci\u00f3 hace unos d\u00edas y su esposo y dos de sus hijos vendieron los bienes de la difunta, se repartieron el dinero y no reservaron nada para el agresor debido a que desconoc\u00edan su paradero.<\/p>\n<p>Agregan que Nino apareci\u00f3 y pas\u00f3 el lunes ingiriendo bebidas alcoh\u00f3licas en un negocio conocido como \u201cLos P\u00e9rez\u201d y diciendo que \u201choy en la noche voy a matar a mi pap\u00e1 y a mis hermanos, porque vendieron todo y no me dieron nada\u201d.<\/p>\n<\/div>\n","protected":false},"excerpt":{"rendered":"<p>\u00a0 MONTE PLATA, Rep\u00fablica Dominicana.- Un hombre mat\u00f3 a dos sobrinos, a la esposa de uno de estos ellos e hiri\u00f3 a un hermano en el sector Pueblo Nuevo, del municipio Sabana Grande de Boy\u00e1, en esta provincia. Los muertos son Juan Emmanuel Santana Minaya, de 22 a\u00f1os; \u00c1ngela Mar\u00eda Santana, de 19, y Mar\u00eda [&hellip;]<\/p>\n","protected":false},"author":4,"featured_media":65173,"comment_status":"open","ping_status":"open","sticky":false,"template":"","format":"standard","meta":{"footnotes":""},"categories":[53,83,44],"tags":[],"class_list":["post-65172","post","type-post","status-publish","format-standard","has-post-thumbnail","hentry","category-provincias","category-reportajes","category-republica-dominicana"],"_links":{"self":[{"href":"https:\/\/2horizontes.com\/index.php?rest_route=\/wp\/v2\/posts\/65172","targetHints":{"allow":["GET"]}}],"collection":[{"href":"https:\/\/2horizontes.com\/index.php?rest_route=\/wp\/v2\/posts"}],"about":[{"href":"https:\/\/2horizontes.com\/index.php?rest_route=\/wp\/v2\/types\/post"}],"author":[{"embeddable":true,"href":"https:\/\/2horizontes.com\/index.php?rest_route=\/wp\/v2\/users\/4"}],"replies":[{"embeddable":true,"href":"https:\/\/2horizontes.com\/index.php?rest_route=%2Fwp%2Fv2%2Fcomments&post=65172"}],"version-history":[{"count":1,"href":"https:\/\/2horizontes.com\/index.php?rest_route=\/wp\/v2\/posts\/65172\/revisions"}],"predecessor-version":[{"id":65174,"href":"https:\/\/2horizontes.com\/index.php?rest_route=\/wp\/v2\/posts\/65172\/revisions\/65174"}],"wp:featuredmedia":[{"embeddable":true,"href":"https:\/\/2horizontes.com\/index.php?rest_route=\/wp\/v2\/media\/65173"}],"wp:attachment":[{"href":"https:\/\/2horizontes.com\/index.php?rest_route=%2Fwp%2Fv2%2Fmedia&parent=65172"}],"wp:term":[{"taxonomy":"category","embeddable":true,"href":"https:\/\/2horizontes.com\/index.php?rest_route=%2Fwp%2Fv2%2Fcategories&post=65172"},{"taxonomy":"post_tag","embeddable":true,"href":"https:\/\/2horizontes.com\/index.php?rest_route=%2Fwp%2Fv2%2Ftags&post=65172"}],"curies":[{"name":"wp","href":"https:\/\/api.w.org\/{rel}","templated":true}]}}