{"id":65141,"date":"2017-09-13T13:33:52","date_gmt":"2017-09-13T12:33:52","guid":{"rendered":"http:\/\/2horizontes.com\/?p=65141"},"modified":"2017-09-13T13:33:52","modified_gmt":"2017-09-13T12:33:52","slug":"rumania-pelicula-de-rd-cuentos-de-camino-competira-en-festival","status":"publish","type":"post","link":"https:\/\/2horizontes.com\/?p=65141","title":{"rendered":"RUMANIA: Pel\u00edcula de RD \u201cCuentos de camino\u201d competir\u00e1 en festival"},"content":{"rendered":"<p>La pel\u00edcula dominicana \u201cCuentos de camino\u201d fue seleccionada para competir en el Latin American Film Festival en Bucarest, Ruman\u00eda, seg\u00fan inform\u00f3 el director de la cinta, Javier Vargas.<\/p>\n<p>De acuerdo al realizador, su filme recoge las vivencias, mitos y creencias de quienes viven en los campos y en zonas perif\u00e9ricas de la Rep\u00fablica Dominicana.<\/p>\n<p>\u201cEs muy interesante ver c\u00f3mo las personas de los lugares rurales del pa\u00eds tienen mitos y leyendas, las cuales representan su verdad\u201d, indic\u00f3 Vargas en un comunicado.<\/p>\n<p>El director explic\u00f3 que la pel\u00edcula se rod\u00f3 en la comunidad de El Ranchito, municipio Altamira de la provincia Puerto Plata (norte).<\/p>\n<p>A su juicio, la atm\u00f3sfera de ese lugar le da el toque \u201cgrimoso\u201d, oscuro y gris que necesitaba la historia.<\/p>\n<p>\u201cCuentos de camino\u201d narra la historia de Julio, un hombre de avanzada edad que durante toda su vida se ha dedicado a contar cuentos de horror, que seg\u00fan \u00e9l, le ocurrieron durante su vida de joven.<\/p>\n<p>El protagonista sostendr\u00e1 encuentros personales con un fantasma que le ha seguido durante muchos a\u00f1os, y mientras narra sus cuentos vivir\u00e1 la experiencia m\u00e1s tenebrosa de su vida.<\/p>\n<p>Vargas adelant\u00f3 que la pel\u00edcula se estrenar\u00e1 en Santo Domingo el 23 de octubre venidero.<\/p>\n","protected":false},"excerpt":{"rendered":"<p>La pel\u00edcula dominicana \u201cCuentos de camino\u201d fue seleccionada para competir en el Latin American Film Festival en Bucarest, Ruman\u00eda, seg\u00fan inform\u00f3 el director de la cinta, Javier Vargas. De acuerdo al realizador, su filme recoge las vivencias, mitos y creencias de quienes viven en los campos y en zonas perif\u00e9ricas de la Rep\u00fablica Dominicana. \u201cEs [&hellip;]<\/p>\n","protected":false},"author":17665,"featured_media":65142,"comment_status":"open","ping_status":"open","sticky":false,"template":"","format":"standard","meta":{"footnotes":""},"categories":[1],"tags":[],"class_list":["post-65141","post","type-post","status-publish","format-standard","has-post-thumbnail","hentry","category-entretenimiento"],"_links":{"self":[{"href":"https:\/\/2horizontes.com\/index.php?rest_route=\/wp\/v2\/posts\/65141","targetHints":{"allow":["GET"]}}],"collection":[{"href":"https:\/\/2horizontes.com\/index.php?rest_route=\/wp\/v2\/posts"}],"about":[{"href":"https:\/\/2horizontes.com\/index.php?rest_route=\/wp\/v2\/types\/post"}],"author":[{"embeddable":true,"href":"https:\/\/2horizontes.com\/index.php?rest_route=\/wp\/v2\/users\/17665"}],"replies":[{"embeddable":true,"href":"https:\/\/2horizontes.com\/index.php?rest_route=%2Fwp%2Fv2%2Fcomments&post=65141"}],"version-history":[{"count":1,"href":"https:\/\/2horizontes.com\/index.php?rest_route=\/wp\/v2\/posts\/65141\/revisions"}],"predecessor-version":[{"id":65143,"href":"https:\/\/2horizontes.com\/index.php?rest_route=\/wp\/v2\/posts\/65141\/revisions\/65143"}],"wp:featuredmedia":[{"embeddable":true,"href":"https:\/\/2horizontes.com\/index.php?rest_route=\/wp\/v2\/media\/65142"}],"wp:attachment":[{"href":"https:\/\/2horizontes.com\/index.php?rest_route=%2Fwp%2Fv2%2Fmedia&parent=65141"}],"wp:term":[{"taxonomy":"category","embeddable":true,"href":"https:\/\/2horizontes.com\/index.php?rest_route=%2Fwp%2Fv2%2Fcategories&post=65141"},{"taxonomy":"post_tag","embeddable":true,"href":"https:\/\/2horizontes.com\/index.php?rest_route=%2Fwp%2Fv2%2Ftags&post=65141"}],"curies":[{"name":"wp","href":"https:\/\/api.w.org\/{rel}","templated":true}]}}