{"id":6508,"date":"2015-05-10T12:14:49","date_gmt":"2015-05-10T11:14:49","guid":{"rendered":"http:\/\/2horizontes.com\/?p=6508"},"modified":"2015-05-10T12:14:49","modified_gmt":"2015-05-10T11:14:49","slug":"la-ultima-carta-de-hitler-no-fue-tan-mal-jugada","status":"publish","type":"post","link":"https:\/\/2horizontes.com\/?p=6508","title":{"rendered":"La \u00faltima carta de Hitler no fu\u00e9 tan mal jugada"},"content":{"rendered":"<p>La batalla de las Ardenas, o del saliente, librada en condiciones penos\u00edsimas en el invierno de 1944-45, durante casi siete semanas, fue uno de los grandes enfrentamientos de la II Guerra Mundial y la \u00faltima gran ofensiva del ej\u00e9rcito alem\u00e1n en el frente occidental. Las im\u00e1genes de los tanques Tiger y Panther avanzando apresuradamente sobre la nieve, de los soldados estadounidenses cavando trincheras en el suelo helado y de los combates sin cuartel en los bosques, pueblos y encrucijadas forman parte de las m\u00e1s ic\u00f3nicas de la contienda, al igual que figuran entre sus nombres emblem\u00e1ticos los de Malmedy, Bastogne, la operaci\u00f3n a\u00e9rea Bodenplatte, el Kampfgruppe Peiper o los comandos de Skorzeny -que causaron gran confusi\u00f3n infiltr\u00e1ndose con uniforme enemigo-. Hitler lanz\u00f3 lo mejor que le quedaba, 300.000 soldados (muchos fantasmag\u00f3ricamente vestidos de blanco), 1.800 tanques y cazacarros, 2.400 aviones, en un desesperado intento por cambiar el curso de la guerra. El ataque, iniciado el 16 de diciembre, cogi\u00f3 a los Aliados, que, medio a\u00f1o despu\u00e9s del desembarco en Normand\u00eda, daban la guerra casi por acabada, completamente desprevenidos. Tras un inicio prometedor, luchas de una brutalidad tremenda y una tenaz defensa de las tropas de EE UU \u2013es famosa la contestaci\u00f3n del general McAuliffe de la 101\u00aa Aerotransportada al exigirle la rendici\u00f3n de Bastogne: \u201c\u00a1Nuts!\u201d (\u00a1y un huevo!, en versi\u00f3n libre)- , los alemanes se vieron obligados a detener su avance sin conseguir el nuevo Dunkerque que ambicionaba su F\u00fchrer. Numerosos libros y pel\u00edculas han recreado la lucha, entre estas \u00faltimas, la m\u00e1s conocida <em>La batalla de las Ardenas<\/em> (1965) \u2013con su conocida escena de las jovenc\u00edsimas tripulaciones de carros alemanas entonando llenas de<em>sprit de corps<\/em> el <em>Panzerlied<\/em>-, <em>Fuego en la nieve<\/em> (1949) y <em>En la l\u00ednea de ataque<\/em> (1992), sin olvidar los dos cap\u00edtulos correspondientes de la serie televisiva <em>Hermanos de sangre<\/em> (sin duda lo mejor)<em>.<\/em><\/p>\n<p><!--more--><\/p>\n<p>En el 70\u00ba aniversario de la batalla, y a la espera de la inminente publicaci\u00f3n del nuevo y esperado libro de Antony Beevor sobre ella, ha aparecido en Espa\u00f1a <em>Ardenas, la batalla<\/em> (Pasado &amp; Presente), un monumental y pormenorizado ensayo del historiador militar sueco Christer Bergstr\u00f6m que ofrece, adem\u00e1s de una perspectiva ins\u00f3lita una sorprendente reinterpretaci\u00f3n de aquel choque, del que subraya que ning\u00fan veterano de los que ha entrevistado cuenta ninguna an\u00e9cdota amable y solo cosas terribles. \u201cEst\u00e1 claro que fue una de las experiencias b\u00e9licas m\u00e1s espantosas de esos hombres\u201d, dice. Algunas im\u00e1genes del libro quedan grabadas en la memoria, como el regimiento alem\u00e1n avanzando a la carrera gritando \u201c\u00a1yanquis hijos de puta!\u201d, los soldados estadounidenses que descubren el 13 de enero que los cad\u00e1veres congelados de los prisioneros ejecutados por las SS en la carretera de Malmedy en diciembre siguen tirados en el lugar en que los abatieron, el Panther que se confunde y se mete en una columna de carros Sherman o la lucha con granadas en una casa de Thirimont en la que cada bando ocupaba un piso.<\/p>\n<p>Bergstr\u00f6m, autor de 22 libros sobre la II Guerra Mundial, arranca su detallad\u00edsimo relato de la batalla de m\u00e1s de setecientas p\u00e1ginas desde el punto de vista de una de las unidades blindadas lanzadas hacia el Mosa con la mira puesta en el puerto de Amberes: toda una declaraci\u00f3n de principios pues una de las cosas del libro que m\u00e1s sorprende al lector, acostumbrado a las versiones anglosajones, es que muy a menudo la narraci\u00f3n de los hechos se ofrezca desde la perspectiva del bando alem\u00e1n. Pero hay mucho m\u00e1s: Bergstr\u00f6m considera que los alemanes estaban mejor preparados de lo que se suele considerar, que su moral era alta, su material excelente, sus comandantes muy buenos y que Hitler no andaba tan desencaminado como se cree en sus planes. La operaci\u00f3n no estaba en absoluto condenada al fracaso y en algunos de sus aspectos era incluso \u201cmagistral\u201d.<\/p>\n<div id=\"sumario_1|html\" class=\"derecha\"><\/div>\n<p>Vayamos por partes, \u00bfla situaci\u00f3n del ej\u00e9rcito alem\u00e1n no era entonces tan mala al final de 1944? \u201cEn noviembre-diciembre en absoluto\u201d, explica el autor, que estuvo con veteranos en Bastogne el pasado diciembre con motivo del aniversario de la batalla. \u201cEl hecho de que los alemanes hubieran conseguido detener a los Aliados accidentales en la frontera de su pa\u00eds, la victoria de Arnhem, la promesa de las nuevas armas maravillosas (reactores, cohetes, submarinos el\u00e9ctricos, etc\u00e9tera) y -no menos importante- el plan Morgenthau de los brit\u00e1nicos y estadounidenses que establec\u00eda m\u00e1s o menos la destrucci\u00f3n industrial de Alemania hab\u00edan elevado la moral de lucha de manera que en muchos casos incluso exced\u00eda el nivel de lo acostumbrado en los primeros compases de la guerra\u201d. En cuanto al material militar, el historiador sueco lo tiene clar\u00edsimo: \u201cLos alemanes eran absolutamente superiores en los campos m\u00e1s importantes, en realidad por primera vez en la guerra. El tanque pesado K\u00f6nigstiger o Tiger II sobrepasaba cualquier cosa que los Aliados ten\u00edan \u2013en enero de 1945, dos de ellos aniquilaron a una compa\u00f1\u00eda entera de tanques Sherman, sin sufrir un rasgu\u00f1o-, y ning\u00fan tanque medio pod\u00eda competir con el Panther. Ten\u00edan el primer fusil de asalto del mundo, el Sturmgewehr 44, y los aviones a reacci\u00f3n Me-262 y Ar 234 eran totalmente superiores en el aire\u201d.<\/p>\n<div id=\"sumario_5|foto\" class=\"izquierda\">\n<div class=\"media\">\n<div class=\"foto figure\"><img loading=\"lazy\" decoding=\"async\" title=\"\" src=\"http:\/\/ep01.epimg.net\/cultura\/imagenes\/2015\/05\/02\/actualidad\/1430571004_889434_1430574074_sumario_normal.jpg\" alt=\"\" width=\"300\" height=\"239\" \/><\/p>\n<p class=\"figcaption estirar\">Prisioneros alemanes pasan junto a un Sherman y un jeep Willys durante la batalla de las Ardenas.<\/p>\n<\/div>\n<\/div>\n<\/div>\n<p>Del libro se desprende que la ofensiva alemana de las Ardenas no fue un intento tan desesperado sino que ten\u00eda opciones reales de \u00e9xito. \u201cDe hecho, desde la perspectiva de Hitler, era lo m\u00e1s inteligente que se pod\u00eda hacer, mientras esperaba la siguiente ofensiva rusa en el V\u00edstula. Fue cuidadosamente planeada y preparada y fracas\u00f3 sobre todo por dos factores que pod\u00edan no haberse producido: primero, porque las l\u00edneas de suministros alemanas fueron cortadas por la aviaci\u00f3n Aliada cuando el tiempo mejor\u00f3 el octavo d\u00eda de la ofensiva, y segundo, porque las SS, menos competentes que el ej\u00e9rcito regular, la Wehrmacht, recibieron en cambio la responsabilidad de conseguir los objetivos m\u00e1s importantes. Pero esos dos factores, como le digo, podr\u00edan haber variado. Si los alemanes hubiesen reposicionado su aviaci\u00f3n de \u00e9lite, desplegada en el frente del Este, en el Oeste, la aviaci\u00f3n Aliada probablemente no habr\u00eda sido capaz de cortar las l\u00edneas de suministros alemanas. Entonces, los alemanes habr\u00edan tenido un 50% de posibilidades de alcanzar Antwerp, cortar en dos las fuerzas Aliadas y rodear el grupo de ej\u00e9rcitos de Montgomery\u00bb. \u00bfLa mejor aviaci\u00f3n alemana estaba en el Este? \u201cExactamente. Hab\u00eda una enorme diferencia entre los pilotos de uno y otro frente. Mientras la mayor\u00eda de aviadores en el Oeste eran en 1944 novatos inadecuadamente entrenados una parte importante de los pilotos alemanes en el Este eran lo que los est\u00e1ndares estadounidenses describen como ases. All\u00ed ten\u00edas pilotos como Erich Hartmann y Gerhard Barkhorn con 300 victorias cada uno, o pilotos de ataque a tierra como Hans-Ulrich Rudel con experiencia en 2.000 misiones de combate. Los pilotos alemanes con experiencia en 500 o m\u00e1s salidas de combate no eran infrecuentes en el Este a finales de 1944. Los pilotos Aliados en el Oeste no tien\u00edan esa experiencia\u00bb.<\/p>\n<p>En t\u00e9rminos claros y futbol\u00edsticos: \u00bferan los alemanes mejores en el campo que los estadounidenses? \u201cS\u00ed, sus mandos eran mejores, sus t\u00e1cticas eran mejores, muchas de sus tropas estaban m\u00e1s motivadas (con la excepci\u00f3n de las tropas aerotransportadas de EE UU), y su armamento era mejor, con la excepci\u00f3n tambi\u00e9n de la artiller\u00eda de EE UU\u201d. Bergstr\u00f6m es a\u00fan m\u00e1s pol\u00e9mico cuando le pregunto si deber\u00edamos replantearnos la (in) capacidad de Hitler como comandante militar. \u201cCreo que deber\u00edamos. Aunque Hitler carec\u00eda de alta educaci\u00f3n militar hab\u00eda probado tener una intuici\u00f3n de las posibilidades en el campo de batalla. Los ataques en el Oeste en 1940 y en 1944 son buenos ejemplos. Sin embargo, esa intuici\u00f3n le fall\u00f3 en varias ocasiones al final de la guerra, la m\u00e1s notable quiz\u00e1 en Falaise en agosto del 44. Pero la idea de atacar en las Ardenas con el objetivo de atrapar luego los ej\u00e9rcitos de Montgomery fue brillante\u201d.<\/p>\n<p>Volviendo a lo de las SS, en el libro se recalca una y otra vez que la Wehrmacht luch\u00f3 mejor en las Ardenas que las SS, en contra del t\u00f3pico de que las Waffen SS eran superiores. \u201cSin ninguna duda fue as\u00ed. Muchos testimonios, de mandos de la Wehrmacht y de los EE UU dan prueba del hecho de que las SS combatieron de manera bastante chapucera, como aficionados, durante la batalla de las Ardenas. Esa era la regla general \u2013aunque con notables excepciones- para las tropas novatas de las SS en su primer despliegue en el campo de batalla durante toda la II Guerra Mundial\u201d.<\/p>\n<p>\u00bfY qu\u00e9 tal lucharon los estadounidenses la que fue su peor batalla de la guerra, en intensidad y bajas? \u201cSeg\u00fan todos los testimonios las tropas aerotransportadas lo hicieron muy bien al igual que otras unidades como la 30\u00aa y la 84\u00aa divisiones de Infanter\u00eda. Pero en general tengo que decir que considerando su creciente ventaja num\u00e9rica uno habr\u00eda esperado que el Ej\u00e9rcito de EE UU se comportase mejor en buen n\u00famero de casos durante la batalla. La contraofensiva de Patton, que en realidad fue un gran fracaso si se compara con sus objetivos, es un buen ejemplo en el que uno puede ver que de haber disfrutado los alemanes de las mismas ventajas probablemente habr\u00edan tenido mucho m\u00e1s \u00e9xito\u201d.<\/p>\n<div id=\"sumario_3|html\" class=\"derecha\"><\/div>\n<p>Ser sueco parece aportar una visi\u00f3n diferente, acaso m\u00e1s objetiva, m\u00e1s neutral a la historia de la II Guerra Mundial. \u201cCreo que simplemente es natural que est\u00e9s influenciado por la perspectiva de la sociedad en la que vives, que en muchos casos es tu propio pa\u00eds. M\u00e1s a\u00fan, cuando se trata de historia militar mucho de lo que piensas est\u00e1 influenciado por la propaganda de guerra de la \u00e9poca. Eso obligadamente tiene una gran influencia en la forma en que se aprende la historia. As\u00ed que ser de un pa\u00eds neutral es una gran ventaja si tu deseo es proporcionar una descripci\u00f3n neutral y objetiva de una batalla como esta\u201d. Una de las conclusiones m\u00e1s sorprendentes de Bergstr\u00f6m es que la batalla fue una victoria para&#8230; los sovi\u00e9ticos. \u201cAbsolutamente. La ofensiva de las Ardenas debilit\u00f3 a los Aliados occidentales; de manera material y particularmente psicol\u00f3gica tuvo un impacto perjudicial en sus propios planes de ofensiva, y los volvi\u00f3 extremadamente cautos. Gracias a eso, la Uni\u00f3n Sovi\u00e9tica consigui\u00f3 el cr\u00e9dito de capturar Berl\u00edn\u201d. La historia tiene, seg\u00fan el historiador, un corolario estremecedor: una victoria alemana en las Ardenas podr\u00eda haber supuesto que fueran dos ciudades alemanas las v\u00edctimas de las bombas at\u00f3micas en lugar de Hiroshima y Nagasaki. \u201cSi Hitler hubiera conseguido rodear y quiz\u00e1 aniquilar el ej\u00e9rcito de Montgomery, puede que hubiera sido capaz de aguantar hasta el verano de 1945. En ese caso, las bombas at\u00f3micas probablemente se habr\u00edan lanzado contra Alemania, como era el plan original. Tal y como sucedi\u00f3, los alemanes se rindieron antes de que las bombas at\u00f3micas estuvieran disponibles\u201d.<\/p>\n<div id=\"sumario_6|foto\" class=\"izquierda\">\n<div class=\"media\">\n<div class=\"foto figure\"><img loading=\"lazy\" decoding=\"async\" title=\"\" src=\"http:\/\/ep01.epimg.net\/cultura\/imagenes\/2015\/05\/02\/actualidad\/1430571004_889434_1430574324_sumario_normal.jpg\" alt=\"\" width=\"300\" height=\"199\" \/><\/p>\n<p class=\"figcaption estirar\">Soldados estadounidenses se desplazan en el frente durante la batalla de las Ardenas<\/p>\n<\/div>\n<\/div>\n<\/div>\n<p>Christer Bergstr\u00f6m est\u00e1 de acuerdo en que ha llegado el momento de hacer un buen filme moderno sobre la batalla. \u00abAs\u00ed es, la batalla de las Ardenas tiene todo lo que hace falta para realizar una gran pel\u00edcula de guerra de \u00e9xito: el drama del combate, el <em>milagro<\/em> cuando los cielos se despejan en el \u00faltimo minuto permirtiendo a las fuerzas a\u00e9reas de EE UU salvar a sus tropas terrestres, el inesperado regreso de los alemanes en enero de 1945, la lucha interna entre los generales Aliados (particularmente Patton y Montgomery), y los dos <em>\u00e1ngeles<\/em> femeninos que trabajaron como enfermeras y salvaron tantas vidas en la asediada Bastogne\u00bb. El historiador recuerda bien la escena de los carristas alemanes cantando el Panzerlied en el filme de 1965. \u00abEsa escena fue idea del general Meinrad von Lauchert, un veterano de la batalla de las Ardenas, Cruz de Caballero con \u00a0 hojas de roble, que comand\u00f3 una de las puntas de lanza alemanas durante la ofensiva, y que fue asesor de la pel\u00edcula\u00bb. Del \u00faltimo filme sobre la II Guerra Mundial, <em>Fury,<\/em>con Brad Pitt, dice que recientemente ha hablado con varios veteranos de las fuerzas acorazadas estadouniodenses que sirvieron en la batalla de las Ardenas y todos acuerdan que <em>Fury<\/em> es una de las pel\u00edculas de guerra m\u00e1s realistas que han visto nunca. L\u00f3gicamente, yo tengo que compartir esa opini\u00f3n\u00bb.<\/p>\n<p><em>La batalla que conmocion\u00f3 Europa<\/em>, sobre la batalla de Poltava, de Peter Englund, <em>La belleza y el dolor de la batalla,<\/em> del mismo autor, y su propio <em>Ardenas<\/em> parecen mostrar un auge de la historia militar sueca. \u00abEl primer libro de Englund que menciona allan\u00f3 el camino para un nuevo inter\u00e9s por la historia militar en Suecia. Los libros de Historia, particularmente historia militar y en especial sobre la II Guerra Mundial son muy populares en Suecia. La edici\u00f3n sueca de mi libro de las Ardenas vendi\u00f3 3.000 copias en seis meses y se ha hecho una segunda edici\u00f3n, lo que no est\u00e1 mal en un pa\u00eds de 9 millones de habitantes\u00bb.<\/p>\n<div id=\"sumario_4|despiece\" class=\"centro\">\n<div class=\"aside estirar\">\n<h2>Combate editorial por una batalla<\/h2>\n<div class=\"centro\">\n<div class=\"media\">\n<div class=\"foto figure\"><img loading=\"lazy\" decoding=\"async\" title=\"\" src=\"http:\/\/ep01.epimg.net\/cultura\/imagenes\/2015\/05\/02\/actualidad\/1430571004_889434_1430574669_sumario_normal.jpg\" alt=\"\" width=\"300\" height=\"215\" \/><\/p>\n<p class=\"figcaption estirar\">Oficiales alemanes en una reuni\u00f3n durante la batalla de las Ardenas.<\/p>\n<\/div>\n<\/div>\n<\/div>\n<p>El libro de Bergstr\u00f6m, de 780 p\u00e1ginas, ha llegado a las librer\u00edas espa\u00f1olas antes que el de Antony Beevor, de 570, sobre el mismo tema. As\u00ed que, de alguna manera, Gonzalo Pont\u00f3n, el editor de Pasado &amp; Presente, ha conseguido una ventaja inicial en la batalla de las Ardenas de papel en este 70\u00ba aniversario del enfrentamiento. Se da la circunstancia de que Pont\u00f3n fue editor de Beevor en Cr\u00edtica y luego, al salir de esa editorial y crear la nueva, le public\u00f3 al historiador brit\u00e1nico su libro <i>La Segunda Guerra Mundial <\/i>(2012). Pero ahora Beevor, el nombre de referencia actual de la historia militar, ha regresado a Cr\u00edtica donde publicar\u00e1 <i>Ardenas 1944,<\/i> que se pone a la venta el 19 de mayo (la traducci\u00f3n espa\u00f1ola aparece casi al mismo tiempo que el original ingl\u00e9s, que se publica estos d\u00edas). \u00bfHa tenido Bergstr\u00f6m la sensaci\u00f3n de haber ganado una batalla? \u201cEn realidad yo no sab\u00eda que Beevor planeaba escribir un libro sobre las Ardenas cuando escrib\u00ed el m\u00edo, que data de 2013\u201d, explica el historiador sueco. \u201cMi objetivo era acabar mi libro para el 70 \u00ba aniversario. Nunca pens\u00e9 en una competici\u00f3n entre Beevor y yo si eso es lo que sugiere. No s\u00e9 c\u00f3mo analiza \u00e9l la batalla, pero ser\u00e1 interesante verlo. Estoy seguro que ambos, \u00e9l y yo tenemos cosas que aprender de la batalla de las Ardenas el uno del otro\u201d.<\/p>\n<p>En una r\u00e1pida comparaci\u00f3n de urgencia, el an\u00e1lisis de Beevor es m\u00e1s cl\u00e1sico: el historiador brit\u00e1nico se ci\u00f1e a la versi\u00f3n can\u00f3nica de que la ofensiva alemana, que menospreci\u00f3 enormemente la capacidad de lucha de los soldados estadounidenses, no ten\u00eda futuro y Hitler se equivoc\u00f3 al lanzarla sacrificando hombres y material que hubieran sido de m\u00e1s provecho en el Este. El brit\u00e1nico destaca de nuevo por su calidad literaria, su claridad, su amenidad, su iron\u00eda, su capacidad para la an\u00e9cdota humana (el alcoholismo de Von Rundstedt, la sugerencia de que Monty padec\u00eda s\u00edndrome de Asperger, los granjeros manitas que aprovechan los restos de los blindados y dem\u00e1s veh\u00edculos militares para su uso agr\u00edcola y personal, incluido el instalar los sillones de un K\u00fcbelwagen en el sal\u00f3n de casa), y su inteligencia para captar puntos de vista poco tenidos en cuenta, como el sufrimiento de los civiles belgas o la atrocidad de las bombas de f\u00f3sforo.<\/p>\n<p>Sorprende ver el poco espacio que Bergstr\u00f6m \u2013mucho m\u00e1s centrado en los aspectos militares m\u00e1s t\u00e9cnicos que Beevor- dedica a la tristemente c\u00e9lebre matanza de 84 prisioneros estadounidenses en Malmedy (en puridad Baugnez). El sueco opina que ya se ha hablado bastante de ella; mientras que brit\u00e1nico la explica en profundidad, incluido el detalle de la nieve en las cuencas vac\u00edas de los cad\u00e1veres: puro Beevor. En todo caso ambos subrayan que esa masacre, que r\u00e1pidamente se difundi\u00f3 entre los combatientes, contribuy\u00f3 a embrutecer la contienda y, como recalca Beevor puso la venganza \u201cen la orden del d\u00eda\u201d, trasladando \u201cla horrorosa brutalidad del Frente Oriental al Occidental\u201d.<\/p>\n<p>Los dos coinciden tambi\u00e9n en que los que sacaron realmente tajada de la batalla fueron los sovi\u00e9ticos. Beevor a\u00f1ade que los brit\u00e1nicos resultaron derrotados moralmente frente a los EE UU por su poco relevante papel.<\/p>\n<\/div>\n<\/div>\n","protected":false},"excerpt":{"rendered":"<p>La batalla de las Ardenas, o del saliente, librada en condiciones penos\u00edsimas en el invierno de 1944-45, durante casi siete semanas, fue uno de los grandes enfrentamientos de la II Guerra Mundial y la \u00faltima gran ofensiva del ej\u00e9rcito alem\u00e1n en el frente occidental. Las im\u00e1genes de los tanques Tiger y Panther avanzando apresuradamente sobre [&hellip;]<\/p>\n","protected":false},"author":2,"featured_media":6509,"comment_status":"open","ping_status":"open","sticky":false,"template":"","format":"standard","meta":{"footnotes":""},"categories":[83],"tags":[],"class_list":["post-6508","post","type-post","status-publish","format-standard","has-post-thumbnail","hentry","category-reportajes"],"_links":{"self":[{"href":"https:\/\/2horizontes.com\/index.php?rest_route=\/wp\/v2\/posts\/6508","targetHints":{"allow":["GET"]}}],"collection":[{"href":"https:\/\/2horizontes.com\/index.php?rest_route=\/wp\/v2\/posts"}],"about":[{"href":"https:\/\/2horizontes.com\/index.php?rest_route=\/wp\/v2\/types\/post"}],"author":[{"embeddable":true,"href":"https:\/\/2horizontes.com\/index.php?rest_route=\/wp\/v2\/users\/2"}],"replies":[{"embeddable":true,"href":"https:\/\/2horizontes.com\/index.php?rest_route=%2Fwp%2Fv2%2Fcomments&post=6508"}],"version-history":[{"count":1,"href":"https:\/\/2horizontes.com\/index.php?rest_route=\/wp\/v2\/posts\/6508\/revisions"}],"predecessor-version":[{"id":6510,"href":"https:\/\/2horizontes.com\/index.php?rest_route=\/wp\/v2\/posts\/6508\/revisions\/6510"}],"wp:featuredmedia":[{"embeddable":true,"href":"https:\/\/2horizontes.com\/index.php?rest_route=\/wp\/v2\/media\/6509"}],"wp:attachment":[{"href":"https:\/\/2horizontes.com\/index.php?rest_route=%2Fwp%2Fv2%2Fmedia&parent=6508"}],"wp:term":[{"taxonomy":"category","embeddable":true,"href":"https:\/\/2horizontes.com\/index.php?rest_route=%2Fwp%2Fv2%2Fcategories&post=6508"},{"taxonomy":"post_tag","embeddable":true,"href":"https:\/\/2horizontes.com\/index.php?rest_route=%2Fwp%2Fv2%2Ftags&post=6508"}],"curies":[{"name":"wp","href":"https:\/\/api.w.org\/{rel}","templated":true}]}}