{"id":65077,"date":"2017-08-18T13:19:47","date_gmt":"2017-08-18T12:19:47","guid":{"rendered":"http:\/\/2horizontes.com\/?p=65077"},"modified":"2017-08-18T13:19:47","modified_gmt":"2017-08-18T12:19:47","slug":"lo-que-se-sabe-de-los-atentados-en-barcelona-y-cambrils","status":"publish","type":"post","link":"https:\/\/2horizontes.com\/?p=65077","title":{"rendered":"Lo que se sabe de los atentados en Barcelona y Cambrils"},"content":{"rendered":"<h2 class=\"articulo-subtitulo\">El ataque terrorista que ha dejado 14 muertos y centenares de heridos en Barcelona y Cambrils tiene al menos cinco frentes repartidos por Catalu\u00f1a. Hay cuatro detenidos<\/h2>\n<p>El atentado terrorista que ayer sacudi\u00f3 el coraz\u00f3n de Barcelona con\u00a013 muertos y m\u00e1s de 100 heridos\u00a0es el resultado de una acci\u00f3n con varias ramificaciones y escenarios. El \u00faltimo, la localidad costera de Cambrils, donde esta madrugada\u00a0la polic\u00eda ha matado a tiros a cinco terroristas\u00a0que trataban de perpetrar una segunda matanza y han causado la muerte de una mujer. Tambi\u00e9n ha trascendido que la explosi\u00f3n en\u00a0un chalet de Alcanar\u00a0en la madrugada del jueves est\u00e1 relacionada con la c\u00e9lula yihadista que ha planeado los ataques. Hay cuatro detenidos. Esto es lo que se sabe:<\/p>\n<h3>Matanza en La Rambla de Barcelona<\/h3>\n<section id=\"sumario_1|foto\" class=\"sumario_foto centro\"><a name=\"sumario_1\"><\/a><\/p>\n<div class=\"sumario__interior\">\n<figure class=\"foto foto_w980\"><img loading=\"lazy\" decoding=\"async\" src=\"https:\/\/ep01.epimg.net\/politica\/imagenes\/2017\/08\/17\/actualidad\/1502984144_099524_1503048393_sumario_normal.jpg\" srcset=\"\/\/ep01.epimg.net\/politica\/imagenes\/2017\/08\/17\/actualidad\/1502984144_099524_1503048394_sumario_normal_recorte1.jpg 1960w, \/\/ep01.epimg.net\/politica\/imagenes\/2017\/08\/17\/actualidad\/1502984144_099524_1503048394_sumario_normal_recorte2.jpg 720w, \/\/ep01.epimg.net\/politica\/imagenes\/2017\/08\/17\/actualidad\/1502984144_099524_1503048393_sumario_normal.jpg 980w\" alt=\"Moussa Oukabir, buscado como presunto autor material del atentado de Barcelona.\" width=\"980\" height=\"308\" \/><figcaption class=\"foto-pie\"><span class=\"foto-texto\">Moussa Oukabir, buscado como presunto autor material del atentado de Barcelona.<\/span><\/figcaption><\/figure>\n<div class=\"sumario-texto\"><\/div>\n<\/div>\n<\/section>\n<ul>\n<li>A las 16.50 horas, una furgoneta accedi\u00f3 por el carril central en La Rambla y atropell\u00f3 a decenas de personas en\u00a0el atentado m\u00e1s grave que sufre Espa\u00f1a desde el 11-M en 2004 (y el primero yihadista desde entonces).\u00a0El veh\u00edculo inici\u00f3 su recorrido en la plaza Catalunya\u00a0y avanz\u00f3 530 metros, hasta llegar a la zona del teatro del Liceu.<\/li>\n<li>La polic\u00eda trabaja con la hip\u00f3tesis de que\u00a0<strong>Moussa Oukabir<\/strong>\u00a0es quien conduc\u00eda la furgoneta. Los testigos han relatado que el conductor sali\u00f3 del veh\u00edculo y se dio a la fuga tras el atropello masivo. No profiri\u00f3 ning\u00fan grito y no hubo \u00abpruebas visibles\u00bb de que fuera armado. Es el hermano peque\u00f1o de uno de los detenidos, cuya documentaci\u00f3n fue hallada en la furgoneta. Permanece huido.<\/li>\n<li>La primera v\u00edctima identificada es\u00a0<strong>Francisco L\u00f3pez Rodr\u00edguez<\/strong>, natural de Lanteira (Granada) de 57 a\u00f1os. Su mujer est\u00e1 herida. La cifra de muertes en Barcelona se eleva a\u00a013 y hay m\u00e1s de 100 heridos, de 34 nacionalidades.<\/li>\n<li>Es el ataque terrorista m\u00e1s grave ocurrido en Espa\u00f1a\u00a0desde el 11 de marzo de 2004.\u00a0Un total de\u00a0ocho atentados con atropello\u00a0se han perpetrado en Europa en el \u00faltimo a\u00f1o.<\/li>\n<\/ul>\n<h3>Tiroteo y atentado frustrado en Cambrils<\/h3>\n<ul>\n<li>Pasada la 01.30 de la madrugada del viernes,\u00a0cinco terroristas han sido abatidos por la polic\u00eda\u00a0en el paseo mar\u00edtimo de la localidad tur\u00edstica de\u00a0Cambrils\u00a0(Tarragona). Los atacantes ten\u00edan la intenci\u00f3n de perpetrar otro atropello masivo en la tur\u00edstica localidad tarraconense.<\/li>\n<li>A pesar de que las fuerzas de seguridad han logrado detener el ataque, cinco personas han resultado heridas al ser arrolladas por los terroristas y\u00a0<strong>una de ellas, una mujer, ha fallecido<\/strong>.<\/li>\n<li>Los atacantes abatidos portaban cinturones explosivos, aunque las autoridades catalanas han explicado que eran falsos.<\/li>\n<\/ul>\n<h3>Explosi\u00f3n en un chal\u00e9 de Alcanar<\/h3>\n<section id=\"sumario_3|foto\" class=\"sumario_foto centro\"><a name=\"sumario_3\"><\/a><\/p>\n<div class=\"sumario__interior\">\n<figure class=\"foto foto_w980\"><img loading=\"lazy\" decoding=\"async\" src=\"https:\/\/ep01.epimg.net\/politica\/imagenes\/2017\/08\/17\/actualidad\/1502984144_099524_1503051185_sumario_normal.jpg\" srcset=\"\/\/ep01.epimg.net\/politica\/imagenes\/2017\/08\/17\/actualidad\/1502984144_099524_1503051185_sumario_normal_recorte1.jpg 1960w, \/\/ep01.epimg.net\/politica\/imagenes\/2017\/08\/17\/actualidad\/1502984144_099524_1503051185_sumario_normal_recorte2.jpg 720w, \/\/ep01.epimg.net\/politica\/imagenes\/2017\/08\/17\/actualidad\/1502984144_099524_1503051185_sumario_normal.jpg 980w\" alt=\"Vivienda de Alcanar en la que se produjo la explosi\u00f3n la madrugada del jueves.\" width=\"980\" height=\"598\" \/><figcaption class=\"foto-pie\"><span class=\"foto-texto\">Vivienda de Alcanar en la que se produjo la explosi\u00f3n la madrugada del jueves.<\/span>\u00a0<span class=\"foto-firma\"><span class=\"foto-autor\">JAUME SELLART<\/span>\u00a0<span class=\"foto-agencia\">EFE<\/span><\/span><\/figcaption><\/figure>\n<div class=\"sumario-texto\"><\/div>\n<\/div>\n<\/section>\n<ul class=\"en_contenido\">\n<li>En Alcanar (Tarragona) se registr\u00f3 en la noche del mi\u00e9rcoles una explosi\u00f3n en una vivienda que mat\u00f3 a una persona y dej\u00f3 siete heridos. En un primer momento el hecho se atribuy\u00f3 a una acumulaci\u00f3n de gas pero, en la tarde del jueves,\u00a0las fuerzas de seguridad vincularon este suceso con el atentado de Barcelona.<\/li>\n<li>En el interior del edificio, ocupado desde hac\u00eda unos meses, se encontraron una veintena de bombonas de gas butano y propano.<\/li>\n<li>Uno de los ocupantes de la vivienda, nacido en Melilla, est\u00e1 herido y ha sido detenido. Evoluciona favorablemente de sus heridas y se ha convertido en una pista fundamental para la investigaci\u00f3n<\/li>\n<\/ul>\n<h3>Detenciones en Ripoll<\/h3>\n<section id=\"sumario_2|foto\" class=\"sumario_foto derecha\"><a name=\"sumario_2\"><\/a><\/p>\n<div class=\"sumario__interior\">\n<figure class=\"foto foto_w360\"><img loading=\"lazy\" decoding=\"async\" src=\"https:\/\/ep01.epimg.net\/politica\/imagenes\/2017\/08\/17\/actualidad\/1502984144_099524_1503044932_sumario_normal.png\" srcset=\"\/\/ep01.epimg.net\/politica\/imagenes\/2017\/08\/17\/actualidad\/1502984144_099524_1503044933_sumario_normal_recorte1.jpg 720w, \/\/ep01.epimg.net\/politica\/imagenes\/2017\/08\/17\/actualidad\/1502984144_099524_1503044932_sumario_normal.png 360w\" alt=\"Lo que se sabe de los atentados en Barcelona y Cambrils\" width=\"360\" height=\"428\" \/><\/figure>\n<div class=\"sumario-texto\"><\/div>\n<\/div>\n<\/section>\n<ul class=\"en_contenido\">\n<li>Las autoridades catalanas han detenido en Ripoll (Girona) a otros dos sospechosos\u00a0en relaci\u00f3n con el atentado. Seg\u00fan las fuerzas de seguridad, ninguno de ellos es el conductor de la furgoneta, que sigue huido. Se investiga una\u00a0<strong>c\u00e9lula formada por 12 terroristas<\/strong>.<\/li>\n<li>Uno de los arrestados en Ripoll es el marroqu\u00ed\u00a0Driss Oukabir, de 28 a\u00f1os, hermano del principal sospechoso. El otro\u00a0ha sido detenido en la ma\u00f1ana de este viernes.<\/li>\n<li>A mediod\u00eda del viernes, los Mossos han informado de una cuarta detenci\u00f3n.<\/li>\n<\/ul>\n<h3>Furgoneta en Vic y conductor muerto en Esplugas<\/h3>\n<ul class=\"en_contenido\">\n<li>El jueves, tras el atentado, se localiza una segunda furgoneta supuestamente alquilada por los terroristas en Vic (Barcelona). No se encuentran explosivos en su interior.<\/li>\n<li>El jueves, en el marco de las operaciones de vigilancia tras el atentado, losMossos d&#8217;Esquadra mataron al conductor de un veh\u00edculo que trat\u00f3 derebasar un control de la polic\u00eda en Esplugas de Llobregat. Tras atropellar y romperle el f\u00e9mur a un agente, fue abatido. Es de nacionalidad espa\u00f1ola y no tiene antecedentes. No tiene relaci\u00f3n con los detenidos.<\/li>\n<\/ul>\n<h3>Actos de condena: \u00abNo tinc por\u00bb<\/h3>\n<ul class=\"en_contenido\">\n<li>Los Reyes y el presidente del Gobierno, Mariano Rajoy, han participado junto a la vicepresidenta Soraya S\u00e1enz de Santamar\u00eda, el ministro del Interior, Juan Ignacio Zoido, y las autoridades catalanas en el\u00a0minuto de silencio celebrado en solidaridad con las v\u00edctimas\u00a0en la Plaza Catalunya.<\/li>\n<li>La multitud reunida en el centro de la ciudad condal ha coreado la frase \u00abNo tinc por\u00bb (No tengo miedo).<\/li>\n<\/ul>\n","protected":false},"excerpt":{"rendered":"<p>El ataque terrorista que ha dejado 14 muertos y centenares de heridos en Barcelona y Cambrils tiene al menos cinco frentes repartidos por Catalu\u00f1a. Hay cuatro detenidos El atentado terrorista que ayer sacudi\u00f3 el coraz\u00f3n de Barcelona con\u00a013 muertos y m\u00e1s de 100 heridos\u00a0es el resultado de una acci\u00f3n con varias ramificaciones y escenarios. El [&hellip;]<\/p>\n","protected":false},"author":4,"featured_media":65078,"comment_status":"open","ping_status":"open","sticky":false,"template":"","format":"standard","meta":{"footnotes":""},"categories":[85,84,83],"tags":[],"class_list":["post-65077","post","type-post","status-publish","format-standard","has-post-thumbnail","hentry","category-espana","category-otras-noticias","category-reportajes"],"_links":{"self":[{"href":"https:\/\/2horizontes.com\/index.php?rest_route=\/wp\/v2\/posts\/65077","targetHints":{"allow":["GET"]}}],"collection":[{"href":"https:\/\/2horizontes.com\/index.php?rest_route=\/wp\/v2\/posts"}],"about":[{"href":"https:\/\/2horizontes.com\/index.php?rest_route=\/wp\/v2\/types\/post"}],"author":[{"embeddable":true,"href":"https:\/\/2horizontes.com\/index.php?rest_route=\/wp\/v2\/users\/4"}],"replies":[{"embeddable":true,"href":"https:\/\/2horizontes.com\/index.php?rest_route=%2Fwp%2Fv2%2Fcomments&post=65077"}],"version-history":[{"count":1,"href":"https:\/\/2horizontes.com\/index.php?rest_route=\/wp\/v2\/posts\/65077\/revisions"}],"predecessor-version":[{"id":65079,"href":"https:\/\/2horizontes.com\/index.php?rest_route=\/wp\/v2\/posts\/65077\/revisions\/65079"}],"wp:featuredmedia":[{"embeddable":true,"href":"https:\/\/2horizontes.com\/index.php?rest_route=\/wp\/v2\/media\/65078"}],"wp:attachment":[{"href":"https:\/\/2horizontes.com\/index.php?rest_route=%2Fwp%2Fv2%2Fmedia&parent=65077"}],"wp:term":[{"taxonomy":"category","embeddable":true,"href":"https:\/\/2horizontes.com\/index.php?rest_route=%2Fwp%2Fv2%2Fcategories&post=65077"},{"taxonomy":"post_tag","embeddable":true,"href":"https:\/\/2horizontes.com\/index.php?rest_route=%2Fwp%2Fv2%2Ftags&post=65077"}],"curies":[{"name":"wp","href":"https:\/\/api.w.org\/{rel}","templated":true}]}}