{"id":65074,"date":"2017-08-18T12:57:05","date_gmt":"2017-08-18T11:57:05","guid":{"rendered":"http:\/\/2horizontes.com\/?p=65074"},"modified":"2017-08-18T12:57:05","modified_gmt":"2017-08-18T11:57:05","slug":"las-palomas-se-quedan-sin-espacio-en-la-plaza-de-catalunya","status":"publish","type":"post","link":"https:\/\/2horizontes.com\/?p=65074","title":{"rendered":"Las palomas se quedan sin espacio en la plaza de Catalunya"},"content":{"rendered":"<div id=\"articulo-titulares\" class=\"articulo-titulares\">\n<div class=\"articulo-subtitulos\">\n<h2 class=\"articulo-subtitulo\">Decenas de miles de personas llenan, emocionadas, el c\u00e9ntrico espacio durante el minuto de silencio en protesta por el atentado de La Rambla<\/h2>\n<\/div>\n<\/div>\n<aside id=\"compartir_superior\" class=\"compartir\">\n<div class=\"compartir__interior\">\n<p>Decenas de miles de personas, 130.000 seg\u00fan la Guardia Urbana, han llenado este viernes la c\u00e9ntrica plaza de Catalunya de Barcelona como\u00a0muestra de repulsa del brutal atentado que ayer cost\u00f3 la vida a 13 personas e hiri\u00f3 a otro centenar, la mayor\u00eda turistas, que paseaban a esa hora por la popular avenida que cruza la ciudad desde el centro hasta el mar. Despu\u00e9s de un minuto del sepulcral silencio que ha sido presidido por las m\u00e1ximas autoridades espa\u00f1olas \u2014encabezadas por el rey Felipe VI, el presidente del Gobierno Mariano Rajoy, el presidente de la Generalitat Carles Puigdemont, la alcaldesa, Ada Colau, y todos los l\u00edderes pol\u00edticos, espa\u00f1oles y catalanes\u2014, los asistentes han irrumpido en un largo aplauso de varios minutos seguido del grito de \u201c<em>No tinc por!\u201d<\/em>, \u201c\u00a1No tengo miedo!\u201d, coreado de forma un\u00e1nime. L\u00e1grimas, l\u00e1grimas y m\u00e1s l\u00e1grimas y emoci\u00f3n a flor de piel.<\/p>\n<p>Los asistentes, la mayor\u00eda ciudadanos de Barcelona, pero tambi\u00e9n turistas, sobre todo, italianos, franceses, alemanes e ingleses, como los que el d\u00eda anterior sufrieron el atentado barcelon\u00e9s, han acudido a la c\u00e9ntrica plaza una hora antes en absoluto silencio por el lado sur, desde Portal de l\u2019\u00c0ngel y la propia Rambla. Han tenido que\u00a0 hacer estoicas colas para que los agentes de seguridad registraran sus mochilas y bolsos. Las palomas, due\u00f1as y se\u00f1oras naturales de la plaza se han visto\u00a0 expulsadas y se han refugiado en los \u00e1rboles que la rodean.<\/p>\n<p>Para cientos de personas ha sido muy dif\u00edcil, por no decir imposible, llegar a la plaza de Catalunya. Riadas de gentes bajaban por Paseo de Gr\u00e0cia y Pau Claris para intentar llegar. No lo han conseguido por el cord\u00f3n de seguridad que imposibilitaba el acceso. Ha sido un minuto que casi dur\u00f3 10 porque la gente, arracimada en los laterales del paseo y en los lados de la Ronda de Sant Pere no se mov\u00eda y se sumaba al aplauso cuando el rumor de las palmas le llegaba. Silencio y m\u00e1s gritos de \u201cno tinc por!\u201d.<\/p>\n<section id=\"sumario_1|foto\" class=\"sumario_foto centro\"><a name=\"sumario_1\"><\/a><\/p>\n<div class=\"sumario__interior\">\n<figure class=\"foto foto_w980\"><img loading=\"lazy\" decoding=\"async\" src=\"https:\/\/ep01.epimg.net\/ccaa\/imagenes\/2017\/08\/18\/catalunya\/1503054666_160105_1503054905_sumario_normal.jpg\" srcset=\"\/\/ep01.epimg.net\/ccaa\/imagenes\/2017\/08\/18\/catalunya\/1503054666_160105_1503054905_sumario_normal_recorte1.jpg 1960w, \/\/ep01.epimg.net\/ccaa\/imagenes\/2017\/08\/18\/catalunya\/1503054666_160105_1503054905_sumario_normal_recorte2.jpg 720w, \/\/ep01.epimg.net\/ccaa\/imagenes\/2017\/08\/18\/catalunya\/1503054666_160105_1503054905_sumario_normal.jpg 980w\" alt=\"Felipe VI, Mariano Rajoy, Soraya Sa\u00e9nz de Santamaria, Zoido, Puigdemont, Colau y Forcadell, durante el minuto de silencio en la plaza de Catalunya.\" width=\"980\" height=\"654\" \/><figcaption class=\"foto-pie\"><span class=\"foto-texto\">Felipe VI, Mariano Rajoy, Soraya Sa\u00e9nz de Santamaria, Zoido, Puigdemont, Colau y Forcadell, durante el minuto de silencio en la plaza de Catalunya.<\/span>\u00a0<span class=\"foto-firma\"><span class=\"foto-autor\">ULY MARTIN<\/span><\/span><\/figcaption><\/figure>\n<div class=\"sumario-texto\"><\/div>\n<\/div>\n<\/section>\n<p>Cargados con sus m\u00f3viles, todo el mundo quer\u00eda inmortalizar el momento. Los primeros aplausos los ha arrancado un grupo de 20 personas que llegaron a la plaza portando rosas rojas. Como una ola, los aplausos se han extendido por toda la plaza. Los asistentes, sin consignas, sin apenas banderas: una\u00a0<em>estelada<\/em>, una\u00a0<em>senyera<\/em>\u00a0con cresp\u00f3n negro y una de la ciudad. Cuando una se\u00f1ora, subida en uno de los bancos, ha ondeado un bander\u00edn con la bandera espa\u00f1ola el grupo de personas a su lado le ha gritado \u201c\u00a1No hay banderas, no hay banderas!\u201d. Cuando la ha guardado todo el mundo la ha aplaudido. Al final, solo la pena y una evidencia: \u201cpod\u00edamos haber sido cualquiera\u201d.<\/p>\n<\/div>\n<\/aside>\n","protected":false},"excerpt":{"rendered":"<p>Decenas de miles de personas llenan, emocionadas, el c\u00e9ntrico espacio durante el minuto de silencio en protesta por el atentado de La Rambla Decenas de miles de personas, 130.000 seg\u00fan la Guardia Urbana, han llenado este viernes la c\u00e9ntrica plaza de Catalunya de Barcelona como\u00a0muestra de repulsa del brutal atentado que ayer cost\u00f3 la vida [&hellip;]<\/p>\n","protected":false},"author":4,"featured_media":65075,"comment_status":"open","ping_status":"open","sticky":false,"template":"","format":"standard","meta":{"footnotes":""},"categories":[85],"tags":[],"class_list":["post-65074","post","type-post","status-publish","format-standard","has-post-thumbnail","hentry","category-espana"],"_links":{"self":[{"href":"https:\/\/2horizontes.com\/index.php?rest_route=\/wp\/v2\/posts\/65074","targetHints":{"allow":["GET"]}}],"collection":[{"href":"https:\/\/2horizontes.com\/index.php?rest_route=\/wp\/v2\/posts"}],"about":[{"href":"https:\/\/2horizontes.com\/index.php?rest_route=\/wp\/v2\/types\/post"}],"author":[{"embeddable":true,"href":"https:\/\/2horizontes.com\/index.php?rest_route=\/wp\/v2\/users\/4"}],"replies":[{"embeddable":true,"href":"https:\/\/2horizontes.com\/index.php?rest_route=%2Fwp%2Fv2%2Fcomments&post=65074"}],"version-history":[{"count":1,"href":"https:\/\/2horizontes.com\/index.php?rest_route=\/wp\/v2\/posts\/65074\/revisions"}],"predecessor-version":[{"id":65076,"href":"https:\/\/2horizontes.com\/index.php?rest_route=\/wp\/v2\/posts\/65074\/revisions\/65076"}],"wp:featuredmedia":[{"embeddable":true,"href":"https:\/\/2horizontes.com\/index.php?rest_route=\/wp\/v2\/media\/65075"}],"wp:attachment":[{"href":"https:\/\/2horizontes.com\/index.php?rest_route=%2Fwp%2Fv2%2Fmedia&parent=65074"}],"wp:term":[{"taxonomy":"category","embeddable":true,"href":"https:\/\/2horizontes.com\/index.php?rest_route=%2Fwp%2Fv2%2Fcategories&post=65074"},{"taxonomy":"post_tag","embeddable":true,"href":"https:\/\/2horizontes.com\/index.php?rest_route=%2Fwp%2Fv2%2Ftags&post=65074"}],"curies":[{"name":"wp","href":"https:\/\/api.w.org\/{rel}","templated":true}]}}